{"id":37134,"date":"2020-12-22T11:30:07","date_gmt":"2020-12-22T14:30:07","guid":{"rendered":"http:\/\/labestiadeportiva.com\/lbd\/?p=37134"},"modified":"2020-12-22T13:38:54","modified_gmt":"2020-12-22T16:38:54","slug":"arranque-en-playa-larga","status":"publish","type":"post","link":"https:\/\/labestiadeportiva.com\/lbd\/arranque-en-playa-larga\/","title":{"rendered":"Arranque en Playa Larga"},"content":{"rendered":"<p><a href=\"http:\/\/labestiadeportiva.com\/lbd\/wp-content\/uploads\/2020\/12\/IMG-20201222-WA0005.jpg\"><img loading=\"lazy\" src=\"http:\/\/labestiadeportiva.com\/lbd\/wp-content\/uploads\/2020\/12\/IMG-20201222-WA0005-300x176.jpg\" alt=\"IMG-20201222-WA0005\" width=\"300\" height=\"176\" class=\"aligncenter size-medium wp-image-37142\" srcset=\"https:\/\/labestiadeportiva.com\/lbd\/wp-content\/uploads\/2020\/12\/IMG-20201222-WA0005-300x176.jpg 300w, https:\/\/labestiadeportiva.com\/lbd\/wp-content\/uploads\/2020\/12\/IMG-20201222-WA0005-1024x601.jpg 1024w, https:\/\/labestiadeportiva.com\/lbd\/wp-content\/uploads\/2020\/12\/IMG-20201222-WA0005.jpg 1280w\" sizes=\"(max-width: 300px) 100vw, 300px\" \/><\/a><br \/>\nEl pasado s\u00e1bado se puso en marcha el calendario de verano organizado por la Secretar\u00eda de Deportes y Juventud Provincial. Aguas abiertas y kayaks en el Canal Beagle se presentaron en forma competitiva y recreativa. <!--more--><\/p>\n<p>Si bien las acciones hab\u00edan comenzado semanas atr\u00e1s con el mountain bike para los m\u00e1s peque\u00f1os en el norte de la isla, el calendario veraniego se estren\u00f3 el pasado s\u00e1bado con la primera fecha de Aguas Abiertas o Fr\u00edas y el Kayak.<\/p>\n<p>En esta oportunidad el trabajo qued\u00f3 en manos de la Coordinaci\u00f3n de Deportes de Playa que cont\u00f3 con una jornada ideal en lo clim\u00e1tico entre d\u00edas complicados por la lluvia.<\/p>\n<p><a href=\"http:\/\/labestiadeportiva.com\/lbd\/wp-content\/uploads\/2020\/12\/IMG-20201222-WA0007.jpg\"><img loading=\"lazy\" src=\"http:\/\/labestiadeportiva.com\/lbd\/wp-content\/uploads\/2020\/12\/IMG-20201222-WA0007-300x186.jpg\" alt=\"IMG-20201222-WA0007\" width=\"300\" height=\"186\" class=\"aligncenter size-medium wp-image-37143\" srcset=\"https:\/\/labestiadeportiva.com\/lbd\/wp-content\/uploads\/2020\/12\/IMG-20201222-WA0007-300x186.jpg 300w, https:\/\/labestiadeportiva.com\/lbd\/wp-content\/uploads\/2020\/12\/IMG-20201222-WA0007.jpg 984w\" sizes=\"(max-width: 300px) 100vw, 300px\" \/><\/a><br \/>\nBuen n\u00famero de atletas en el inicio, alrededor de 50, que formaron parte de un circuito boyado de 250 metros.<\/p>\n<p>Los primeros en entrar en acci\u00f3n fueron los principiantes quienes cumplieron con un recorrido menor mientras que los m\u00e1s experimentados realizaron la distancia m\u00e1s exigente.<\/p>\n<p>Quien no pod\u00eda faltar en el evento fue la gente de NAF Ushuaia, que tiene como referente a Walter Ruano.<\/p>\n<p>Recordamos que este grupo realiza el nado sin protecci\u00f3n alguna, ellos transitaron en dos oportunidades el recorrido.<\/p>\n<p>El nadador riograndense Francisco \u00abDelf\u00edn\u00bb Picatto, uno de nuestros representantes m\u00e1s importante de los \u00faltimos tiempos, se destac\u00f3 sobre el resto en su segunda experiencia en las fr\u00edas aguas fueguinas.<\/p>\n<p>En el momento de los kayaks las escuelas ushuaienses entraron en escena con palistas menores de 10 a 16 a\u00f1os a cargo de los profesores Javier Siede y Atilio Mosca.<\/p>\n<p>Luego los m\u00e1s experimentados compitieron en una distancia de 6.000 metros donde Valent\u00edn Durretc se qued\u00f3 con el 1, Fernando Saldivia fue segundo completando el podio Walter Cayo.<\/p>\n<p>Los organizadores informaron que la continuidad de las acciones ser\u00e1 el 30 de enero traslad\u00e1ndose a la ciudad de R\u00edo Grande mientras que Tolhuin, el 28 de febrero, cerrar\u00e1 el cronograma de competencias.<\/p>\n<p><a href=\"http:\/\/labestiadeportiva.com\/lbd\/wp-content\/uploads\/2020\/12\/IMG-20201222-WA0006.jpg\"><img loading=\"lazy\" src=\"http:\/\/labestiadeportiva.com\/lbd\/wp-content\/uploads\/2020\/12\/IMG-20201222-WA0006-300x170.jpg\" alt=\"IMG-20201222-WA0006\" width=\"300\" height=\"170\" class=\"aligncenter size-medium wp-image-37144\" srcset=\"https:\/\/labestiadeportiva.com\/lbd\/wp-content\/uploads\/2020\/12\/IMG-20201222-WA0006-300x170.jpg 300w, https:\/\/labestiadeportiva.com\/lbd\/wp-content\/uploads\/2020\/12\/IMG-20201222-WA0006.jpg 626w\" sizes=\"(max-width: 300px) 100vw, 300px\" \/><\/a><br \/>\nEn cuanto a las primeras propuestas 2021 podemos citar Triatl\u00f3n el 10 de enero (Club AFASyN), 16 de enero Trail Running (Tolhuin), BMX y MTB el 23 de enero cerrando el primer mes del a\u00f1o pr\u00f3ximo el 31 con un Trail en R\u00edo Grande.<\/p>\n<p>Los n\u00fameros finales de la 1\u00b0 fecha<br \/>\n<a href=\"http:\/\/labestiadeportiva.com\/lbd\/wp-content\/uploads\/2020\/12\/Screenshot_20201220-1937592.png\"><img loading=\"lazy\" src=\"http:\/\/labestiadeportiva.com\/lbd\/wp-content\/uploads\/2020\/12\/Screenshot_20201220-1937592-300x72.png\" alt=\"Screenshot_20201220-193759~2\" width=\"300\" height=\"72\" class=\"aligncenter size-medium wp-image-37135\" srcset=\"https:\/\/labestiadeportiva.com\/lbd\/wp-content\/uploads\/2020\/12\/Screenshot_20201220-1937592-300x72.png 300w, https:\/\/labestiadeportiva.com\/lbd\/wp-content\/uploads\/2020\/12\/Screenshot_20201220-1937592-1024x246.png 1024w, https:\/\/labestiadeportiva.com\/lbd\/wp-content\/uploads\/2020\/12\/Screenshot_20201220-1937592.png 1080w\" sizes=\"(max-width: 300px) 100vw, 300px\" \/><\/a><\/p>\n<p><a href=\"http:\/\/labestiadeportiva.com\/lbd\/wp-content\/uploads\/2020\/12\/Screenshot_20201220-1938032.png\"><img loading=\"lazy\" src=\"http:\/\/labestiadeportiva.com\/lbd\/wp-content\/uploads\/2020\/12\/Screenshot_20201220-1938032-300x99.png\" alt=\"Screenshot_20201220-193803~2\" width=\"300\" height=\"99\" class=\"aligncenter size-medium wp-image-37136\" srcset=\"https:\/\/labestiadeportiva.com\/lbd\/wp-content\/uploads\/2020\/12\/Screenshot_20201220-1938032-300x99.png 300w, https:\/\/labestiadeportiva.com\/lbd\/wp-content\/uploads\/2020\/12\/Screenshot_20201220-1938032-1024x337.png 1024w, https:\/\/labestiadeportiva.com\/lbd\/wp-content\/uploads\/2020\/12\/Screenshot_20201220-1938032.png 1080w\" sizes=\"(max-width: 300px) 100vw, 300px\" \/><\/a><\/p>\n<p><a href=\"http:\/\/labestiadeportiva.com\/lbd\/wp-content\/uploads\/2020\/12\/Screenshot_20201220-1938072.png\"><img loading=\"lazy\" src=\"http:\/\/labestiadeportiva.com\/lbd\/wp-content\/uploads\/2020\/12\/Screenshot_20201220-1938072-300x88.png\" alt=\"Screenshot_20201220-193807~2\" width=\"300\" height=\"88\" class=\"aligncenter size-medium wp-image-37137\" srcset=\"https:\/\/labestiadeportiva.com\/lbd\/wp-content\/uploads\/2020\/12\/Screenshot_20201220-1938072-300x88.png 300w, https:\/\/labestiadeportiva.com\/lbd\/wp-content\/uploads\/2020\/12\/Screenshot_20201220-1938072-1024x300.png 1024w, https:\/\/labestiadeportiva.com\/lbd\/wp-content\/uploads\/2020\/12\/Screenshot_20201220-1938072.png 1080w\" sizes=\"(max-width: 300px) 100vw, 300px\" \/><\/a><\/p>\n<p><a href=\"http:\/\/labestiadeportiva.com\/lbd\/wp-content\/uploads\/2020\/12\/Screenshot_20201220-1938122.png\"><img loading=\"lazy\" src=\"http:\/\/labestiadeportiva.com\/lbd\/wp-content\/uploads\/2020\/12\/Screenshot_20201220-1938122-300x103.png\" alt=\"Screenshot_20201220-193812~2\" width=\"300\" height=\"103\" class=\"aligncenter size-medium wp-image-37138\" srcset=\"https:\/\/labestiadeportiva.com\/lbd\/wp-content\/uploads\/2020\/12\/Screenshot_20201220-1938122-300x103.png 300w, https:\/\/labestiadeportiva.com\/lbd\/wp-content\/uploads\/2020\/12\/Screenshot_20201220-1938122-1024x350.png 1024w, https:\/\/labestiadeportiva.com\/lbd\/wp-content\/uploads\/2020\/12\/Screenshot_20201220-1938122.png 1080w\" sizes=\"(max-width: 300px) 100vw, 300px\" \/><\/a><\/p>\n<p><a href=\"http:\/\/labestiadeportiva.com\/lbd\/wp-content\/uploads\/2020\/12\/Screenshot_20201220-1938162.png\"><img loading=\"lazy\" src=\"http:\/\/labestiadeportiva.com\/lbd\/wp-content\/uploads\/2020\/12\/Screenshot_20201220-1938162-300x124.png\" alt=\"Screenshot_20201220-193816~2\" width=\"300\" height=\"124\" class=\"aligncenter size-medium wp-image-37139\" srcset=\"https:\/\/labestiadeportiva.com\/lbd\/wp-content\/uploads\/2020\/12\/Screenshot_20201220-1938162-300x124.png 300w, https:\/\/labestiadeportiva.com\/lbd\/wp-content\/uploads\/2020\/12\/Screenshot_20201220-1938162-1024x423.png 1024w, https:\/\/labestiadeportiva.com\/lbd\/wp-content\/uploads\/2020\/12\/Screenshot_20201220-1938162.png 1080w\" sizes=\"(max-width: 300px) 100vw, 300px\" \/><\/a><\/p>\n<p><a href=\"http:\/\/labestiadeportiva.com\/lbd\/wp-content\/uploads\/2020\/12\/Screenshot_20201220-1938202.png\"><img loading=\"lazy\" src=\"http:\/\/labestiadeportiva.com\/lbd\/wp-content\/uploads\/2020\/12\/Screenshot_20201220-1938202-300x71.png\" alt=\"Screenshot_20201220-193820~2\" width=\"300\" height=\"71\" class=\"aligncenter size-medium wp-image-37140\" srcset=\"https:\/\/labestiadeportiva.com\/lbd\/wp-content\/uploads\/2020\/12\/Screenshot_20201220-1938202-300x71.png 300w, https:\/\/labestiadeportiva.com\/lbd\/wp-content\/uploads\/2020\/12\/Screenshot_20201220-1938202-1024x241.png 1024w, https:\/\/labestiadeportiva.com\/lbd\/wp-content\/uploads\/2020\/12\/Screenshot_20201220-1938202.png 1080w\" sizes=\"(max-width: 300px) 100vw, 300px\" \/><\/a><\/p>\n<p><a href=\"http:\/\/labestiadeportiva.com\/lbd\/wp-content\/uploads\/2020\/12\/Screenshot_20201220-1938242.png\"><img loading=\"lazy\" src=\"http:\/\/labestiadeportiva.com\/lbd\/wp-content\/uploads\/2020\/12\/Screenshot_20201220-1938242-300x136.png\" alt=\"Screenshot_20201220-193824~2\" width=\"300\" height=\"136\" class=\"aligncenter size-medium wp-image-37141\" srcset=\"https:\/\/labestiadeportiva.com\/lbd\/wp-content\/uploads\/2020\/12\/Screenshot_20201220-1938242-300x136.png 300w, https:\/\/labestiadeportiva.com\/lbd\/wp-content\/uploads\/2020\/12\/Screenshot_20201220-1938242-1024x464.png 1024w, https:\/\/labestiadeportiva.com\/lbd\/wp-content\/uploads\/2020\/12\/Screenshot_20201220-1938242.png 1080w\" sizes=\"(max-width: 300px) 100vw, 300px\" \/><\/a><\/p>\n<div class='epvc-post-count'><span class='epvc-eye'><\/span>  <span class=\"epvc-count\"> 1.168<\/span><span class='epvc-label'> veces le\u00edda<\/span><\/div>\n<div class=\"jwsharethis\">\nShare this: \n<br \/>\n<a href=\"mailto:?subject=Arranque%20en%20Playa%20Larga&amp;body=https%3A%2F%2Flabestiadeportiva.com%2Flbd%2Farranque-en-playa-larga%2F\">\n<img src=\"https:\/\/labestiadeportiva.com\/lbd\/wp-content\/plugins\/jw-share-this\/email.png\" alt=\"Share this page via Email\" \/>\n<\/a>\n<a target=\"_blank\" href=\"http:\/\/www.stumbleupon.com\/submit?url=https%3A%2F%2Flabestiadeportiva.com%2Flbd%2Farranque-en-playa-larga%2F&amp;title=Arranque+en+Playa+Larga\">\n<img src=\"https:\/\/labestiadeportiva.com\/lbd\/wp-content\/plugins\/jw-share-this\/su.png\" alt=\"Share this page via Stumble Upon\" \/>\n<\/a>\n<a target=\"_blank\" href=\"http:\/\/digg.com\/submit?url=https%3A%2F%2Flabestiadeportiva.com%2Flbd%2Farranque-en-playa-larga%2F&amp;title=Arranque+en+Playa+Larga\">\n<img src=\"https:\/\/labestiadeportiva.com\/lbd\/wp-content\/plugins\/jw-share-this\/digg.png\" alt=\"Share this page via Digg this\" \/>\n<\/a>\n<a target=\"_blank\" href=\"http:\/\/www.facebook.com\/sharer.php?u=https%3A%2F%2Flabestiadeportiva.com%2Flbd%2Farranque-en-playa-larga%2F&amp;t=Arranque+en+Playa+Larga\">\n<img src=\"https:\/\/labestiadeportiva.com\/lbd\/wp-content\/plugins\/jw-share-this\/fb.png\" alt=\"Share this page via Facebook\" \/>\n<\/a>\n<a target=\"_blank\" href=\"http:\/\/twitter.com\/intent\/tweet?text=I+like+https%3A%2F%2Flabestiadeportiva.com%2Flbd%2Farranque-en-playa-larga%2F&amp;title=Arranque+en+Playa+Larga\">\n<img src=\"https:\/\/labestiadeportiva.com\/lbd\/wp-content\/plugins\/jw-share-this\/twitter.png\" alt=\"Share this page via Twitter\" \/>\n<\/a>\n<\/div>\n","protected":false},"excerpt":{"rendered":"<p>El pasado s\u00e1bado se puso en marcha el calendario de verano organizado por la Secretar\u00eda de Deportes y Juventud Provincial. Aguas abiertas y kayaks en el Canal Beagle se presentaron en forma competitiva y recreativa. 1.168 veces le\u00edda Share this:<\/p>\n","protected":false},"author":1,"featured_media":37142,"comment_status":"open","ping_status":"open","sticky":false,"template":"","format":"standard","meta":[],"categories":[5,3354,2088,1,3555],"tags":[4385,3660,640],"_links":{"self":[{"href":"https:\/\/labestiadeportiva.com\/lbd\/wp-json\/wp\/v2\/posts\/37134"}],"collection":[{"href":"https:\/\/labestiadeportiva.com\/lbd\/wp-json\/wp\/v2\/posts"}],"about":[{"href":"https:\/\/labestiadeportiva.com\/lbd\/wp-json\/wp\/v2\/types\/post"}],"author":[{"embeddable":true,"href":"https:\/\/labestiadeportiva.com\/lbd\/wp-json\/wp\/v2\/users\/1"}],"replies":[{"embeddable":true,"href":"https:\/\/labestiadeportiva.com\/lbd\/wp-json\/wp\/v2\/comments?post=37134"}],"version-history":[{"count":2,"href":"https:\/\/labestiadeportiva.com\/lbd\/wp-json\/wp\/v2\/posts\/37134\/revisions"}],"predecessor-version":[{"id":37160,"href":"https:\/\/labestiadeportiva.com\/lbd\/wp-json\/wp\/v2\/posts\/37134\/revisions\/37160"}],"wp:featuredmedia":[{"embeddable":true,"href":"https:\/\/labestiadeportiva.com\/lbd\/wp-json\/wp\/v2\/media\/37142"}],"wp:attachment":[{"href":"https:\/\/labestiadeportiva.com\/lbd\/wp-json\/wp\/v2\/media?parent=37134"}],"wp:term":[{"taxonomy":"category","embeddable":true,"href":"https:\/\/labestiadeportiva.com\/lbd\/wp-json\/wp\/v2\/categories?post=37134"},{"taxonomy":"post_tag","embeddable":true,"href":"https:\/\/labestiadeportiva.com\/lbd\/wp-json\/wp\/v2\/tags?post=37134"}],"curies":[{"name":"wp","href":"https:\/\/api.w.org\/{rel}","templated":true}]}}