{"id":37202,"date":"2020-12-30T12:18:38","date_gmt":"2020-12-30T15:18:38","guid":{"rendered":"http:\/\/labestiadeportiva.com\/lbd\/?p=37202"},"modified":"2020-12-30T12:18:38","modified_gmt":"2020-12-30T15:18:38","slug":"con-el-superclasico-a-la-vista","status":"publish","type":"post","link":"https:\/\/labestiadeportiva.com\/lbd\/con-el-superclasico-a-la-vista\/","title":{"rendered":"Con el Supercl\u00e1sico a la vista"},"content":{"rendered":"<p>Por Javier Nicol\u00e1s Baroli (Corresponsal LBD en R\u00edo Gallegos)<\/p>\n<p><a href=\"http:\/\/labestiadeportiva.com\/lbd\/wp-content\/uploads\/2020\/12\/IMG-20201230-WA0023.jpg\"><img loading=\"lazy\" src=\"http:\/\/labestiadeportiva.com\/lbd\/wp-content\/uploads\/2020\/12\/IMG-20201230-WA0023-300x169.jpg\" alt=\"IMG-20201230-WA0023\" width=\"300\" height=\"169\" class=\"aligncenter size-medium wp-image-37203\" srcset=\"https:\/\/labestiadeportiva.com\/lbd\/wp-content\/uploads\/2020\/12\/IMG-20201230-WA0023-300x169.jpg 300w, https:\/\/labestiadeportiva.com\/lbd\/wp-content\/uploads\/2020\/12\/IMG-20201230-WA0023.jpg 420w\" sizes=\"(max-width: 300px) 100vw, 300px\" \/><\/a><br \/>\nSe complet\u00f3 la tercera fecha de la Copa Diego Armando Maradona , con River y Boca como punteros del Grupo A de la Zona Campeonato, que tiene a los principales candidatos.<!--more--><\/p>\n<p>La Copa Diego Armando Maradona comienza a pagar su deuda con el espect\u00e1culo y los amantes del f\u00fatbol. Millonarios y Xeneizes llegar\u00e1n punteros al compromiso del pr\u00f3ximo s\u00e1bado: nada menos que el supercl\u00e1sico, que se disputar\u00e1 en la Bombonera desde las 21.30. <\/p>\n<p>Por el Grupo B, el \u00fanico puntero es Banfield, que le gan\u00f3 2-1 a Col\u00f3n en Santa Fe y sigue al tope con puntaje ideal, siendo sin dudas la revelaci\u00f3n del certamen. <\/p>\n<p>La cuarta fecha, pen\u00faltima de la segunda etapa de la Copa Maradona, comenzar\u00e1 el s\u00e1bado por la tarde con el duelo entre Central y Defensa, mientras que por la noche se disputar\u00e1 el supercl\u00e1sico. Por el Grupo B, Banfield visitar\u00e1 el lunes a Talleres; en caso de ganar en C\u00f3rdoba, el \u00abTaladro\u00bb se convertir\u00e1 en el primer finalista. <\/p>\n<p>El f\u00fatbol Argentino de primera divisi\u00f3n continuar\u00e1 el pr\u00f3ximo fin de semana, con esta programaci\u00f3n:<\/p>\n<p>Zona Campeonato \/ cuarta fecha <\/p>\n<p>-Grupo A- <\/p>\n<p>S\u00e1bado 2\/1, a las 21.30: Boca &#8211; River <\/p>\n<p>Domingo 3\/1, a las 17.10: Independiente &#8211; Arsenal <\/p>\n<p>Martes 5\/1, a las 19.20: Hurac\u00e1n &#8211; Argentinos <\/p>\n<p>-Grupo B- <\/p>\n<p>Lunes 4\/1, a las 19.20: San Lorenzo &#8211; Gimnasia <\/p>\n<p>Lunes 4\/1, a las 21.30: Talleres &#8211; Banfield <\/p>\n<p>Martes 5\/1, a las 21.30: Atl\u00e9tico Tucum\u00e1n &#8211; Col\u00f3n <\/p>\n<p>Zona Complementaci\u00f3n <\/p>\n<p>-Grupo A-<\/p>\n<p>S\u00e1bado 2\/1, a las 17.30: Rosario Central &#8211; Defensa y Justicia <\/p>\n<p>Domingo 3\/1, a las 19.20: Patronato &#8211; Lan\u00fas <\/p>\n<p>Lunes 4\/1, a las 17.10: Aldosivi &#8211; Uni\u00f3n <\/p>\n<p>-Grupo B <\/p>\n<p>Domingo 3\/1, a las 19.20: Newell&#8217;s &#8211; V\u00e9lez <\/p>\n<p>Domingo 3\/1, a las 21.30: Central C\u00f3rdoba &#8211; Racing <\/p>\n<p>Martes 5\/1, a las 19.20: Godoy Cruz &#8211; Estudiantes<\/p>\n<div class='epvc-post-count'><span class='epvc-eye'><\/span>  <span class=\"epvc-count\"> 953<\/span><span class='epvc-label'> veces le\u00edda<\/span><\/div>\n<div class=\"jwsharethis\">\nShare this: \n<br \/>\n<a href=\"mailto:?subject=Con%20el%20Supercl%C3%A1sico%20a%20la%20vista&amp;body=https%3A%2F%2Flabestiadeportiva.com%2Flbd%2Fcon-el-superclasico-a-la-vista%2F\">\n<img src=\"https:\/\/labestiadeportiva.com\/lbd\/wp-content\/plugins\/jw-share-this\/email.png\" alt=\"Share this page via Email\" \/>\n<\/a>\n<a target=\"_blank\" href=\"http:\/\/www.stumbleupon.com\/submit?url=https%3A%2F%2Flabestiadeportiva.com%2Flbd%2Fcon-el-superclasico-a-la-vista%2F&amp;title=Con+el+Supercl%C3%A1sico+a+la+vista\">\n<img src=\"https:\/\/labestiadeportiva.com\/lbd\/wp-content\/plugins\/jw-share-this\/su.png\" alt=\"Share this page via Stumble Upon\" \/>\n<\/a>\n<a target=\"_blank\" href=\"http:\/\/digg.com\/submit?url=https%3A%2F%2Flabestiadeportiva.com%2Flbd%2Fcon-el-superclasico-a-la-vista%2F&amp;title=Con+el+Supercl%C3%A1sico+a+la+vista\">\n<img src=\"https:\/\/labestiadeportiva.com\/lbd\/wp-content\/plugins\/jw-share-this\/digg.png\" alt=\"Share this page via Digg this\" \/>\n<\/a>\n<a target=\"_blank\" href=\"http:\/\/www.facebook.com\/sharer.php?u=https%3A%2F%2Flabestiadeportiva.com%2Flbd%2Fcon-el-superclasico-a-la-vista%2F&amp;t=Con+el+Supercl%C3%A1sico+a+la+vista\">\n<img src=\"https:\/\/labestiadeportiva.com\/lbd\/wp-content\/plugins\/jw-share-this\/fb.png\" alt=\"Share this page via Facebook\" \/>\n<\/a>\n<a target=\"_blank\" href=\"http:\/\/twitter.com\/intent\/tweet?text=I+like+https%3A%2F%2Flabestiadeportiva.com%2Flbd%2Fcon-el-superclasico-a-la-vista%2F&amp;title=Con+el+Supercl%C3%A1sico+a+la+vista\">\n<img src=\"https:\/\/labestiadeportiva.com\/lbd\/wp-content\/plugins\/jw-share-this\/twitter.png\" alt=\"Share this page via Twitter\" \/>\n<\/a>\n<\/div>\n","protected":false},"excerpt":{"rendered":"<p>Por Javier Nicol\u00e1s Baroli (Corresponsal LBD en R\u00edo Gallegos) Se complet\u00f3 la tercera fecha de la Copa Diego Armando Maradona , con River y Boca como punteros del Grupo A de la Zona Campeonato, que tiene a los principales candidatos. 953 veces le\u00edda Share this:<\/p>\n","protected":false},"author":1,"featured_media":37203,"comment_status":"open","ping_status":"open","sticky":false,"template":"","format":"standard","meta":[],"categories":[6,4386,1],"tags":[4391,17,3660],"_links":{"self":[{"href":"https:\/\/labestiadeportiva.com\/lbd\/wp-json\/wp\/v2\/posts\/37202"}],"collection":[{"href":"https:\/\/labestiadeportiva.com\/lbd\/wp-json\/wp\/v2\/posts"}],"about":[{"href":"https:\/\/labestiadeportiva.com\/lbd\/wp-json\/wp\/v2\/types\/post"}],"author":[{"embeddable":true,"href":"https:\/\/labestiadeportiva.com\/lbd\/wp-json\/wp\/v2\/users\/1"}],"replies":[{"embeddable":true,"href":"https:\/\/labestiadeportiva.com\/lbd\/wp-json\/wp\/v2\/comments?post=37202"}],"version-history":[{"count":1,"href":"https:\/\/labestiadeportiva.com\/lbd\/wp-json\/wp\/v2\/posts\/37202\/revisions"}],"predecessor-version":[{"id":37204,"href":"https:\/\/labestiadeportiva.com\/lbd\/wp-json\/wp\/v2\/posts\/37202\/revisions\/37204"}],"wp:featuredmedia":[{"embeddable":true,"href":"https:\/\/labestiadeportiva.com\/lbd\/wp-json\/wp\/v2\/media\/37203"}],"wp:attachment":[{"href":"https:\/\/labestiadeportiva.com\/lbd\/wp-json\/wp\/v2\/media?parent=37202"}],"wp:term":[{"taxonomy":"category","embeddable":true,"href":"https:\/\/labestiadeportiva.com\/lbd\/wp-json\/wp\/v2\/categories?post=37202"},{"taxonomy":"post_tag","embeddable":true,"href":"https:\/\/labestiadeportiva.com\/lbd\/wp-json\/wp\/v2\/tags?post=37202"}],"curies":[{"name":"wp","href":"https:\/\/api.w.org\/{rel}","templated":true}]}}