{"id":37547,"date":"2021-02-04T11:16:18","date_gmt":"2021-02-04T14:16:18","guid":{"rendered":"http:\/\/labestiadeportiva.com\/lbd\/?p=37547"},"modified":"2021-02-04T11:20:11","modified_gmt":"2021-02-04T14:20:11","slug":"es-un-proyecto-nuevo-me-contrataron-para-hacerme-cargo-de-todo-el-basquet-del-club-audio","status":"publish","type":"post","link":"https:\/\/labestiadeportiva.com\/lbd\/es-un-proyecto-nuevo-me-contrataron-para-hacerme-cargo-de-todo-el-basquet-del-club-audio\/","title":{"rendered":"\u00abEs un proyecto nuevo, me contrataron para hacerme cargo de todo el b\u00e1squet del club\u00bb (Audio)"},"content":{"rendered":"<p><a href=\"http:\/\/labestiadeportiva.com\/lbd\/wp-content\/uploads\/2021\/02\/Screenshot_20210203-1327333.png\"><img loading=\"lazy\" src=\"http:\/\/labestiadeportiva.com\/lbd\/wp-content\/uploads\/2021\/02\/Screenshot_20210203-1327333-300x229.png\" alt=\"Screenshot_20210203-132733~3\" width=\"300\" height=\"229\" class=\"aligncenter size-medium wp-image-37549\" srcset=\"https:\/\/labestiadeportiva.com\/lbd\/wp-content\/uploads\/2021\/02\/Screenshot_20210203-1327333-300x229.png 300w, https:\/\/labestiadeportiva.com\/lbd\/wp-content\/uploads\/2021\/02\/Screenshot_20210203-1327333-1024x780.png 1024w, https:\/\/labestiadeportiva.com\/lbd\/wp-content\/uploads\/2021\/02\/Screenshot_20210203-1327333.png 1080w\" sizes=\"(max-width: 300px) 100vw, 300px\" \/><\/a><br \/>\nExtensa y amena charla con Lisandro Salles. El ex entrenador de Club de Amigos y Centro Espa\u00f1ol (Neuqu\u00e9n) ya se encuentra en la provincia de San Juan al frente de Jachal, su nuevo desaf\u00edo.<\/p>\n<p>Compartimos los detalles en la entrevista lograda este mi\u00e9rcoles en la 94.1 FM del Sur.<!--more--><\/p>\n<p><iframe loading=\"lazy\" width=\"560\" height=\"315\" src=\"https:\/\/www.youtube.com\/embed\/HF3_KK0PBsY\" frameborder=\"0\" allow=\"accelerometer; autoplay; clipboard-write; encrypted-media; gyroscope; picture-in-picture\" allowfullscreen><\/iframe><\/p>\n<div class='epvc-post-count'><span class='epvc-eye'><\/span>  <span class=\"epvc-count\"> 926<\/span><span class='epvc-label'> veces le\u00edda<\/span><\/div>\n<div class=\"jwsharethis\">\nShare this: \n<br \/>\n<a href=\"mailto:?subject=%C2%ABEs%20un%20proyecto%20nuevo%2C%20me%20contrataron%20para%20hacerme%20cargo%20de%20todo%20el%20b%C3%A1squet%20del%20club%C2%BB%20%28Audio%29&amp;body=https%3A%2F%2Flabestiadeportiva.com%2Flbd%2Fes-un-proyecto-nuevo-me-contrataron-para-hacerme-cargo-de-todo-el-basquet-del-club-audio%2F\">\n<img src=\"https:\/\/labestiadeportiva.com\/lbd\/wp-content\/plugins\/jw-share-this\/email.png\" alt=\"Share this page via Email\" \/>\n<\/a>\n<a target=\"_blank\" href=\"http:\/\/www.stumbleupon.com\/submit?url=https%3A%2F%2Flabestiadeportiva.com%2Flbd%2Fes-un-proyecto-nuevo-me-contrataron-para-hacerme-cargo-de-todo-el-basquet-del-club-audio%2F&amp;title=%C2%ABEs+un+proyecto+nuevo%2C+me+contrataron+para+hacerme+cargo+de+todo+el+b%C3%A1squet+del+club%C2%BB+%28Audio%29\">\n<img src=\"https:\/\/labestiadeportiva.com\/lbd\/wp-content\/plugins\/jw-share-this\/su.png\" alt=\"Share this page via Stumble Upon\" \/>\n<\/a>\n<a target=\"_blank\" href=\"http:\/\/digg.com\/submit?url=https%3A%2F%2Flabestiadeportiva.com%2Flbd%2Fes-un-proyecto-nuevo-me-contrataron-para-hacerme-cargo-de-todo-el-basquet-del-club-audio%2F&amp;title=%C2%ABEs+un+proyecto+nuevo%2C+me+contrataron+para+hacerme+cargo+de+todo+el+b%C3%A1squet+del+club%C2%BB+%28Audio%29\">\n<img src=\"https:\/\/labestiadeportiva.com\/lbd\/wp-content\/plugins\/jw-share-this\/digg.png\" alt=\"Share this page via Digg this\" \/>\n<\/a>\n<a target=\"_blank\" href=\"http:\/\/www.facebook.com\/sharer.php?u=https%3A%2F%2Flabestiadeportiva.com%2Flbd%2Fes-un-proyecto-nuevo-me-contrataron-para-hacerme-cargo-de-todo-el-basquet-del-club-audio%2F&amp;t=%C2%ABEs+un+proyecto+nuevo%2C+me+contrataron+para+hacerme+cargo+de+todo+el+b%C3%A1squet+del+club%C2%BB+%28Audio%29\">\n<img src=\"https:\/\/labestiadeportiva.com\/lbd\/wp-content\/plugins\/jw-share-this\/fb.png\" alt=\"Share this page via Facebook\" \/>\n<\/a>\n<a target=\"_blank\" href=\"http:\/\/twitter.com\/intent\/tweet?text=I+like+https%3A%2F%2Flabestiadeportiva.com%2Flbd%2Fes-un-proyecto-nuevo-me-contrataron-para-hacerme-cargo-de-todo-el-basquet-del-club-audio%2F&amp;title=%C2%ABEs+un+proyecto+nuevo%2C+me+contrataron+para+hacerme+cargo+de+todo+el+b%C3%A1squet+del+club%C2%BB+%28Audio%29\">\n<img src=\"https:\/\/labestiadeportiva.com\/lbd\/wp-content\/plugins\/jw-share-this\/twitter.png\" alt=\"Share this page via Twitter\" \/>\n<\/a>\n<\/div>\n","protected":false},"excerpt":{"rendered":"<p>Extensa y amena charla con Lisandro Salles. El ex entrenador de Club de Amigos y Centro Espa\u00f1ol (Neuqu\u00e9n) ya se encuentra en la provincia de San Juan al frente de Jachal, su nuevo desaf\u00edo. Compartimos los detalles en la entrevista lograda este mi\u00e9rcoles en la 94.1 FM del Sur. 926 veces le\u00edda Share this:<\/p>\n","protected":false},"author":1,"featured_media":37549,"comment_status":"open","ping_status":"open","sticky":false,"template":"","format":"standard","meta":[],"categories":[410,6,60,1],"tags":[],"_links":{"self":[{"href":"https:\/\/labestiadeportiva.com\/lbd\/wp-json\/wp\/v2\/posts\/37547"}],"collection":[{"href":"https:\/\/labestiadeportiva.com\/lbd\/wp-json\/wp\/v2\/posts"}],"about":[{"href":"https:\/\/labestiadeportiva.com\/lbd\/wp-json\/wp\/v2\/types\/post"}],"author":[{"embeddable":true,"href":"https:\/\/labestiadeportiva.com\/lbd\/wp-json\/wp\/v2\/users\/1"}],"replies":[{"embeddable":true,"href":"https:\/\/labestiadeportiva.com\/lbd\/wp-json\/wp\/v2\/comments?post=37547"}],"version-history":[{"count":2,"href":"https:\/\/labestiadeportiva.com\/lbd\/wp-json\/wp\/v2\/posts\/37547\/revisions"}],"predecessor-version":[{"id":37550,"href":"https:\/\/labestiadeportiva.com\/lbd\/wp-json\/wp\/v2\/posts\/37547\/revisions\/37550"}],"wp:featuredmedia":[{"embeddable":true,"href":"https:\/\/labestiadeportiva.com\/lbd\/wp-json\/wp\/v2\/media\/37549"}],"wp:attachment":[{"href":"https:\/\/labestiadeportiva.com\/lbd\/wp-json\/wp\/v2\/media?parent=37547"}],"wp:term":[{"taxonomy":"category","embeddable":true,"href":"https:\/\/labestiadeportiva.com\/lbd\/wp-json\/wp\/v2\/categories?post=37547"},{"taxonomy":"post_tag","embeddable":true,"href":"https:\/\/labestiadeportiva.com\/lbd\/wp-json\/wp\/v2\/tags?post=37547"}],"curies":[{"name":"wp","href":"https:\/\/api.w.org\/{rel}","templated":true}]}}