{"id":37625,"date":"2021-02-15T22:26:57","date_gmt":"2021-02-16T01:26:57","guid":{"rendered":"http:\/\/labestiadeportiva.com\/lbd\/?p=37625"},"modified":"2021-02-15T22:28:53","modified_gmt":"2021-02-16T01:28:53","slug":"nico-lima-y-maria-giro-a-eslovenia","status":"publish","type":"post","link":"https:\/\/labestiadeportiva.com\/lbd\/nico-lima-y-maria-giro-a-eslovenia\/","title":{"rendered":"\u00abNico\u00bb Lima y Mar\u00eda Gir\u00f3 a Eslovenia"},"content":{"rendered":"<p><a href=\"http:\/\/labestiadeportiva.com\/lbd\/wp-content\/uploads\/2021\/02\/IMG-20210215-WA00703.jpg\"><img loading=\"lazy\" src=\"http:\/\/labestiadeportiva.com\/lbd\/wp-content\/uploads\/2021\/02\/IMG-20210215-WA00703-300x269.jpg\" alt=\"IMG-20210215-WA0070~3\" width=\"300\" height=\"269\" class=\"aligncenter size-medium wp-image-37626\" srcset=\"https:\/\/labestiadeportiva.com\/lbd\/wp-content\/uploads\/2021\/02\/IMG-20210215-WA00703-300x269.jpg 300w, https:\/\/labestiadeportiva.com\/lbd\/wp-content\/uploads\/2021\/02\/IMG-20210215-WA00703.jpg 396w\" sizes=\"(max-width: 300px) 100vw, 300px\" \/><\/a><br \/>\nEl atleta integral, Nicol\u00e1s Lima, junto a su entrenadora Mar\u00eda Gir\u00f3 comenzar\u00e1n el pr\u00f3ximo s\u00e1bado el viaje hacia la fecha de Copa del Mundo de Esqu\u00ed de Fondo Adaptado que se realizar\u00e1 del 3 al 10 de Marzo. <\/p>\n<p>El objetivo principal es ir en busca de un cupo para Argentina en los Juegos Paral\u00edmpicos de Invierno 2022. Desde LBD, los detalles.<!--more--><\/p>\n<p>En cuanto al vieje s\u00e1bado a la noche Buenos Aires para el lunes continuar hacia Eslovenia v\u00eda Venecia.<\/p>\n<p>La idea original era ir al mundial de Noruega que fue cancelado. Luego de ello aparecieron dos fechas de Copa del Mundo, Eslovenia (del 3 al 10 de Marzo) y Finlandia. (del 15 al 25 de Marzo)<\/p>\n<p>Gracias a los apoyos de la Secretaria de Deportes de Naci\u00f3n y Secretaria de Deportes y Juventud Provincial los recursos no sobran y los fueguinos estar\u00e1n presentes en la primera cita.<\/p>\n<p>\u00abNico\u00bb debe sumar puntos imperiosamente  para poder lograr la clasificaci\u00f3n. Antes del 3 de Mayo necesita cerrar alguna competencia con puntos IPC dado que hace m\u00e1s de un a\u00f1o y medio que no participa perdiendo su posici\u00f3n en el ranking.<\/p>\n<p>En breve comenzar\u00e1 el viaje con gran expectativa, ilusi\u00f3n y ganas de mostrarle al mundo lo que el \u00abTibur\u00f3n\u00bb Lima puede hacer con los bastones y tablas.<br \/>\n<a href=\"http:\/\/labestiadeportiva.com\/lbd\/wp-content\/uploads\/2021\/02\/IMG-20210215-WA00693.jpg\"><img loading=\"lazy\" src=\"http:\/\/labestiadeportiva.com\/lbd\/wp-content\/uploads\/2021\/02\/IMG-20210215-WA00693-300x300.jpg\" alt=\"IMG-20210215-WA0069~3\" width=\"300\" height=\"300\" class=\"aligncenter size-medium wp-image-37627\" srcset=\"https:\/\/labestiadeportiva.com\/lbd\/wp-content\/uploads\/2021\/02\/IMG-20210215-WA00693-300x300.jpg 300w, https:\/\/labestiadeportiva.com\/lbd\/wp-content\/uploads\/2021\/02\/IMG-20210215-WA00693-150x150.jpg 150w, https:\/\/labestiadeportiva.com\/lbd\/wp-content\/uploads\/2021\/02\/IMG-20210215-WA00693-160x160.jpg 160w, https:\/\/labestiadeportiva.com\/lbd\/wp-content\/uploads\/2021\/02\/IMG-20210215-WA00693-320x320.jpg 320w, https:\/\/labestiadeportiva.com\/lbd\/wp-content\/uploads\/2021\/02\/IMG-20210215-WA00693-60x60.jpg 60w, https:\/\/labestiadeportiva.com\/lbd\/wp-content\/uploads\/2021\/02\/IMG-20210215-WA00693.jpg 581w\" sizes=\"(max-width: 300px) 100vw, 300px\" \/><\/a><\/p>\n<div class='epvc-post-count'><span class='epvc-eye'><\/span>  <span class=\"epvc-count\"> 1.164<\/span><span class='epvc-label'> veces le\u00edda<\/span><\/div>\n<div class=\"jwsharethis\">\nShare this: \n<br \/>\n<a href=\"mailto:?subject=%C2%ABNico%C2%BB%20Lima%20y%20Mar%C3%ADa%20Gir%C3%B3%20a%20Eslovenia&amp;body=https%3A%2F%2Flabestiadeportiva.com%2Flbd%2Fnico-lima-y-maria-giro-a-eslovenia%2F\">\n<img src=\"https:\/\/labestiadeportiva.com\/lbd\/wp-content\/plugins\/jw-share-this\/email.png\" alt=\"Share this page via Email\" \/>\n<\/a>\n<a target=\"_blank\" href=\"http:\/\/www.stumbleupon.com\/submit?url=https%3A%2F%2Flabestiadeportiva.com%2Flbd%2Fnico-lima-y-maria-giro-a-eslovenia%2F&amp;title=%C2%ABNico%C2%BB+Lima+y+Mar%C3%ADa+Gir%C3%B3+a+Eslovenia\">\n<img src=\"https:\/\/labestiadeportiva.com\/lbd\/wp-content\/plugins\/jw-share-this\/su.png\" alt=\"Share this page via Stumble Upon\" \/>\n<\/a>\n<a target=\"_blank\" href=\"http:\/\/digg.com\/submit?url=https%3A%2F%2Flabestiadeportiva.com%2Flbd%2Fnico-lima-y-maria-giro-a-eslovenia%2F&amp;title=%C2%ABNico%C2%BB+Lima+y+Mar%C3%ADa+Gir%C3%B3+a+Eslovenia\">\n<img src=\"https:\/\/labestiadeportiva.com\/lbd\/wp-content\/plugins\/jw-share-this\/digg.png\" alt=\"Share this page via Digg this\" \/>\n<\/a>\n<a target=\"_blank\" href=\"http:\/\/www.facebook.com\/sharer.php?u=https%3A%2F%2Flabestiadeportiva.com%2Flbd%2Fnico-lima-y-maria-giro-a-eslovenia%2F&amp;t=%C2%ABNico%C2%BB+Lima+y+Mar%C3%ADa+Gir%C3%B3+a+Eslovenia\">\n<img src=\"https:\/\/labestiadeportiva.com\/lbd\/wp-content\/plugins\/jw-share-this\/fb.png\" alt=\"Share this page via Facebook\" \/>\n<\/a>\n<a target=\"_blank\" href=\"http:\/\/twitter.com\/intent\/tweet?text=I+like+https%3A%2F%2Flabestiadeportiva.com%2Flbd%2Fnico-lima-y-maria-giro-a-eslovenia%2F&amp;title=%C2%ABNico%C2%BB+Lima+y+Mar%C3%ADa+Gir%C3%B3+a+Eslovenia\">\n<img src=\"https:\/\/labestiadeportiva.com\/lbd\/wp-content\/plugins\/jw-share-this\/twitter.png\" alt=\"Share this page via Twitter\" \/>\n<\/a>\n<\/div>\n","protected":false},"excerpt":{"rendered":"<p>El atleta integral, Nicol\u00e1s Lima, junto a su entrenadora Mar\u00eda Gir\u00f3 comenzar\u00e1n el pr\u00f3ximo s\u00e1bado el viaje hacia la fecha de Copa del Mundo de Esqu\u00ed de Fondo Adaptado que se realizar\u00e1 del 3 al 10 de Marzo. El objetivo principal es ir en busca de un cupo para Argentina en los Juegos Paral\u00edmpicos de &hellip; <a href=\"https:\/\/labestiadeportiva.com\/lbd\/nico-lima-y-maria-giro-a-eslovenia\/\" class=\"more-link\">Seguir leyendo <span class=\"screen-reader-text\">\u00abNico\u00bb Lima y Mar\u00eda Gir\u00f3 a Eslovenia<\/span> <span class=\"meta-nav\">&rarr;<\/span><\/a><\/p>\n","protected":false},"author":1,"featured_media":37626,"comment_status":"open","ping_status":"open","sticky":false,"template":"","format":"standard","meta":[],"categories":[5,4,6,4433,1],"tags":[4434,4435,331,3660],"_links":{"self":[{"href":"https:\/\/labestiadeportiva.com\/lbd\/wp-json\/wp\/v2\/posts\/37625"}],"collection":[{"href":"https:\/\/labestiadeportiva.com\/lbd\/wp-json\/wp\/v2\/posts"}],"about":[{"href":"https:\/\/labestiadeportiva.com\/lbd\/wp-json\/wp\/v2\/types\/post"}],"author":[{"embeddable":true,"href":"https:\/\/labestiadeportiva.com\/lbd\/wp-json\/wp\/v2\/users\/1"}],"replies":[{"embeddable":true,"href":"https:\/\/labestiadeportiva.com\/lbd\/wp-json\/wp\/v2\/comments?post=37625"}],"version-history":[{"count":1,"href":"https:\/\/labestiadeportiva.com\/lbd\/wp-json\/wp\/v2\/posts\/37625\/revisions"}],"predecessor-version":[{"id":37628,"href":"https:\/\/labestiadeportiva.com\/lbd\/wp-json\/wp\/v2\/posts\/37625\/revisions\/37628"}],"wp:featuredmedia":[{"embeddable":true,"href":"https:\/\/labestiadeportiva.com\/lbd\/wp-json\/wp\/v2\/media\/37626"}],"wp:attachment":[{"href":"https:\/\/labestiadeportiva.com\/lbd\/wp-json\/wp\/v2\/media?parent=37625"}],"wp:term":[{"taxonomy":"category","embeddable":true,"href":"https:\/\/labestiadeportiva.com\/lbd\/wp-json\/wp\/v2\/categories?post=37625"},{"taxonomy":"post_tag","embeddable":true,"href":"https:\/\/labestiadeportiva.com\/lbd\/wp-json\/wp\/v2\/tags?post=37625"}],"curies":[{"name":"wp","href":"https:\/\/api.w.org\/{rel}","templated":true}]}}