{"id":3789,"date":"2013-04-04T20:11:52","date_gmt":"2013-04-04T20:11:52","guid":{"rendered":"http:\/\/labestiadeportiva.com\/lbd\/?p=3789"},"modified":"2013-04-04T20:13:23","modified_gmt":"2013-04-04T20:13:23","slug":"el-real-pone-un-pie-en-semifinales","status":"publish","type":"post","link":"https:\/\/labestiadeportiva.com\/lbd\/el-real-pone-un-pie-en-semifinales\/","title":{"rendered":"El Real pone un pie en semifinales"},"content":{"rendered":"<p>Por Daniel Campos (Corresponsal LBD en Palma de Mallorca, Espa\u00f1a)<\/p>\n<p><a href=\"http:\/\/labestiadeportiva.com\/lbd\/wp-content\/uploads\/2013\/04\/RMChamp.jpg\"><img loading=\"lazy\" class=\"alignleft size-medium wp-image-3790\" title=\"RMChamp\" src=\"http:\/\/labestiadeportiva.com\/lbd\/wp-content\/uploads\/2013\/04\/RMChamp-300x95.jpg\" alt=\"\" width=\"300\" height=\"95\" srcset=\"https:\/\/labestiadeportiva.com\/lbd\/wp-content\/uploads\/2013\/04\/RMChamp-300x95.jpg 300w, https:\/\/labestiadeportiva.com\/lbd\/wp-content\/uploads\/2013\/04\/RMChamp.jpg 630w\" sizes=\"(max-width: 300px) 100vw, 300px\" \/><\/a>El Real Madrid golea en el Bernabe\u00fa por 3 a 0 al Galatasaray y allana el camino hacia las semifinales de la competici\u00f3n europea. El equipo de Mourinho domin\u00f3 claramente el encuentro aprovech\u00e1ndose del sistema defensivo de los turcos.<\/p>\n<p>En el minuto 9 abri\u00f3 la cuenta Cristiano Ronaldo, veinte minutos m\u00e1s tarde lleg\u00f3 el 2 a 0 por mediaci\u00f3n de Benzema. Con ese resultado se fueron al descanso, ya en la reanudaci\u00f3n, el Madrid se relaj\u00f3 un poco y espero al Galatasaray, entonces Higua\u00edn de cabeza marc\u00f3 el definitivo 3 a 0.<!--morePara leer Click Aqu\u00ed--><\/p>\n<p>El equipo turco lo intent\u00f3 pero sus esfuerzos fueron en vano, ya el marcador no se alter\u00f3 hasta pitido final. En el otro encuentro de cuartos de final, en La Rosaleda, el M\u00e1laga y el Borussia empataron 0 a 0 en un intenso partido.<\/p>\n<p>De esta manera la eliminatoria qued\u00f3 abierta para la vuelta en Alemania. Para destacar de este match, la gran actuaci\u00f3n de Willy Caballero en el arco malague\u00f1o, desbaratando todas las ocasiones del equipo germano.<\/p>\n<p><a href=\"http:\/\/labestiadeportiva.com\/lbd\/wp-content\/uploads\/2013\/04\/MalChamp.jpg\"><img loading=\"lazy\" class=\"aligncenter size-medium wp-image-3791\" title=\"MalChamp\" src=\"http:\/\/labestiadeportiva.com\/lbd\/wp-content\/uploads\/2013\/04\/MalChamp-300x96.jpg\" alt=\"\" width=\"300\" height=\"96\" srcset=\"https:\/\/labestiadeportiva.com\/lbd\/wp-content\/uploads\/2013\/04\/MalChamp-300x96.jpg 300w, https:\/\/labestiadeportiva.com\/lbd\/wp-content\/uploads\/2013\/04\/MalChamp.jpg 630w\" sizes=\"(max-width: 300px) 100vw, 300px\" \/><\/a><\/p>\n<div class='epvc-post-count'><span class='epvc-eye'><\/span>  <span class=\"epvc-count\"> 982<\/span><span class='epvc-label'> veces le\u00edda<\/span><\/div>\n<div class=\"jwsharethis\">\nShare this: \n<br \/>\n<a href=\"mailto:?subject=El%20Real%20pone%20un%20pie%20en%20semifinales&amp;body=https%3A%2F%2Flabestiadeportiva.com%2Flbd%2Fel-real-pone-un-pie-en-semifinales%2F\">\n<img src=\"https:\/\/labestiadeportiva.com\/lbd\/wp-content\/plugins\/jw-share-this\/email.png\" alt=\"Share this page via Email\" \/>\n<\/a>\n<a target=\"_blank\" href=\"http:\/\/www.stumbleupon.com\/submit?url=https%3A%2F%2Flabestiadeportiva.com%2Flbd%2Fel-real-pone-un-pie-en-semifinales%2F&amp;title=El+Real+pone+un+pie+en+semifinales\">\n<img src=\"https:\/\/labestiadeportiva.com\/lbd\/wp-content\/plugins\/jw-share-this\/su.png\" alt=\"Share this page via Stumble Upon\" \/>\n<\/a>\n<a target=\"_blank\" href=\"http:\/\/digg.com\/submit?url=https%3A%2F%2Flabestiadeportiva.com%2Flbd%2Fel-real-pone-un-pie-en-semifinales%2F&amp;title=El+Real+pone+un+pie+en+semifinales\">\n<img src=\"https:\/\/labestiadeportiva.com\/lbd\/wp-content\/plugins\/jw-share-this\/digg.png\" alt=\"Share this page via Digg this\" \/>\n<\/a>\n<a target=\"_blank\" href=\"http:\/\/www.facebook.com\/sharer.php?u=https%3A%2F%2Flabestiadeportiva.com%2Flbd%2Fel-real-pone-un-pie-en-semifinales%2F&amp;t=El+Real+pone+un+pie+en+semifinales\">\n<img src=\"https:\/\/labestiadeportiva.com\/lbd\/wp-content\/plugins\/jw-share-this\/fb.png\" alt=\"Share this page via Facebook\" \/>\n<\/a>\n<a target=\"_blank\" href=\"http:\/\/twitter.com\/intent\/tweet?text=I+like+https%3A%2F%2Flabestiadeportiva.com%2Flbd%2Fel-real-pone-un-pie-en-semifinales%2F&amp;title=El+Real+pone+un+pie+en+semifinales\">\n<img src=\"https:\/\/labestiadeportiva.com\/lbd\/wp-content\/plugins\/jw-share-this\/twitter.png\" alt=\"Share this page via Twitter\" \/>\n<\/a>\n<\/div>\n","protected":false},"excerpt":{"rendered":"<p>Por Daniel Campos (Corresponsal LBD en Palma de Mallorca, Espa\u00f1a) El Real Madrid golea en el Bernabe\u00fa por 3 a 0 al Galatasaray y allana el camino hacia las semifinales de la competici\u00f3n europea. El equipo de Mourinho domin\u00f3 claramente el encuentro aprovech\u00e1ndose del sistema defensivo de los turcos. En el minuto 9 abri\u00f3 la &hellip; <a href=\"https:\/\/labestiadeportiva.com\/lbd\/el-real-pone-un-pie-en-semifinales\/\" class=\"more-link\">Seguir leyendo <span class=\"screen-reader-text\">El Real pone un pie en semifinales<\/span> <span class=\"meta-nav\">&rarr;<\/span><\/a><\/p>\n","protected":false},"author":1,"featured_media":3790,"comment_status":"open","ping_status":"open","sticky":false,"template":"","format":"standard","meta":[],"categories":[4,1],"tags":[104,4830],"_links":{"self":[{"href":"https:\/\/labestiadeportiva.com\/lbd\/wp-json\/wp\/v2\/posts\/3789"}],"collection":[{"href":"https:\/\/labestiadeportiva.com\/lbd\/wp-json\/wp\/v2\/posts"}],"about":[{"href":"https:\/\/labestiadeportiva.com\/lbd\/wp-json\/wp\/v2\/types\/post"}],"author":[{"embeddable":true,"href":"https:\/\/labestiadeportiva.com\/lbd\/wp-json\/wp\/v2\/users\/1"}],"replies":[{"embeddable":true,"href":"https:\/\/labestiadeportiva.com\/lbd\/wp-json\/wp\/v2\/comments?post=3789"}],"version-history":[{"count":2,"href":"https:\/\/labestiadeportiva.com\/lbd\/wp-json\/wp\/v2\/posts\/3789\/revisions"}],"predecessor-version":[{"id":3793,"href":"https:\/\/labestiadeportiva.com\/lbd\/wp-json\/wp\/v2\/posts\/3789\/revisions\/3793"}],"wp:featuredmedia":[{"embeddable":true,"href":"https:\/\/labestiadeportiva.com\/lbd\/wp-json\/wp\/v2\/media\/3790"}],"wp:attachment":[{"href":"https:\/\/labestiadeportiva.com\/lbd\/wp-json\/wp\/v2\/media?parent=3789"}],"wp:term":[{"taxonomy":"category","embeddable":true,"href":"https:\/\/labestiadeportiva.com\/lbd\/wp-json\/wp\/v2\/categories?post=3789"},{"taxonomy":"post_tag","embeddable":true,"href":"https:\/\/labestiadeportiva.com\/lbd\/wp-json\/wp\/v2\/tags?post=3789"}],"curies":[{"name":"wp","href":"https:\/\/api.w.org\/{rel}","templated":true}]}}