{"id":38120,"date":"2021-03-23T16:22:39","date_gmt":"2021-03-23T19:22:39","guid":{"rendered":"http:\/\/labestiadeportiva.com\/lbd\/?p=38120"},"modified":"2021-05-13T13:02:32","modified_gmt":"2021-05-13T16:02:32","slug":"espero-que-sea-el-puntapie-inicial-para-un-gran-ano-de-karting-audio","status":"publish","type":"post","link":"https:\/\/labestiadeportiva.com\/lbd\/espero-que-sea-el-puntapie-inicial-para-un-gran-ano-de-karting-audio\/","title":{"rendered":"\u00abEspero que sea el puntapi\u00e9 inicial para un gran a\u00f1o de karting\u00bb (Audio)"},"content":{"rendered":"<p>Promisorio comienzo para la temporada oficial de karting que llevan adelante en forma conjunta APKU 2000 y AFK. 53 autos en pista con las victorias de Pereira, \u00c1lvarez, Bora, Almonacid y G\u00f3mez.<\/p>\n<p>A modo de balance dialogamos con el presidente de la instituci\u00f3n capitalina, Emilio \u00abNegro\u00bb Pavlov. Compartimos la entrevista lograda este martes en la 94.1 FM del Sur.<!--more--><\/p>\n<p><iframe loading=\"lazy\" width=\"560\" height=\"315\" src=\"https:\/\/www.youtube.com\/embed\/m2PleqLgQq0\" title=\"YouTube video player\" frameborder=\"0\" allow=\"accelerometer; autoplay; clipboard-write; encrypted-media; gyroscope; picture-in-picture\" allowfullscreen><\/iframe><\/p>\n<div class='epvc-post-count'><span class='epvc-eye'><\/span>  <span class=\"epvc-count\"> 1.117<\/span><span class='epvc-label'> veces le\u00edda<\/span><\/div>\n<div class=\"jwsharethis\">\nShare this: \n<br \/>\n<a href=\"mailto:?subject=%C2%ABEspero%20que%20sea%20el%20puntapi%C3%A9%20inicial%20para%20un%20gran%20a%C3%B1o%20de%20karting%C2%BB%20%28Audio%29&amp;body=https%3A%2F%2Flabestiadeportiva.com%2Flbd%2Fespero-que-sea-el-puntapie-inicial-para-un-gran-ano-de-karting-audio%2F\">\n<img src=\"https:\/\/labestiadeportiva.com\/lbd\/wp-content\/plugins\/jw-share-this\/email.png\" alt=\"Share this page via Email\" \/>\n<\/a>\n<a target=\"_blank\" href=\"http:\/\/www.stumbleupon.com\/submit?url=https%3A%2F%2Flabestiadeportiva.com%2Flbd%2Fespero-que-sea-el-puntapie-inicial-para-un-gran-ano-de-karting-audio%2F&amp;title=%C2%ABEspero+que+sea+el+puntapi%C3%A9+inicial+para+un+gran+a%C3%B1o+de+karting%C2%BB+%28Audio%29\">\n<img src=\"https:\/\/labestiadeportiva.com\/lbd\/wp-content\/plugins\/jw-share-this\/su.png\" alt=\"Share this page via Stumble Upon\" \/>\n<\/a>\n<a target=\"_blank\" href=\"http:\/\/digg.com\/submit?url=https%3A%2F%2Flabestiadeportiva.com%2Flbd%2Fespero-que-sea-el-puntapie-inicial-para-un-gran-ano-de-karting-audio%2F&amp;title=%C2%ABEspero+que+sea+el+puntapi%C3%A9+inicial+para+un+gran+a%C3%B1o+de+karting%C2%BB+%28Audio%29\">\n<img src=\"https:\/\/labestiadeportiva.com\/lbd\/wp-content\/plugins\/jw-share-this\/digg.png\" alt=\"Share this page via Digg this\" \/>\n<\/a>\n<a target=\"_blank\" href=\"http:\/\/www.facebook.com\/sharer.php?u=https%3A%2F%2Flabestiadeportiva.com%2Flbd%2Fespero-que-sea-el-puntapie-inicial-para-un-gran-ano-de-karting-audio%2F&amp;t=%C2%ABEspero+que+sea+el+puntapi%C3%A9+inicial+para+un+gran+a%C3%B1o+de+karting%C2%BB+%28Audio%29\">\n<img src=\"https:\/\/labestiadeportiva.com\/lbd\/wp-content\/plugins\/jw-share-this\/fb.png\" alt=\"Share this page via Facebook\" \/>\n<\/a>\n<a target=\"_blank\" href=\"http:\/\/twitter.com\/intent\/tweet?text=I+like+https%3A%2F%2Flabestiadeportiva.com%2Flbd%2Fespero-que-sea-el-puntapie-inicial-para-un-gran-ano-de-karting-audio%2F&amp;title=%C2%ABEspero+que+sea+el+puntapi%C3%A9+inicial+para+un+gran+a%C3%B1o+de+karting%C2%BB+%28Audio%29\">\n<img src=\"https:\/\/labestiadeportiva.com\/lbd\/wp-content\/plugins\/jw-share-this\/twitter.png\" alt=\"Share this page via Twitter\" \/>\n<\/a>\n<\/div>\n","protected":false},"excerpt":{"rendered":"<p>Promisorio comienzo para la temporada oficial de karting que llevan adelante en forma conjunta APKU 2000 y AFK. 53 autos en pista con las victorias de Pereira, \u00c1lvarez, Bora, Almonacid y G\u00f3mez. A modo de balance dialogamos con el presidente de la instituci\u00f3n capitalina, Emilio \u00abNegro\u00bb Pavlov. Compartimos la entrevista lograda este martes en la &hellip; <a href=\"https:\/\/labestiadeportiva.com\/lbd\/espero-que-sea-el-puntapie-inicial-para-un-gran-ano-de-karting-audio\/\" class=\"more-link\">Seguir leyendo <span class=\"screen-reader-text\">\u00abEspero que sea el puntapi\u00e9 inicial para un gran a\u00f1o de karting\u00bb (Audio)<\/span> <span class=\"meta-nav\">&rarr;<\/span><\/a><\/p>\n","protected":false},"author":1,"featured_media":38122,"comment_status":"open","ping_status":"open","sticky":false,"template":"","format":"standard","meta":[],"categories":[5,60,2152,1],"tags":[2268],"_links":{"self":[{"href":"https:\/\/labestiadeportiva.com\/lbd\/wp-json\/wp\/v2\/posts\/38120"}],"collection":[{"href":"https:\/\/labestiadeportiva.com\/lbd\/wp-json\/wp\/v2\/posts"}],"about":[{"href":"https:\/\/labestiadeportiva.com\/lbd\/wp-json\/wp\/v2\/types\/post"}],"author":[{"embeddable":true,"href":"https:\/\/labestiadeportiva.com\/lbd\/wp-json\/wp\/v2\/users\/1"}],"replies":[{"embeddable":true,"href":"https:\/\/labestiadeportiva.com\/lbd\/wp-json\/wp\/v2\/comments?post=38120"}],"version-history":[{"count":4,"href":"https:\/\/labestiadeportiva.com\/lbd\/wp-json\/wp\/v2\/posts\/38120\/revisions"}],"predecessor-version":[{"id":38125,"href":"https:\/\/labestiadeportiva.com\/lbd\/wp-json\/wp\/v2\/posts\/38120\/revisions\/38125"}],"wp:featuredmedia":[{"embeddable":true,"href":"https:\/\/labestiadeportiva.com\/lbd\/wp-json\/wp\/v2\/media\/38122"}],"wp:attachment":[{"href":"https:\/\/labestiadeportiva.com\/lbd\/wp-json\/wp\/v2\/media?parent=38120"}],"wp:term":[{"taxonomy":"category","embeddable":true,"href":"https:\/\/labestiadeportiva.com\/lbd\/wp-json\/wp\/v2\/categories?post=38120"},{"taxonomy":"post_tag","embeddable":true,"href":"https:\/\/labestiadeportiva.com\/lbd\/wp-json\/wp\/v2\/tags?post=38120"}],"curies":[{"name":"wp","href":"https:\/\/api.w.org\/{rel}","templated":true}]}}