{"id":38280,"date":"2021-04-12T11:41:47","date_gmt":"2021-04-12T14:41:47","guid":{"rendered":"http:\/\/labestiadeportiva.com\/lbd\/?p=38280"},"modified":"2021-04-12T11:41:47","modified_gmt":"2021-04-12T14:41:47","slug":"f1-al-sprint","status":"publish","type":"post","link":"https:\/\/labestiadeportiva.com\/lbd\/f1-al-sprint\/","title":{"rendered":"F1 al sprint"},"content":{"rendered":"<p>Por Daniel Campos (Corresponsal LBD en Palma de Mallorca, Espa\u00f1a)<\/p>\n<p><a href=\"http:\/\/labestiadeportiva.com\/lbd\/wp-content\/uploads\/2021\/04\/Screenshot_20210412-1138453.png\"><img loading=\"lazy\" src=\"http:\/\/labestiadeportiva.com\/lbd\/wp-content\/uploads\/2021\/04\/Screenshot_20210412-1138453-300x187.png\" alt=\"Screenshot_20210412-113845~3\" width=\"300\" height=\"187\" class=\"aligncenter size-medium wp-image-38282\" srcset=\"https:\/\/labestiadeportiva.com\/lbd\/wp-content\/uploads\/2021\/04\/Screenshot_20210412-1138453-300x187.png 300w, https:\/\/labestiadeportiva.com\/lbd\/wp-content\/uploads\/2021\/04\/Screenshot_20210412-1138453.png 720w\" sizes=\"(max-width: 300px) 100vw, 300px\" \/><\/a>Los nuevos due\u00f1os de la F-1, Liberty Media est\u00e1n a un paso de implementar una nueva alternativa para hacer m\u00e1s atractiva la categor\u00eda. <!--more--><\/p>\n<p>Si bien la idea no es nueva, y son\u00f3 en el paddock ya hace un tiempo, esta vez habr\u00eda un preacuerdo entre directivos, due\u00f1os de equipos y  pilotos. Se trata de disputar una carrera corta o al sprint, los d\u00edas s\u00e1bados. <\/p>\n<p>El resultado final de la competencia dar\u00eda la parrilla de salida del gran premio del domingo. Los tres pilotos que ocupar\u00edan el podio de la jornada sabatina, sumar\u00edan puntos extras para el campeonato. <\/p>\n<p>Al principio los equipos no estaban muy de acuerdo con la idea, por c\u00f3mo se gestionar\u00eda la prueba, gastos y seguros, en este caso por dos carreras durante el fin de semana. Pero seg\u00fan informaron algunos medios de prensa, habr\u00eda ya un preacuerdo para firmarse, tras la segunda carrera en Imola. <\/p>\n<p>Ya se conocen algunas de las condiciones en que se llevar\u00e1 a cabo la nueva modalidad y los posibles grandes premios donde se disputar\u00e1n estas carreras al sprint. <\/p>\n<p>El d\u00eda s\u00e1bado por la ma\u00f1ana, pruebas libres de una hora de duraci\u00f3n, al mediod\u00eda, clasificaci\u00f3n habitual Q1, Q2 y Q3. Por la tarde, carrera corta con una distancia m\u00e1xima a recorrer de 100 kil\u00f3metros, en un gran premio normal esa distancia es de unos 300 kil\u00f3metros. <\/p>\n<p>Al d\u00eda siguiente, se disputar\u00e1 la carrera con las caracter\u00edsticas de siempre.<br \/>\nPor el momento se conocen tres citas del mundial que albergar\u00e1n esta nueva modalidad: <\/p>\n<p>Gran Premio de Gran Breta\u00f1a entre el 17 y 18 de julio, el Gran Premio de Italia entre el 11 y 12 de septiembre y el Gran Premio de Brasil entre el 6 y 7 de noviembre. <\/p>\n<p>Aunque esta \u00faltima fecha estar\u00eda en el aire, debido a la alta tasa de contagios del COVID 19 en territorio brasile\u00f1o.     <\/p>\n<div class='epvc-post-count'><span class='epvc-eye'><\/span>  <span class=\"epvc-count\"> 953<\/span><span class='epvc-label'> veces le\u00edda<\/span><\/div>\n<div class=\"jwsharethis\">\nShare this: \n<br \/>\n<a href=\"mailto:?subject=F1%20al%20sprint&amp;body=https%3A%2F%2Flabestiadeportiva.com%2Flbd%2Ff1-al-sprint%2F\">\n<img src=\"https:\/\/labestiadeportiva.com\/lbd\/wp-content\/plugins\/jw-share-this\/email.png\" alt=\"Share this page via Email\" \/>\n<\/a>\n<a target=\"_blank\" href=\"http:\/\/www.stumbleupon.com\/submit?url=https%3A%2F%2Flabestiadeportiva.com%2Flbd%2Ff1-al-sprint%2F&amp;title=F1+al+sprint\">\n<img src=\"https:\/\/labestiadeportiva.com\/lbd\/wp-content\/plugins\/jw-share-this\/su.png\" alt=\"Share this page via Stumble Upon\" \/>\n<\/a>\n<a target=\"_blank\" href=\"http:\/\/digg.com\/submit?url=https%3A%2F%2Flabestiadeportiva.com%2Flbd%2Ff1-al-sprint%2F&amp;title=F1+al+sprint\">\n<img src=\"https:\/\/labestiadeportiva.com\/lbd\/wp-content\/plugins\/jw-share-this\/digg.png\" alt=\"Share this page via Digg this\" \/>\n<\/a>\n<a target=\"_blank\" href=\"http:\/\/www.facebook.com\/sharer.php?u=https%3A%2F%2Flabestiadeportiva.com%2Flbd%2Ff1-al-sprint%2F&amp;t=F1+al+sprint\">\n<img src=\"https:\/\/labestiadeportiva.com\/lbd\/wp-content\/plugins\/jw-share-this\/fb.png\" alt=\"Share this page via Facebook\" \/>\n<\/a>\n<a target=\"_blank\" href=\"http:\/\/twitter.com\/intent\/tweet?text=I+like+https%3A%2F%2Flabestiadeportiva.com%2Flbd%2Ff1-al-sprint%2F&amp;title=F1+al+sprint\">\n<img src=\"https:\/\/labestiadeportiva.com\/lbd\/wp-content\/plugins\/jw-share-this\/twitter.png\" alt=\"Share this page via Twitter\" \/>\n<\/a>\n<\/div>\n","protected":false},"excerpt":{"rendered":"<p>Por Daniel Campos (Corresponsal LBD en Palma de Mallorca, Espa\u00f1a) Los nuevos due\u00f1os de la F-1, Liberty Media est\u00e1n a un paso de implementar una nueva alternativa para hacer m\u00e1s atractiva la categor\u00eda. 953 veces le\u00edda Share this:<\/p>\n","protected":false},"author":1,"featured_media":38281,"comment_status":"open","ping_status":"open","sticky":false,"template":"","format":"standard","meta":[],"categories":[2176,4,3534,1],"tags":[154,148,3660],"_links":{"self":[{"href":"https:\/\/labestiadeportiva.com\/lbd\/wp-json\/wp\/v2\/posts\/38280"}],"collection":[{"href":"https:\/\/labestiadeportiva.com\/lbd\/wp-json\/wp\/v2\/posts"}],"about":[{"href":"https:\/\/labestiadeportiva.com\/lbd\/wp-json\/wp\/v2\/types\/post"}],"author":[{"embeddable":true,"href":"https:\/\/labestiadeportiva.com\/lbd\/wp-json\/wp\/v2\/users\/1"}],"replies":[{"embeddable":true,"href":"https:\/\/labestiadeportiva.com\/lbd\/wp-json\/wp\/v2\/comments?post=38280"}],"version-history":[{"count":1,"href":"https:\/\/labestiadeportiva.com\/lbd\/wp-json\/wp\/v2\/posts\/38280\/revisions"}],"predecessor-version":[{"id":38283,"href":"https:\/\/labestiadeportiva.com\/lbd\/wp-json\/wp\/v2\/posts\/38280\/revisions\/38283"}],"wp:featuredmedia":[{"embeddable":true,"href":"https:\/\/labestiadeportiva.com\/lbd\/wp-json\/wp\/v2\/media\/38281"}],"wp:attachment":[{"href":"https:\/\/labestiadeportiva.com\/lbd\/wp-json\/wp\/v2\/media?parent=38280"}],"wp:term":[{"taxonomy":"category","embeddable":true,"href":"https:\/\/labestiadeportiva.com\/lbd\/wp-json\/wp\/v2\/categories?post=38280"},{"taxonomy":"post_tag","embeddable":true,"href":"https:\/\/labestiadeportiva.com\/lbd\/wp-json\/wp\/v2\/tags?post=38280"}],"curies":[{"name":"wp","href":"https:\/\/api.w.org\/{rel}","templated":true}]}}