{"id":38380,"date":"2021-04-21T17:17:00","date_gmt":"2021-04-21T20:17:00","guid":{"rendered":"http:\/\/labestiadeportiva.com\/lbd\/?p=38380"},"modified":"2021-04-21T17:35:07","modified_gmt":"2021-04-21T20:35:07","slug":"se-completo-la-primera-del-nestor-puebla","status":"publish","type":"post","link":"https:\/\/labestiadeportiva.com\/lbd\/se-completo-la-primera-del-nestor-puebla\/","title":{"rendered":"Se complet\u00f3 la primera del \u00abN\u00e9stor Puebla\u00bb"},"content":{"rendered":"<p><a href=\"http:\/\/labestiadeportiva.com\/lbd\/wp-content\/uploads\/2021\/04\/175306386_2828050127444642_1493645297488222295_n.jpg\"><img loading=\"lazy\" src=\"http:\/\/labestiadeportiva.com\/lbd\/wp-content\/uploads\/2021\/04\/175306386_2828050127444642_1493645297488222295_n-300x167.jpg\" alt=\"175306386_2828050127444642_1493645297488222295_n\" width=\"300\" height=\"167\" class=\"aligncenter size-medium wp-image-38381\" srcset=\"https:\/\/labestiadeportiva.com\/lbd\/wp-content\/uploads\/2021\/04\/175306386_2828050127444642_1493645297488222295_n-300x167.jpg 300w, https:\/\/labestiadeportiva.com\/lbd\/wp-content\/uploads\/2021\/04\/175306386_2828050127444642_1493645297488222295_n.jpg 697w\" sizes=\"(max-width: 300px) 100vw, 300px\" \/><\/a><\/p>\n<p>Con la goleada de Los Andes sobre Filial Boca por 12 a 4, partido jugado el martes por la noche en el \u00abCarlos Petrina\u00bb, finaliz\u00f3 la primera fecha del torneo de primera divisi\u00f3n de Futsal AFA organizado por la Liga Ushuaiense. Desde LBD, el resumen.<!--more--><\/p>\n<p>Todo comenz\u00f3 el s\u00e1bado en el \u00abGigante del Sur\u00bb, la casa de Camioneros de la calle Ab\u00e9l C\u00e1rdenas, con la goleada de Mercantil sobre G\u00fcemes por 7 a 1. Lo propio hizo un viejo conocido que regres\u00f3 al sal\u00f3n, Mutual BTF, quien dobleg\u00f3 sin inconvenientes a uno de los debutantes AMPS por 6 a 1. El encuentro entre AATEDYC y La UOM, correspondiente a la zona \u00abB\u00bb, fue uno de los m\u00e1s atrayente y de resultado incierto. Los metal\u00fargicos se terminar\u00edan imponiendo por un ajustado 3 a 2.<\/p>\n<p>Los Cuervos FDM, instituci\u00f3n que participa en AFA y CAFS, no tuvo inconvenientes para superar al juvenil plantel de MB por 6 a 2. Los del \u00abPela\u00bb Bonvehi siguen haciendo experiencia mientras que el \u00abazulgrana\u00bb, que posee un plantel con jugadores saloneros y de cancha abierta pretende dar pelea.<\/p>\n<p><a href=\"http:\/\/labestiadeportiva.com\/lbd\/wp-content\/uploads\/2021\/04\/175553408_2828049954111326_2630065517320259691_n.jpg\"><img loading=\"lazy\" src=\"http:\/\/labestiadeportiva.com\/lbd\/wp-content\/uploads\/2021\/04\/175553408_2828049954111326_2630065517320259691_n-300x208.jpg\" alt=\"175553408_2828049954111326_2630065517320259691_n\" width=\"300\" height=\"208\" class=\"aligncenter size-medium wp-image-38382\" srcset=\"https:\/\/labestiadeportiva.com\/lbd\/wp-content\/uploads\/2021\/04\/175553408_2828049954111326_2630065517320259691_n-300x208.jpg 300w, https:\/\/labestiadeportiva.com\/lbd\/wp-content\/uploads\/2021\/04\/175553408_2828049954111326_2630065517320259691_n.jpg 662w\" sizes=\"(max-width: 300px) 100vw, 300px\" \/><\/a><\/p>\n<p>El cierre de la jornada sabatina qued\u00f3 en manos de Andes del Sur y Campolter, encuentro que fue transmitido en vivo por Radio Provincia 100.1 y el Facebook de la Liga Ushuaiense. Andes del Sur a base de talento individual manej\u00f3 las acciones principalmente en la primera etapa. Campolter reaccion\u00f3 en el complemento pero no le iba a alcanzar, 5 a 3 final para los conducidos por Marcelo Mart\u00ednez.<\/p>\n<p>La continuidad de la fecha fue el domingo con el juego entre Tigre y CAEF donde el Club Atl\u00e9tico de la Educaci\u00f3n Fueguina se impuso por 6 a 3. Entretenido empate de Arturo Prat y otros de los que dio el salto a AFA, el equipo de \u00abBeto\u00bb Hern\u00e1ndez, HAF. Cambiante encuentro que finaliz\u00f3 en tablas con seis tantos por bando.<\/p>\n<p>Centro Galicia mantiene el buen momento futbol\u00edstico exhibido en la instancia local de la Copa Argentina. En esta oportunidad se impuso claramente a Lasserre por 5 a 0. El martes por la noche y a modo de cierre Los Andes y Filial Boca se midieron en el gimnasio \u00abCarlos Petrina\u00bb. El experimentado equipo \u00abvidriero\u00bb fue demasiado para el debutante \u00abXeneize\u00bb quien tiene mucho por aprender. Los ocho goles reflejan la diferencia en cancha, 12 a 4.<\/p>\n<p>Torneo en marcha que a medida que avance comenzar\u00e1 a perfilar candidatos. La cantidad de clubes ilusiona y motiva, el nivel mejorar\u00e1 con los partidos y entrenamientos semanales.     <\/p>\n<p><a href=\"http:\/\/labestiadeportiva.com\/lbd\/wp-content\/uploads\/2021\/04\/175327575_2828050074111314_2355233922520104177_n.jpg\"><img loading=\"lazy\" src=\"http:\/\/labestiadeportiva.com\/lbd\/wp-content\/uploads\/2021\/04\/175327575_2828050074111314_2355233922520104177_n-300x171.jpg\" alt=\"175327575_2828050074111314_2355233922520104177_n\" width=\"300\" height=\"171\" class=\"aligncenter size-medium wp-image-38383\" srcset=\"https:\/\/labestiadeportiva.com\/lbd\/wp-content\/uploads\/2021\/04\/175327575_2828050074111314_2355233922520104177_n-300x171.jpg 300w, https:\/\/labestiadeportiva.com\/lbd\/wp-content\/uploads\/2021\/04\/175327575_2828050074111314_2355233922520104177_n.jpg 725w\" sizes=\"(max-width: 300px) 100vw, 300px\" \/><\/a>Resultados<br \/>\nG\u00fcemes 1 Mercantil 7<br \/>\nAMPS 1  Mutual BTF 6<br \/>\nAATEDYC 2 La UOM 3<br \/>\nEscuela MB 2 Los Cuervos FDM 6<br \/>\nAndes del Sur 5 Campolter 3<br \/>\nTigre 3  CAEF 6<br \/>\nHAF 6  Arturo Prat 6<br \/>\nLasserre 0 Centro Galicia 5<br \/>\nLos Andes 12 Filial Boca 4<\/p>\n<p><a href=\"http:\/\/labestiadeportiva.com\/lbd\/wp-content\/uploads\/2021\/04\/Screenshot_20210421-1652093.png\"><img loading=\"lazy\" src=\"http:\/\/labestiadeportiva.com\/lbd\/wp-content\/uploads\/2021\/04\/Screenshot_20210421-1652093-180x300.png\" alt=\"Screenshot_20210421-165209~3\" width=\"180\" height=\"300\" class=\"aligncenter size-medium wp-image-38385\" srcset=\"https:\/\/labestiadeportiva.com\/lbd\/wp-content\/uploads\/2021\/04\/Screenshot_20210421-1652093-180x300.png 180w, https:\/\/labestiadeportiva.com\/lbd\/wp-content\/uploads\/2021\/04\/Screenshot_20210421-1652093-616x1024.png 616w, https:\/\/labestiadeportiva.com\/lbd\/wp-content\/uploads\/2021\/04\/Screenshot_20210421-1652093.png 709w\" sizes=\"(max-width: 180px) 100vw, 180px\" \/><\/a><\/p>\n<div class='epvc-post-count'><span class='epvc-eye'><\/span>  <span class=\"epvc-count\"> 1.067<\/span><span class='epvc-label'> veces le\u00edda<\/span><\/div>\n<div class=\"jwsharethis\">\nShare this: \n<br \/>\n<a href=\"mailto:?subject=Se%20complet%C3%B3%20la%20primera%20del%20%C2%ABN%C3%A9stor%20Puebla%C2%BB&amp;body=https%3A%2F%2Flabestiadeportiva.com%2Flbd%2Fse-completo-la-primera-del-nestor-puebla%2F\">\n<img src=\"https:\/\/labestiadeportiva.com\/lbd\/wp-content\/plugins\/jw-share-this\/email.png\" alt=\"Share this page via Email\" \/>\n<\/a>\n<a target=\"_blank\" href=\"http:\/\/www.stumbleupon.com\/submit?url=https%3A%2F%2Flabestiadeportiva.com%2Flbd%2Fse-completo-la-primera-del-nestor-puebla%2F&amp;title=Se+complet%C3%B3+la+primera+del+%C2%ABN%C3%A9stor+Puebla%C2%BB\">\n<img src=\"https:\/\/labestiadeportiva.com\/lbd\/wp-content\/plugins\/jw-share-this\/su.png\" alt=\"Share this page via Stumble Upon\" \/>\n<\/a>\n<a target=\"_blank\" href=\"http:\/\/digg.com\/submit?url=https%3A%2F%2Flabestiadeportiva.com%2Flbd%2Fse-completo-la-primera-del-nestor-puebla%2F&amp;title=Se+complet%C3%B3+la+primera+del+%C2%ABN%C3%A9stor+Puebla%C2%BB\">\n<img src=\"https:\/\/labestiadeportiva.com\/lbd\/wp-content\/plugins\/jw-share-this\/digg.png\" alt=\"Share this page via Digg this\" \/>\n<\/a>\n<a target=\"_blank\" href=\"http:\/\/www.facebook.com\/sharer.php?u=https%3A%2F%2Flabestiadeportiva.com%2Flbd%2Fse-completo-la-primera-del-nestor-puebla%2F&amp;t=Se+complet%C3%B3+la+primera+del+%C2%ABN%C3%A9stor+Puebla%C2%BB\">\n<img src=\"https:\/\/labestiadeportiva.com\/lbd\/wp-content\/plugins\/jw-share-this\/fb.png\" alt=\"Share this page via Facebook\" \/>\n<\/a>\n<a target=\"_blank\" href=\"http:\/\/twitter.com\/intent\/tweet?text=I+like+https%3A%2F%2Flabestiadeportiva.com%2Flbd%2Fse-completo-la-primera-del-nestor-puebla%2F&amp;title=Se+complet%C3%B3+la+primera+del+%C2%ABN%C3%A9stor+Puebla%C2%BB\">\n<img src=\"https:\/\/labestiadeportiva.com\/lbd\/wp-content\/plugins\/jw-share-this\/twitter.png\" alt=\"Share this page via Twitter\" \/>\n<\/a>\n<\/div>\n","protected":false},"excerpt":{"rendered":"<p>Con la goleada de Los Andes sobre Filial Boca por 12 a 4, partido jugado el martes por la noche en el \u00abCarlos Petrina\u00bb, finaliz\u00f3 la primera fecha del torneo de primera divisi\u00f3n de Futsal AFA organizado por la Liga Ushuaiense. Desde LBD, el resumen. 1.067 veces le\u00edda Share this:<\/p>\n","protected":false},"author":1,"featured_media":38382,"comment_status":"open","ping_status":"open","sticky":false,"template":"","format":"standard","meta":[],"categories":[5,47,1],"tags":[],"_links":{"self":[{"href":"https:\/\/labestiadeportiva.com\/lbd\/wp-json\/wp\/v2\/posts\/38380"}],"collection":[{"href":"https:\/\/labestiadeportiva.com\/lbd\/wp-json\/wp\/v2\/posts"}],"about":[{"href":"https:\/\/labestiadeportiva.com\/lbd\/wp-json\/wp\/v2\/types\/post"}],"author":[{"embeddable":true,"href":"https:\/\/labestiadeportiva.com\/lbd\/wp-json\/wp\/v2\/users\/1"}],"replies":[{"embeddable":true,"href":"https:\/\/labestiadeportiva.com\/lbd\/wp-json\/wp\/v2\/comments?post=38380"}],"version-history":[{"count":2,"href":"https:\/\/labestiadeportiva.com\/lbd\/wp-json\/wp\/v2\/posts\/38380\/revisions"}],"predecessor-version":[{"id":38386,"href":"https:\/\/labestiadeportiva.com\/lbd\/wp-json\/wp\/v2\/posts\/38380\/revisions\/38386"}],"wp:featuredmedia":[{"embeddable":true,"href":"https:\/\/labestiadeportiva.com\/lbd\/wp-json\/wp\/v2\/media\/38382"}],"wp:attachment":[{"href":"https:\/\/labestiadeportiva.com\/lbd\/wp-json\/wp\/v2\/media?parent=38380"}],"wp:term":[{"taxonomy":"category","embeddable":true,"href":"https:\/\/labestiadeportiva.com\/lbd\/wp-json\/wp\/v2\/categories?post=38380"},{"taxonomy":"post_tag","embeddable":true,"href":"https:\/\/labestiadeportiva.com\/lbd\/wp-json\/wp\/v2\/tags?post=38380"}],"curies":[{"name":"wp","href":"https:\/\/api.w.org\/{rel}","templated":true}]}}