{"id":38434,"date":"2021-04-27T11:10:18","date_gmt":"2021-04-27T14:10:18","guid":{"rendered":"http:\/\/labestiadeportiva.com\/lbd\/?p=38434"},"modified":"2021-04-27T11:11:09","modified_gmt":"2021-04-27T14:11:09","slug":"tres-horas-que-parecieron-pocas-con-dos-milesimas-que-definieron-un-trofeo","status":"publish","type":"post","link":"https:\/\/labestiadeportiva.com\/lbd\/tres-horas-que-parecieron-pocas-con-dos-milesimas-que-definieron-un-trofeo\/","title":{"rendered":"\u00abTres Horas\u00bb que parecieron pocas con dos mil\u00e9simas que definieron un trofeo"},"content":{"rendered":"<p>Por Gast\u00f3n Carletti (Especial para LBD)<\/p>\n<p><a href=\"http:\/\/labestiadeportiva.com\/lbd\/wp-content\/uploads\/2021\/04\/IMG-20210427-WA0004.jpg\"><img loading=\"lazy\" class=\"aligncenter size-medium wp-image-38435\" src=\"http:\/\/labestiadeportiva.com\/lbd\/wp-content\/uploads\/2021\/04\/IMG-20210427-WA0004-300x185.jpg\" alt=\"IMG-20210427-WA0004\" width=\"300\" height=\"185\" srcset=\"https:\/\/labestiadeportiva.com\/lbd\/wp-content\/uploads\/2021\/04\/IMG-20210427-WA0004-300x185.jpg 300w, https:\/\/labestiadeportiva.com\/lbd\/wp-content\/uploads\/2021\/04\/IMG-20210427-WA0004-1024x632.jpg 1024w, https:\/\/labestiadeportiva.com\/lbd\/wp-content\/uploads\/2021\/04\/IMG-20210427-WA0004.jpg 1280w\" sizes=\"(max-width: 300px) 100vw, 300px\" \/><\/a><br \/>\nEl entusiasmo demostrado por los 32 equipos participantes una vez terminada la competencia en el aut\u00f3dromo riograndense dejaron la impresi\u00f3n que los pilotos hubieran querido girar un par de horas mas con sus autos<br \/>\nEl hecho de rememorar viejas competencias, tiene a Tierra del Fuego en la mira de muchos entusiastas que siguen la actividad desde otros lugares. <!--more--><\/p>\n<p><a href=\"http:\/\/labestiadeportiva.com\/lbd\/wp-content\/uploads\/2021\/04\/IMG-20210427-WA0000.jpg\"><img loading=\"lazy\" class=\"aligncenter size-medium wp-image-38440\" src=\"http:\/\/labestiadeportiva.com\/lbd\/wp-content\/uploads\/2021\/04\/IMG-20210427-WA0000-300x196.jpg\" alt=\"IMG-20210427-WA0000\" width=\"300\" height=\"196\" srcset=\"https:\/\/labestiadeportiva.com\/lbd\/wp-content\/uploads\/2021\/04\/IMG-20210427-WA0000-300x196.jpg 300w, https:\/\/labestiadeportiva.com\/lbd\/wp-content\/uploads\/2021\/04\/IMG-20210427-WA0000-1024x668.jpg 1024w, https:\/\/labestiadeportiva.com\/lbd\/wp-content\/uploads\/2021\/04\/IMG-20210427-WA0000.jpg 1280w\" sizes=\"(max-width: 300px) 100vw, 300px\" \/><\/a>En el 2012 se comenz\u00f3 con el \u201cGran Premio de la Hermandad Hist\u00f3rico\u201d uniendo R\u00edo Grande con Porvenir con el armado organizativo de la entidad madre del deporte motor local. Muchos a\u00f1os despu\u00e9s se pudo llevar a cabo la primera experiencia dentro del aut\u00f3dromo con los cuidados sanitarios que el momento presente indica.<\/p>\n<p>Una prueba de resistencia como las \u201c3 Horas de R\u00edo Grande\u201d hecha el pasado fin de semana exige y mucho a las personas, autos y ayudantes que estuvieron unas 15 horas entre las pr\u00e1cticas del d\u00eda s\u00e1bado y la competencia cronometrada del domingo.<\/p>\n<p>Sin mayores problemas mec\u00e1nicos y sin registrar ning\u00fan incidente en pista los 32 autos pudieron recorrer los 3260 metros buscando ser precisos. El desaf\u00edo planteado era que cada equipo informara un tiempo de vuelta el s\u00e1bado y lo repitiera el domingo en dos series de una hora y media cada una.<\/p>\n<p><a href=\"http:\/\/labestiadeportiva.com\/lbd\/wp-content\/uploads\/2021\/04\/IMG-20210427-WA0008.jpg\"><img loading=\"lazy\" class=\"aligncenter size-medium wp-image-38436\" src=\"http:\/\/labestiadeportiva.com\/lbd\/wp-content\/uploads\/2021\/04\/IMG-20210427-WA0008-300x205.jpg\" alt=\"IMG-20210427-WA0008\" width=\"300\" height=\"205\" srcset=\"https:\/\/labestiadeportiva.com\/lbd\/wp-content\/uploads\/2021\/04\/IMG-20210427-WA0008-300x205.jpg 300w, https:\/\/labestiadeportiva.com\/lbd\/wp-content\/uploads\/2021\/04\/IMG-20210427-WA0008-1024x699.jpg 1024w, https:\/\/labestiadeportiva.com\/lbd\/wp-content\/uploads\/2021\/04\/IMG-20210427-WA0008.jpg 1280w\" sizes=\"(max-width: 300px) 100vw, 300px\" \/><\/a><br \/>\nS\u00f3lo tres pilotos hab\u00edan hecho esto antes, los venidos de Comodoro Rivadavia, Jos\u00e9 Ayerbe y Gast\u00f3n Carletti mas el local Daniel Gallo lo que, a priori, los marcaba como posibles candidatos a llevarse la Copa Challenger.<\/p>\n<p>Completada la primera serie era Facundo Carletti, piloto de rally en actividad, sobre un Renault 12 del a\u00f1o 84 que marcaba todas sus vueltas con 70 cent\u00e9simas de error promedio. Yanina Oller ubicaba al Renault 18 en el segundo lugar y H\u00e9ctor Austin sub\u00eda al \u00faltimo escal\u00f3n del podio con su VW Senda del a\u00f1o 94.<\/p>\n<p>La segunda serie es ganada por el joven Agust\u00edn Alvarado de apenas 18 a\u00f1os sobre el Renault 9, seguido del equipo ushuaiense de Saucedo- Tobares y Trevor Austin iguala lo hecho por su pap\u00e1 dejando al Senda en la tercera posici\u00f3n por delante del Renault 12 de Trejo-Carletti que desciende hasta la sexta posici\u00f3n.<\/p>\n<p><a href=\"http:\/\/labestiadeportiva.com\/lbd\/wp-content\/uploads\/2021\/04\/IMG-20210427-WA0005.jpg\"><img loading=\"lazy\" class=\"aligncenter size-medium wp-image-38437\" src=\"http:\/\/labestiadeportiva.com\/lbd\/wp-content\/uploads\/2021\/04\/IMG-20210427-WA0005-300x181.jpg\" alt=\"IMG-20210427-WA0005\" width=\"300\" height=\"181\" srcset=\"https:\/\/labestiadeportiva.com\/lbd\/wp-content\/uploads\/2021\/04\/IMG-20210427-WA0005-300x181.jpg 300w, https:\/\/labestiadeportiva.com\/lbd\/wp-content\/uploads\/2021\/04\/IMG-20210427-WA0005-1024x617.jpg 1024w, https:\/\/labestiadeportiva.com\/lbd\/wp-content\/uploads\/2021\/04\/IMG-20210427-WA0005.jpg 1280w\" sizes=\"(max-width: 300px) 100vw, 300px\" \/><\/a><br \/>\nAs\u00ed planteados los escenarios de las series cronometradas, empez\u00f3 un trabajo que consiste en comparar cada vuelta dada versus ese tiempo informado con anterioridad. Sorpresa general al encontrar que Trejo-Carletti y Austin-Austin empatan en 1 segundo 36 cent\u00e9simas sus errores promedios despu\u00e9s de girar durante 60 vueltas y tres horas de competencia.<\/p>\n<p>Algo in\u00e9dito y que hizo pensar a la gente de cronometraje para no apresurar un ganador ni dejar dudas con el procedimiento aplicado hasta ese momento. Usos y costumbres hicieron que se tomaran diferencias en cent\u00e9simas pensando que con eso era suficiente, repasando las planillas entregadas con los tiempos tomados con sensores se determina aplicar mil\u00e9simas y realizar las cuentas nuevamente para ese par de equipos ganadores.<\/p>\n<p><a href=\"http:\/\/labestiadeportiva.com\/lbd\/wp-content\/uploads\/2021\/04\/IMG-20210427-WA0002.jpg\"><img loading=\"lazy\" class=\"aligncenter size-medium wp-image-38438\" src=\"http:\/\/labestiadeportiva.com\/lbd\/wp-content\/uploads\/2021\/04\/IMG-20210427-WA0002-300x160.jpg\" alt=\"IMG-20210427-WA0002\" width=\"300\" height=\"160\" srcset=\"https:\/\/labestiadeportiva.com\/lbd\/wp-content\/uploads\/2021\/04\/IMG-20210427-WA0002-300x160.jpg 300w, https:\/\/labestiadeportiva.com\/lbd\/wp-content\/uploads\/2021\/04\/IMG-20210427-WA0002-1024x547.jpg 1024w, https:\/\/labestiadeportiva.com\/lbd\/wp-content\/uploads\/2021\/04\/IMG-20210427-WA0002.jpg 1280w\" sizes=\"(max-width: 300px) 100vw, 300px\" \/><\/a>Por s\u00f3lo 2 mil\u00e9simas, el Renault 12 se impone al VW Senda. Nuria Trejo y Facundo Carletti se quedan con un trofeo que bien pudo estar en poder de H\u00e9ctor Austin y Trevor Austin ya que esa diferencia es imperceptible para el humano com\u00fan.<\/p>\n<p>El podio lo completan otra pareja de pare de hijo, siendo los Alvarado con su Renault 9 los que se suben a un imaginario podio de esta primera edici\u00f3n aventajados por s\u00f3lo once cent\u00e9simas respecto del d\u00fao ganador.<\/p>\n<p><a href=\"http:\/\/labestiadeportiva.com\/lbd\/wp-content\/uploads\/2021\/04\/IMG-20210427-WA0001.jpg\"><img loading=\"lazy\" class=\"aligncenter size-medium wp-image-38439\" src=\"http:\/\/labestiadeportiva.com\/lbd\/wp-content\/uploads\/2021\/04\/IMG-20210427-WA0001-300x183.jpg\" alt=\"IMG-20210427-WA0001\" width=\"300\" height=\"183\" srcset=\"https:\/\/labestiadeportiva.com\/lbd\/wp-content\/uploads\/2021\/04\/IMG-20210427-WA0001-300x183.jpg 300w, https:\/\/labestiadeportiva.com\/lbd\/wp-content\/uploads\/2021\/04\/IMG-20210427-WA0001-1024x626.jpg 1024w, https:\/\/labestiadeportiva.com\/lbd\/wp-content\/uploads\/2021\/04\/IMG-20210427-WA0001.jpg 1280w\" sizes=\"(max-width: 300px) 100vw, 300px\" \/><\/a>Al escuchar el discurso de cierra de la presidente del Autom\u00f3vil Club R\u00edo Grande, va a tener continuidad el a\u00f1o que viene lo que hace que los cron\u00f3metros no se detengan para los entusiastas de los autos con mas de veinte a\u00f1os en sus entra\u00f1as.<\/p>\n<p><a href=\"http:\/\/labestiadeportiva.com\/lbd\/wp-content\/uploads\/2021\/04\/IMG-20210426-WA0178.jpg\"><img loading=\"lazy\" class=\"aligncenter size-medium wp-image-38441\" src=\"http:\/\/labestiadeportiva.com\/lbd\/wp-content\/uploads\/2021\/04\/IMG-20210426-WA0178-272x300.jpg\" alt=\"IMG-20210426-WA0178\" width=\"272\" height=\"300\" srcset=\"https:\/\/labestiadeportiva.com\/lbd\/wp-content\/uploads\/2021\/04\/IMG-20210426-WA0178-272x300.jpg 272w, https:\/\/labestiadeportiva.com\/lbd\/wp-content\/uploads\/2021\/04\/IMG-20210426-WA0178-927x1024.jpg 927w, https:\/\/labestiadeportiva.com\/lbd\/wp-content\/uploads\/2021\/04\/IMG-20210426-WA0178.jpg 993w\" sizes=\"(max-width: 272px) 100vw, 272px\" \/><\/a><\/p>\n<div class='epvc-post-count'><span class='epvc-eye'><\/span>  <span class=\"epvc-count\"> 1.052<\/span><span class='epvc-label'> veces le\u00edda<\/span><\/div>\n<div class=\"jwsharethis\">\nShare this: \n<br \/>\n<a href=\"mailto:?subject=%C2%ABTres%20Horas%C2%BB%20que%20parecieron%20pocas%20con%20dos%20mil%C3%A9simas%20que%20definieron%20un%20trofeo&amp;body=https%3A%2F%2Flabestiadeportiva.com%2Flbd%2Ftres-horas-que-parecieron-pocas-con-dos-milesimas-que-definieron-un-trofeo%2F\">\n<img src=\"https:\/\/labestiadeportiva.com\/lbd\/wp-content\/plugins\/jw-share-this\/email.png\" alt=\"Share this page via Email\" \/>\n<\/a>\n<a target=\"_blank\" href=\"http:\/\/www.stumbleupon.com\/submit?url=https%3A%2F%2Flabestiadeportiva.com%2Flbd%2Ftres-horas-que-parecieron-pocas-con-dos-milesimas-que-definieron-un-trofeo%2F&amp;title=%C2%ABTres+Horas%C2%BB+que+parecieron+pocas+con+dos+mil%C3%A9simas+que+definieron+un+trofeo\">\n<img src=\"https:\/\/labestiadeportiva.com\/lbd\/wp-content\/plugins\/jw-share-this\/su.png\" alt=\"Share this page via Stumble Upon\" \/>\n<\/a>\n<a target=\"_blank\" href=\"http:\/\/digg.com\/submit?url=https%3A%2F%2Flabestiadeportiva.com%2Flbd%2Ftres-horas-que-parecieron-pocas-con-dos-milesimas-que-definieron-un-trofeo%2F&amp;title=%C2%ABTres+Horas%C2%BB+que+parecieron+pocas+con+dos+mil%C3%A9simas+que+definieron+un+trofeo\">\n<img src=\"https:\/\/labestiadeportiva.com\/lbd\/wp-content\/plugins\/jw-share-this\/digg.png\" alt=\"Share this page via Digg this\" \/>\n<\/a>\n<a target=\"_blank\" href=\"http:\/\/www.facebook.com\/sharer.php?u=https%3A%2F%2Flabestiadeportiva.com%2Flbd%2Ftres-horas-que-parecieron-pocas-con-dos-milesimas-que-definieron-un-trofeo%2F&amp;t=%C2%ABTres+Horas%C2%BB+que+parecieron+pocas+con+dos+mil%C3%A9simas+que+definieron+un+trofeo\">\n<img src=\"https:\/\/labestiadeportiva.com\/lbd\/wp-content\/plugins\/jw-share-this\/fb.png\" alt=\"Share this page via Facebook\" \/>\n<\/a>\n<a target=\"_blank\" href=\"http:\/\/twitter.com\/intent\/tweet?text=I+like+https%3A%2F%2Flabestiadeportiva.com%2Flbd%2Ftres-horas-que-parecieron-pocas-con-dos-milesimas-que-definieron-un-trofeo%2F&amp;title=%C2%ABTres+Horas%C2%BB+que+parecieron+pocas+con+dos+mil%C3%A9simas+que+definieron+un+trofeo\">\n<img src=\"https:\/\/labestiadeportiva.com\/lbd\/wp-content\/plugins\/jw-share-this\/twitter.png\" alt=\"Share this page via Twitter\" \/>\n<\/a>\n<\/div>\n","protected":false},"excerpt":{"rendered":"<p>Por Gast\u00f3n Carletti (Especial para LBD) El entusiasmo demostrado por los 32 equipos participantes una vez terminada la competencia en el aut\u00f3dromo riograndense dejaron la impresi\u00f3n que los pilotos hubieran querido girar un par de horas mas con sus autos El hecho de rememorar viejas competencias, tiene a Tierra del Fuego en la mira de &hellip; <a href=\"https:\/\/labestiadeportiva.com\/lbd\/tres-horas-que-parecieron-pocas-con-dos-milesimas-que-definieron-un-trofeo\/\" class=\"more-link\">Seguir leyendo <span class=\"screen-reader-text\">\u00abTres Horas\u00bb que parecieron pocas con dos mil\u00e9simas que definieron un trofeo<\/span> <span class=\"meta-nav\">&rarr;<\/span><\/a><\/p>\n","protected":false},"author":1,"featured_media":38435,"comment_status":"open","ping_status":"open","sticky":false,"template":"","format":"standard","meta":[],"categories":[4490,5,6,1],"tags":[4492,86,4491],"_links":{"self":[{"href":"https:\/\/labestiadeportiva.com\/lbd\/wp-json\/wp\/v2\/posts\/38434"}],"collection":[{"href":"https:\/\/labestiadeportiva.com\/lbd\/wp-json\/wp\/v2\/posts"}],"about":[{"href":"https:\/\/labestiadeportiva.com\/lbd\/wp-json\/wp\/v2\/types\/post"}],"author":[{"embeddable":true,"href":"https:\/\/labestiadeportiva.com\/lbd\/wp-json\/wp\/v2\/users\/1"}],"replies":[{"embeddable":true,"href":"https:\/\/labestiadeportiva.com\/lbd\/wp-json\/wp\/v2\/comments?post=38434"}],"version-history":[{"count":1,"href":"https:\/\/labestiadeportiva.com\/lbd\/wp-json\/wp\/v2\/posts\/38434\/revisions"}],"predecessor-version":[{"id":38442,"href":"https:\/\/labestiadeportiva.com\/lbd\/wp-json\/wp\/v2\/posts\/38434\/revisions\/38442"}],"wp:featuredmedia":[{"embeddable":true,"href":"https:\/\/labestiadeportiva.com\/lbd\/wp-json\/wp\/v2\/media\/38435"}],"wp:attachment":[{"href":"https:\/\/labestiadeportiva.com\/lbd\/wp-json\/wp\/v2\/media?parent=38434"}],"wp:term":[{"taxonomy":"category","embeddable":true,"href":"https:\/\/labestiadeportiva.com\/lbd\/wp-json\/wp\/v2\/categories?post=38434"},{"taxonomy":"post_tag","embeddable":true,"href":"https:\/\/labestiadeportiva.com\/lbd\/wp-json\/wp\/v2\/tags?post=38434"}],"curies":[{"name":"wp","href":"https:\/\/api.w.org\/{rel}","templated":true}]}}