{"id":38468,"date":"2021-04-29T11:23:56","date_gmt":"2021-04-29T14:23:56","guid":{"rendered":"http:\/\/labestiadeportiva.com\/lbd\/?p=38468"},"modified":"2021-04-29T11:23:56","modified_gmt":"2021-04-29T14:23:56","slug":"river-triunfo-y-polemica","status":"publish","type":"post","link":"https:\/\/labestiadeportiva.com\/lbd\/river-triunfo-y-polemica\/","title":{"rendered":"River, triunfo y pol\u00e9mica"},"content":{"rendered":"<p>Por Javier Nicol\u00e1s Baroli (Corresponsal LBD en R\u00edo Gallegos)<\/p>\n<p><a href=\"http:\/\/labestiadeportiva.com\/lbd\/wp-content\/uploads\/2021\/04\/IMG-20210429-WA0044.jpg\"><img loading=\"lazy\" src=\"http:\/\/labestiadeportiva.com\/lbd\/wp-content\/uploads\/2021\/04\/IMG-20210429-WA0044-300x204.jpg\" alt=\"IMG-20210429-WA0044\" width=\"300\" height=\"204\" class=\"aligncenter size-medium wp-image-38469\" srcset=\"https:\/\/labestiadeportiva.com\/lbd\/wp-content\/uploads\/2021\/04\/IMG-20210429-WA0044-300x204.jpg 300w, https:\/\/labestiadeportiva.com\/lbd\/wp-content\/uploads\/2021\/04\/IMG-20210429-WA0044.jpg 980w\" sizes=\"(max-width: 300px) 100vw, 300px\" \/><\/a><br \/>\nSin sobrarle nada, River se impuso por 2 a 1 a Junior por la segunda fecha de la Copa Libertadores de Am\u00e9rica. Mart\u00ednez y \u00c1lvarez los goles para el local, sobre el cierre descont\u00f3 Borja para los cafeteros. <!--more--><\/p>\n<p>River se hizo fuerte como local para conseguir su primer triunfo en la Copa Libertadores 2021. Por la segunda fecha del Grupo D, el equipo de Marcelo Gallardo derrot\u00f3 2-1 a Junior de Barranquila en el Monumental y es l\u00edder de su zona. <\/p>\n<p>Al \u00abMillonario\u00bb le cost\u00f3 bastante, pero termin\u00f3 festejando ante los colombianos en el duelo que marc\u00f3 su regreso a N\u00fa\u00f1ez en el torneo continental luego de m\u00e1s de un a\u00f1o lejos de casa debido a la suspensi\u00f3n por la pandemia y a las obras en el campo de juego. <\/p>\n<p>Con este triunfo, River lleg\u00f3 a 4 unidades y junto a Fluminense lideran el Grupo D.<\/p>\n<div class='epvc-post-count'><span class='epvc-eye'><\/span>  <span class=\"epvc-count\"> 1.066<\/span><span class='epvc-label'> veces le\u00edda<\/span><\/div>\n<div class=\"jwsharethis\">\nShare this: \n<br \/>\n<a href=\"mailto:?subject=River%2C%20triunfo%20y%20pol%C3%A9mica&amp;body=https%3A%2F%2Flabestiadeportiva.com%2Flbd%2Friver-triunfo-y-polemica%2F\">\n<img src=\"https:\/\/labestiadeportiva.com\/lbd\/wp-content\/plugins\/jw-share-this\/email.png\" alt=\"Share this page via Email\" \/>\n<\/a>\n<a target=\"_blank\" href=\"http:\/\/www.stumbleupon.com\/submit?url=https%3A%2F%2Flabestiadeportiva.com%2Flbd%2Friver-triunfo-y-polemica%2F&amp;title=River%2C+triunfo+y+pol%C3%A9mica\">\n<img src=\"https:\/\/labestiadeportiva.com\/lbd\/wp-content\/plugins\/jw-share-this\/su.png\" alt=\"Share this page via Stumble Upon\" \/>\n<\/a>\n<a target=\"_blank\" href=\"http:\/\/digg.com\/submit?url=https%3A%2F%2Flabestiadeportiva.com%2Flbd%2Friver-triunfo-y-polemica%2F&amp;title=River%2C+triunfo+y+pol%C3%A9mica\">\n<img src=\"https:\/\/labestiadeportiva.com\/lbd\/wp-content\/plugins\/jw-share-this\/digg.png\" alt=\"Share this page via Digg this\" \/>\n<\/a>\n<a target=\"_blank\" href=\"http:\/\/www.facebook.com\/sharer.php?u=https%3A%2F%2Flabestiadeportiva.com%2Flbd%2Friver-triunfo-y-polemica%2F&amp;t=River%2C+triunfo+y+pol%C3%A9mica\">\n<img src=\"https:\/\/labestiadeportiva.com\/lbd\/wp-content\/plugins\/jw-share-this\/fb.png\" alt=\"Share this page via Facebook\" \/>\n<\/a>\n<a target=\"_blank\" href=\"http:\/\/twitter.com\/intent\/tweet?text=I+like+https%3A%2F%2Flabestiadeportiva.com%2Flbd%2Friver-triunfo-y-polemica%2F&amp;title=River%2C+triunfo+y+pol%C3%A9mica\">\n<img src=\"https:\/\/labestiadeportiva.com\/lbd\/wp-content\/plugins\/jw-share-this\/twitter.png\" alt=\"Share this page via Twitter\" \/>\n<\/a>\n<\/div>\n","protected":false},"excerpt":{"rendered":"<p>Por Javier Nicol\u00e1s Baroli (Corresponsal LBD en R\u00edo Gallegos) Sin sobrarle nada, River se impuso por 2 a 1 a Junior por la segunda fecha de la Copa Libertadores de Am\u00e9rica. Mart\u00ednez y \u00c1lvarez los goles para el local, sobre el cierre descont\u00f3 Borja para los cafeteros. 1.066 veces le\u00edda Share this:<\/p>\n","protected":false},"author":1,"featured_media":38469,"comment_status":"open","ping_status":"open","sticky":false,"template":"","format":"standard","meta":[],"categories":[4,2292,1],"tags":[465,17,3660,1208],"_links":{"self":[{"href":"https:\/\/labestiadeportiva.com\/lbd\/wp-json\/wp\/v2\/posts\/38468"}],"collection":[{"href":"https:\/\/labestiadeportiva.com\/lbd\/wp-json\/wp\/v2\/posts"}],"about":[{"href":"https:\/\/labestiadeportiva.com\/lbd\/wp-json\/wp\/v2\/types\/post"}],"author":[{"embeddable":true,"href":"https:\/\/labestiadeportiva.com\/lbd\/wp-json\/wp\/v2\/users\/1"}],"replies":[{"embeddable":true,"href":"https:\/\/labestiadeportiva.com\/lbd\/wp-json\/wp\/v2\/comments?post=38468"}],"version-history":[{"count":1,"href":"https:\/\/labestiadeportiva.com\/lbd\/wp-json\/wp\/v2\/posts\/38468\/revisions"}],"predecessor-version":[{"id":38470,"href":"https:\/\/labestiadeportiva.com\/lbd\/wp-json\/wp\/v2\/posts\/38468\/revisions\/38470"}],"wp:featuredmedia":[{"embeddable":true,"href":"https:\/\/labestiadeportiva.com\/lbd\/wp-json\/wp\/v2\/media\/38469"}],"wp:attachment":[{"href":"https:\/\/labestiadeportiva.com\/lbd\/wp-json\/wp\/v2\/media?parent=38468"}],"wp:term":[{"taxonomy":"category","embeddable":true,"href":"https:\/\/labestiadeportiva.com\/lbd\/wp-json\/wp\/v2\/categories?post=38468"},{"taxonomy":"post_tag","embeddable":true,"href":"https:\/\/labestiadeportiva.com\/lbd\/wp-json\/wp\/v2\/tags?post=38468"}],"curies":[{"name":"wp","href":"https:\/\/api.w.org\/{rel}","templated":true}]}}