{"id":38471,"date":"2021-04-29T16:34:32","date_gmt":"2021-04-29T19:34:32","guid":{"rendered":"http:\/\/labestiadeportiva.com\/lbd\/?p=38471"},"modified":"2021-05-13T12:59:24","modified_gmt":"2021-05-13T15:59:24","slug":"tenemos-la-gran-oportunidad-de-dirigir-la-federacion-desde-rio-grande-para-toda-la-provincia","status":"publish","type":"post","link":"https:\/\/labestiadeportiva.com\/lbd\/tenemos-la-gran-oportunidad-de-dirigir-la-federacion-desde-rio-grande-para-toda-la-provincia\/","title":{"rendered":"\u00abTenemos la gran oportunidad de dirigir la Federaci\u00f3n desde R\u00edo Grande para toda la provincia\u00bb (Audio)"},"content":{"rendered":"<p><a href=\"http:\/\/labestiadeportiva.com\/lbd\/wp-content\/uploads\/2021\/04\/logo-federacion-tdf.jpg\"><img loading=\"lazy\" src=\"http:\/\/labestiadeportiva.com\/lbd\/wp-content\/uploads\/2021\/04\/logo-federacion-tdf.jpg\" alt=\"logo federacion tdf\" width=\"202\" height=\"245\" class=\"aligncenter size-full wp-image-38473\" \/><\/a><br \/>\nEl pasado mi\u00e9rcoles Ignacio Cichero, dirigente del club Yoppen, se transform\u00f3 en el nuevo Presidente de la Federaci\u00f3n de Hockey Pista de Tierra del Fuego. Nos comunicamos con \u00e9l en busca de sus primeras declaraciones.<\/p>\n<p>Compartimos la entrevista lograda este jueves en la 100.1 Radio Provincia.<!--more--><\/p>\n<p><a href=\"http:\/\/labestiadeportiva.com\/lbd\/wp-content\/uploads\/2021\/04\/Screenshot_20210429-1006203.png\"><img loading=\"lazy\" src=\"http:\/\/labestiadeportiva.com\/lbd\/wp-content\/uploads\/2021\/04\/Screenshot_20210429-1006203-300x158.png\" alt=\"Screenshot_20210429-100620~3\" width=\"300\" height=\"158\" class=\"aligncenter size-medium wp-image-38477\" srcset=\"https:\/\/labestiadeportiva.com\/lbd\/wp-content\/uploads\/2021\/04\/Screenshot_20210429-1006203-300x158.png 300w, https:\/\/labestiadeportiva.com\/lbd\/wp-content\/uploads\/2021\/04\/Screenshot_20210429-1006203.png 688w\" sizes=\"(max-width: 300px) 100vw, 300px\" \/><\/a><\/p>\n<p><iframe loading=\"lazy\" width=\"560\" height=\"315\" src=\"https:\/\/www.youtube.com\/embed\/xhL57RQz6I4\" title=\"YouTube video player\" frameborder=\"0\" allow=\"accelerometer; autoplay; clipboard-write; encrypted-media; gyroscope; picture-in-picture\" allowfullscreen><\/iframe><\/p>\n<div class='epvc-post-count'><span class='epvc-eye'><\/span>  <span class=\"epvc-count\"> 1.028<\/span><span class='epvc-label'> veces le\u00edda<\/span><\/div>\n<div class=\"jwsharethis\">\nShare this: \n<br \/>\n<a href=\"mailto:?subject=%C2%ABTenemos%20la%20gran%20oportunidad%20de%20dirigir%20la%20Federaci%C3%B3n%20desde%20R%C3%ADo%20Grande%20para%20toda%20la%20provincia%C2%BB%20%28Audio%29&amp;body=https%3A%2F%2Flabestiadeportiva.com%2Flbd%2Ftenemos-la-gran-oportunidad-de-dirigir-la-federacion-desde-rio-grande-para-toda-la-provincia%2F\">\n<img src=\"https:\/\/labestiadeportiva.com\/lbd\/wp-content\/plugins\/jw-share-this\/email.png\" alt=\"Share this page via Email\" \/>\n<\/a>\n<a target=\"_blank\" href=\"http:\/\/www.stumbleupon.com\/submit?url=https%3A%2F%2Flabestiadeportiva.com%2Flbd%2Ftenemos-la-gran-oportunidad-de-dirigir-la-federacion-desde-rio-grande-para-toda-la-provincia%2F&amp;title=%C2%ABTenemos+la+gran+oportunidad+de+dirigir+la+Federaci%C3%B3n+desde+R%C3%ADo+Grande+para+toda+la+provincia%C2%BB+%28Audio%29\">\n<img src=\"https:\/\/labestiadeportiva.com\/lbd\/wp-content\/plugins\/jw-share-this\/su.png\" alt=\"Share this page via Stumble Upon\" \/>\n<\/a>\n<a target=\"_blank\" href=\"http:\/\/digg.com\/submit?url=https%3A%2F%2Flabestiadeportiva.com%2Flbd%2Ftenemos-la-gran-oportunidad-de-dirigir-la-federacion-desde-rio-grande-para-toda-la-provincia%2F&amp;title=%C2%ABTenemos+la+gran+oportunidad+de+dirigir+la+Federaci%C3%B3n+desde+R%C3%ADo+Grande+para+toda+la+provincia%C2%BB+%28Audio%29\">\n<img src=\"https:\/\/labestiadeportiva.com\/lbd\/wp-content\/plugins\/jw-share-this\/digg.png\" alt=\"Share this page via Digg this\" \/>\n<\/a>\n<a target=\"_blank\" href=\"http:\/\/www.facebook.com\/sharer.php?u=https%3A%2F%2Flabestiadeportiva.com%2Flbd%2Ftenemos-la-gran-oportunidad-de-dirigir-la-federacion-desde-rio-grande-para-toda-la-provincia%2F&amp;t=%C2%ABTenemos+la+gran+oportunidad+de+dirigir+la+Federaci%C3%B3n+desde+R%C3%ADo+Grande+para+toda+la+provincia%C2%BB+%28Audio%29\">\n<img src=\"https:\/\/labestiadeportiva.com\/lbd\/wp-content\/plugins\/jw-share-this\/fb.png\" alt=\"Share this page via Facebook\" \/>\n<\/a>\n<a target=\"_blank\" href=\"http:\/\/twitter.com\/intent\/tweet?text=I+like+https%3A%2F%2Flabestiadeportiva.com%2Flbd%2Ftenemos-la-gran-oportunidad-de-dirigir-la-federacion-desde-rio-grande-para-toda-la-provincia%2F&amp;title=%C2%ABTenemos+la+gran+oportunidad+de+dirigir+la+Federaci%C3%B3n+desde+R%C3%ADo+Grande+para+toda+la+provincia%C2%BB+%28Audio%29\">\n<img src=\"https:\/\/labestiadeportiva.com\/lbd\/wp-content\/plugins\/jw-share-this\/twitter.png\" alt=\"Share this page via Twitter\" \/>\n<\/a>\n<\/div>\n","protected":false},"excerpt":{"rendered":"<p>El pasado mi\u00e9rcoles Ignacio Cichero, dirigente del club Yoppen, se transform\u00f3 en el nuevo Presidente de la Federaci\u00f3n de Hockey Pista de Tierra del Fuego. Nos comunicamos con \u00e9l en busca de sus primeras declaraciones. Compartimos la entrevista lograda este jueves en la 100.1 Radio Provincia. 1.028 veces le\u00edda Share this:<\/p>\n","protected":false},"author":1,"featured_media":38473,"comment_status":"open","ping_status":"open","sticky":false,"template":"","format":"standard","meta":[],"categories":[5,60,2325,1],"tags":[2268],"_links":{"self":[{"href":"https:\/\/labestiadeportiva.com\/lbd\/wp-json\/wp\/v2\/posts\/38471"}],"collection":[{"href":"https:\/\/labestiadeportiva.com\/lbd\/wp-json\/wp\/v2\/posts"}],"about":[{"href":"https:\/\/labestiadeportiva.com\/lbd\/wp-json\/wp\/v2\/types\/post"}],"author":[{"embeddable":true,"href":"https:\/\/labestiadeportiva.com\/lbd\/wp-json\/wp\/v2\/users\/1"}],"replies":[{"embeddable":true,"href":"https:\/\/labestiadeportiva.com\/lbd\/wp-json\/wp\/v2\/comments?post=38471"}],"version-history":[{"count":5,"href":"https:\/\/labestiadeportiva.com\/lbd\/wp-json\/wp\/v2\/posts\/38471\/revisions"}],"predecessor-version":[{"id":38478,"href":"https:\/\/labestiadeportiva.com\/lbd\/wp-json\/wp\/v2\/posts\/38471\/revisions\/38478"}],"wp:featuredmedia":[{"embeddable":true,"href":"https:\/\/labestiadeportiva.com\/lbd\/wp-json\/wp\/v2\/media\/38473"}],"wp:attachment":[{"href":"https:\/\/labestiadeportiva.com\/lbd\/wp-json\/wp\/v2\/media?parent=38471"}],"wp:term":[{"taxonomy":"category","embeddable":true,"href":"https:\/\/labestiadeportiva.com\/lbd\/wp-json\/wp\/v2\/categories?post=38471"},{"taxonomy":"post_tag","embeddable":true,"href":"https:\/\/labestiadeportiva.com\/lbd\/wp-json\/wp\/v2\/tags?post=38471"}],"curies":[{"name":"wp","href":"https:\/\/api.w.org\/{rel}","templated":true}]}}