{"id":38527,"date":"2021-05-05T09:01:34","date_gmt":"2021-05-05T12:01:34","guid":{"rendered":"http:\/\/labestiadeportiva.com\/lbd\/?p=38527"},"modified":"2021-05-05T09:01:34","modified_gmt":"2021-05-05T12:01:34","slug":"la-3-termino-bajo-el-agua","status":"publish","type":"post","link":"https:\/\/labestiadeportiva.com\/lbd\/la-3-termino-bajo-el-agua\/","title":{"rendered":"La 3\u00b0 termin\u00f3 bajo el agua"},"content":{"rendered":"<p><a href=\"http:\/\/labestiadeportiva.com\/lbd\/wp-content\/uploads\/2021\/05\/IMG-20210504-WA0092.jpg\"><img loading=\"lazy\" src=\"http:\/\/labestiadeportiva.com\/lbd\/wp-content\/uploads\/2021\/05\/IMG-20210504-WA0092-300x200.jpg\" alt=\"IMG-20210504-WA0092\" width=\"300\" height=\"200\" class=\"aligncenter size-medium wp-image-38528\" srcset=\"https:\/\/labestiadeportiva.com\/lbd\/wp-content\/uploads\/2021\/05\/IMG-20210504-WA0092-300x200.jpg 300w, https:\/\/labestiadeportiva.com\/lbd\/wp-content\/uploads\/2021\/05\/IMG-20210504-WA0092-1024x682.jpg 1024w, https:\/\/labestiadeportiva.com\/lbd\/wp-content\/uploads\/2021\/05\/IMG-20210504-WA0092.jpg 1280w\" sizes=\"(max-width: 300px) 100vw, 300px\" \/><\/a><br \/>\nEl pasado domingo se disput\u00f3 la tercera fecha del Campeonato Provincial de Karting. 53 autos presentes en la capital fueguina. G\u00f3mez, Berti, Loiza, Ojeda y Baschera ganaron sus segmentos. La pr\u00f3xima jornada oficial, \u00faltima antes del receso invernal, ser\u00e1 en R\u00edo Grande a fines de Mayo. Las fotos son gentileza de Germ\u00e1n Barrios.<!--more--><\/p>\n<p>Todo comenz\u00f3 el s\u00e1bado por la tarde con los entrenamientos oficiales. Ya el domingo desde temprano lleg\u00f3 lo mejor, clasificaciones, series y finales.<\/p>\n<p>Si bien la jornada dominguera se present\u00f3 nublada a medida que pasaron las horas todo se fue complicando.<\/p>\n<p>Entre las 15 y 15.30 horas la lluvia se hizo presente cada vez m\u00e1s intensa e hizo que los organizadores modifiquen el cierre de las acciones.<\/p>\n<p>Parate de alrededor de 30 minutos donde la gente de la APKU 2000 trabaj\u00f3 sobre los sectores de la pista que acumularon una importante cantidad de agua.<\/p>\n<p>Se tom\u00f3 la l\u00f3gica determinaci\u00f3n de acotar a 10 el n\u00famero de vueltas de las finales y suspender el segmento de los m\u00e1s peque\u00f1os, Stihl 60 c.c., con el objetivo de no exponerlos.<\/p>\n<p><a href=\"http:\/\/labestiadeportiva.com\/lbd\/wp-content\/uploads\/2021\/05\/IMG-20210504-WA0093.jpg\"><img loading=\"lazy\" src=\"http:\/\/labestiadeportiva.com\/lbd\/wp-content\/uploads\/2021\/05\/IMG-20210504-WA0093-300x200.jpg\" alt=\"IMG-20210504-WA0093\" width=\"300\" height=\"200\" class=\"aligncenter size-medium wp-image-38529\" srcset=\"https:\/\/labestiadeportiva.com\/lbd\/wp-content\/uploads\/2021\/05\/IMG-20210504-WA0093-300x200.jpg 300w, https:\/\/labestiadeportiva.com\/lbd\/wp-content\/uploads\/2021\/05\/IMG-20210504-WA0093-1024x682.jpg 1024w, https:\/\/labestiadeportiva.com\/lbd\/wp-content\/uploads\/2021\/05\/IMG-20210504-WA0093.jpg 1280w\" sizes=\"(max-width: 300px) 100vw, 300px\" \/><\/a><br \/>\nEn cuanto a los resultados Federico G\u00f3mez domin\u00f3 en Zanella 125, Valentino Berti lo hizo en Sudan Junior, la Sudam Senior fue para Nicol\u00e1s Loiza mientras que los vencedores en los Cajeros 4 T fueron Juan Ojeda en el segmento mayor y Guido Baschera entre los Junior.<\/p>\n<p>Con tres fechas disputadas los l\u00edderes de cada segmento son Ezequiel G\u00f3mez en Stihl con 68 unidades, Sudam Senior Emilio Pavlov 89, Rossi en la Sudam Junior 104, Bora lidera en Zanella 125 con 85 puntos mientras que D&#8217; \u00c1ngelo con 81 manda hasta el momento en el segmento superior de los Cajeros 4T y Guido Baschera en los Junior con 46.5 puntos.<\/p>\n<p>La \u00faltima fecha antes del receso invernal llegar\u00e1 a fin de mes y volver\u00e1 a la ciudad de R\u00edo Grande.<\/p>\n<p>Gran presente del karting provincial donde en tres jornadas oficiales, realizadas con fuerte protocolo donde el auto p\u00fablico e inclusive la imposibilidad de presenciar la jornada, nunca baj\u00f3 de 50 autos en pista.<\/p>\n<p><a href=\"http:\/\/labestiadeportiva.com\/lbd\/wp-content\/uploads\/2021\/05\/IMG-20210504-WA0091.jpg\"><img loading=\"lazy\" src=\"http:\/\/labestiadeportiva.com\/lbd\/wp-content\/uploads\/2021\/05\/IMG-20210504-WA0091-300x200.jpg\" alt=\"IMG-20210504-WA0091\" width=\"300\" height=\"200\" class=\"aligncenter size-medium wp-image-38530\" srcset=\"https:\/\/labestiadeportiva.com\/lbd\/wp-content\/uploads\/2021\/05\/IMG-20210504-WA0091-300x200.jpg 300w, https:\/\/labestiadeportiva.com\/lbd\/wp-content\/uploads\/2021\/05\/IMG-20210504-WA0091-1024x682.jpg 1024w, https:\/\/labestiadeportiva.com\/lbd\/wp-content\/uploads\/2021\/05\/IMG-20210504-WA0091.jpg 1280w\" sizes=\"(max-width: 300px) 100vw, 300px\" \/><\/a><\/p>\n<div class='epvc-post-count'><span class='epvc-eye'><\/span>  <span class=\"epvc-count\"> 1.078<\/span><span class='epvc-label'> veces le\u00edda<\/span><\/div>\n<div class=\"jwsharethis\">\nShare this: \n<br \/>\n<a href=\"mailto:?subject=La%203%C2%B0%20termin%C3%B3%20bajo%20el%20agua&amp;body=https%3A%2F%2Flabestiadeportiva.com%2Flbd%2Fla-3-termino-bajo-el-agua%2F\">\n<img src=\"https:\/\/labestiadeportiva.com\/lbd\/wp-content\/plugins\/jw-share-this\/email.png\" alt=\"Share this page via Email\" \/>\n<\/a>\n<a target=\"_blank\" href=\"http:\/\/www.stumbleupon.com\/submit?url=https%3A%2F%2Flabestiadeportiva.com%2Flbd%2Fla-3-termino-bajo-el-agua%2F&amp;title=La+3%C2%B0+termin%C3%B3+bajo+el+agua\">\n<img src=\"https:\/\/labestiadeportiva.com\/lbd\/wp-content\/plugins\/jw-share-this\/su.png\" alt=\"Share this page via Stumble Upon\" \/>\n<\/a>\n<a target=\"_blank\" href=\"http:\/\/digg.com\/submit?url=https%3A%2F%2Flabestiadeportiva.com%2Flbd%2Fla-3-termino-bajo-el-agua%2F&amp;title=La+3%C2%B0+termin%C3%B3+bajo+el+agua\">\n<img src=\"https:\/\/labestiadeportiva.com\/lbd\/wp-content\/plugins\/jw-share-this\/digg.png\" alt=\"Share this page via Digg this\" \/>\n<\/a>\n<a target=\"_blank\" href=\"http:\/\/www.facebook.com\/sharer.php?u=https%3A%2F%2Flabestiadeportiva.com%2Flbd%2Fla-3-termino-bajo-el-agua%2F&amp;t=La+3%C2%B0+termin%C3%B3+bajo+el+agua\">\n<img src=\"https:\/\/labestiadeportiva.com\/lbd\/wp-content\/plugins\/jw-share-this\/fb.png\" alt=\"Share this page via Facebook\" \/>\n<\/a>\n<a target=\"_blank\" href=\"http:\/\/twitter.com\/intent\/tweet?text=I+like+https%3A%2F%2Flabestiadeportiva.com%2Flbd%2Fla-3-termino-bajo-el-agua%2F&amp;title=La+3%C2%B0+termin%C3%B3+bajo+el+agua\">\n<img src=\"https:\/\/labestiadeportiva.com\/lbd\/wp-content\/plugins\/jw-share-this\/twitter.png\" alt=\"Share this page via Twitter\" \/>\n<\/a>\n<\/div>\n","protected":false},"excerpt":{"rendered":"<p>El pasado domingo se disput\u00f3 la tercera fecha del Campeonato Provincial de Karting. 53 autos presentes en la capital fueguina. G\u00f3mez, Berti, Loiza, Ojeda y Baschera ganaron sus segmentos. La pr\u00f3xima jornada oficial, \u00faltima antes del receso invernal, ser\u00e1 en R\u00edo Grande a fines de Mayo. Las fotos son gentileza de Germ\u00e1n Barrios. 1.078 veces &hellip; <a href=\"https:\/\/labestiadeportiva.com\/lbd\/la-3-termino-bajo-el-agua\/\" class=\"more-link\">Seguir leyendo <span class=\"screen-reader-text\">La 3\u00b0 termin\u00f3 bajo el agua<\/span> <span class=\"meta-nav\">&rarr;<\/span><\/a><\/p>\n","protected":false},"author":1,"featured_media":38528,"comment_status":"open","ping_status":"open","sticky":false,"template":"","format":"standard","meta":[],"categories":[5,2152,1],"tags":[428,1048,280],"_links":{"self":[{"href":"https:\/\/labestiadeportiva.com\/lbd\/wp-json\/wp\/v2\/posts\/38527"}],"collection":[{"href":"https:\/\/labestiadeportiva.com\/lbd\/wp-json\/wp\/v2\/posts"}],"about":[{"href":"https:\/\/labestiadeportiva.com\/lbd\/wp-json\/wp\/v2\/types\/post"}],"author":[{"embeddable":true,"href":"https:\/\/labestiadeportiva.com\/lbd\/wp-json\/wp\/v2\/users\/1"}],"replies":[{"embeddable":true,"href":"https:\/\/labestiadeportiva.com\/lbd\/wp-json\/wp\/v2\/comments?post=38527"}],"version-history":[{"count":1,"href":"https:\/\/labestiadeportiva.com\/lbd\/wp-json\/wp\/v2\/posts\/38527\/revisions"}],"predecessor-version":[{"id":38531,"href":"https:\/\/labestiadeportiva.com\/lbd\/wp-json\/wp\/v2\/posts\/38527\/revisions\/38531"}],"wp:featuredmedia":[{"embeddable":true,"href":"https:\/\/labestiadeportiva.com\/lbd\/wp-json\/wp\/v2\/media\/38528"}],"wp:attachment":[{"href":"https:\/\/labestiadeportiva.com\/lbd\/wp-json\/wp\/v2\/media?parent=38527"}],"wp:term":[{"taxonomy":"category","embeddable":true,"href":"https:\/\/labestiadeportiva.com\/lbd\/wp-json\/wp\/v2\/categories?post=38527"},{"taxonomy":"post_tag","embeddable":true,"href":"https:\/\/labestiadeportiva.com\/lbd\/wp-json\/wp\/v2\/tags?post=38527"}],"curies":[{"name":"wp","href":"https:\/\/api.w.org\/{rel}","templated":true}]}}