{"id":38836,"date":"2021-06-06T17:54:38","date_gmt":"2021-06-06T20:54:38","guid":{"rendered":"http:\/\/labestiadeportiva.com\/lbd\/?p=38836"},"modified":"2021-06-06T17:54:38","modified_gmt":"2021-06-06T20:54:38","slug":"colon-hizo-historia","status":"publish","type":"post","link":"https:\/\/labestiadeportiva.com\/lbd\/colon-hizo-historia\/","title":{"rendered":"Col\u00f3n hizo historia"},"content":{"rendered":"<p>Por Javier Nicol\u00e1s Baroli (Corresponsal LBD en R\u00edo Gallegos)<\/p>\n<p><a href=\"http:\/\/labestiadeportiva.com\/lbd\/wp-content\/uploads\/2021\/06\/IMG-20210606-WA0053.jpg\"><img loading=\"lazy\" src=\"http:\/\/labestiadeportiva.com\/lbd\/wp-content\/uploads\/2021\/06\/IMG-20210606-WA0053-300x169.jpg\" alt=\"IMG-20210606-WA0053\" width=\"300\" height=\"169\" class=\"aligncenter size-medium wp-image-38837\" srcset=\"https:\/\/labestiadeportiva.com\/lbd\/wp-content\/uploads\/2021\/06\/IMG-20210606-WA0053-300x169.jpg 300w, https:\/\/labestiadeportiva.com\/lbd\/wp-content\/uploads\/2021\/06\/IMG-20210606-WA0053-1024x576.jpg 1024w, https:\/\/labestiadeportiva.com\/lbd\/wp-content\/uploads\/2021\/06\/IMG-20210606-WA0053.jpg 1200w\" sizes=\"(max-width: 300px) 100vw, 300px\" \/><\/a><br \/>\nEl equipo \u00abSabalero\u00bb escribi\u00f3 su p\u00e1gina m\u00e1s gloriosa. Con un \u00abPulga\u00bb Rodr\u00edguez como abanderado m\u00e1s el riguroso trabajo de Eduardo Dom\u00ednguez, medio Santa Fe grit\u00f3 Campe\u00f3n.<!--more--><\/p>\n<p>Humilde y sufrido. As\u00ed se puede calificar al coraz\u00f3n y el ADN del hincha de Col\u00f3n. Por primera vez en sus 116 a\u00f1os se estamp\u00f3 su estrella de campe\u00f3n y genero la admiraci\u00f3n y el reconocimiento de todo el f\u00fatbol Argentino, ya que desde principio a fin fue el equipo que siempre propuso un estilo y filosof\u00eda de juego que lo llev\u00f3 a alcanzar el objetivo.<\/p>\n<p>De esta manera Col\u00f3n de Santa Fe\u00a0se convirti\u00f3 en el equipo n\u00famero 19 en la historia del f\u00fatbol argentino en consagrarse campe\u00f3n de Primera Divisi\u00f3n, entrando en la historia grande de una instituci\u00f3n centenaria.<\/p>\n<p>Este Col\u00f3n perdurar\u00e1 en el coraz\u00f3n de todos quienes amamos el f\u00fatbol. Y de paso, se convirti\u00f3 en el primer clasificado del f\u00fatbol argentino a la Libertadores 2022.<\/p>\n<div class='epvc-post-count'><span class='epvc-eye'><\/span>  <span class=\"epvc-count\"> 1.228<\/span><span class='epvc-label'> veces le\u00edda<\/span><\/div>\n<div class=\"jwsharethis\">\nShare this: \n<br \/>\n<a href=\"mailto:?subject=Col%C3%B3n%20hizo%20historia&amp;body=https%3A%2F%2Flabestiadeportiva.com%2Flbd%2Fcolon-hizo-historia%2F\">\n<img src=\"https:\/\/labestiadeportiva.com\/lbd\/wp-content\/plugins\/jw-share-this\/email.png\" alt=\"Share this page via Email\" \/>\n<\/a>\n<a target=\"_blank\" href=\"http:\/\/www.stumbleupon.com\/submit?url=https%3A%2F%2Flabestiadeportiva.com%2Flbd%2Fcolon-hizo-historia%2F&amp;title=Col%C3%B3n+hizo+historia\">\n<img src=\"https:\/\/labestiadeportiva.com\/lbd\/wp-content\/plugins\/jw-share-this\/su.png\" alt=\"Share this page via Stumble Upon\" \/>\n<\/a>\n<a target=\"_blank\" href=\"http:\/\/digg.com\/submit?url=https%3A%2F%2Flabestiadeportiva.com%2Flbd%2Fcolon-hizo-historia%2F&amp;title=Col%C3%B3n+hizo+historia\">\n<img src=\"https:\/\/labestiadeportiva.com\/lbd\/wp-content\/plugins\/jw-share-this\/digg.png\" alt=\"Share this page via Digg this\" \/>\n<\/a>\n<a target=\"_blank\" href=\"http:\/\/www.facebook.com\/sharer.php?u=https%3A%2F%2Flabestiadeportiva.com%2Flbd%2Fcolon-hizo-historia%2F&amp;t=Col%C3%B3n+hizo+historia\">\n<img src=\"https:\/\/labestiadeportiva.com\/lbd\/wp-content\/plugins\/jw-share-this\/fb.png\" alt=\"Share this page via Facebook\" \/>\n<\/a>\n<a target=\"_blank\" href=\"http:\/\/twitter.com\/intent\/tweet?text=I+like+https%3A%2F%2Flabestiadeportiva.com%2Flbd%2Fcolon-hizo-historia%2F&amp;title=Col%C3%B3n+hizo+historia\">\n<img src=\"https:\/\/labestiadeportiva.com\/lbd\/wp-content\/plugins\/jw-share-this\/twitter.png\" alt=\"Share this page via Twitter\" \/>\n<\/a>\n<\/div>\n","protected":false},"excerpt":{"rendered":"<p>Por Javier Nicol\u00e1s Baroli (Corresponsal LBD en R\u00edo Gallegos) El equipo \u00abSabalero\u00bb escribi\u00f3 su p\u00e1gina m\u00e1s gloriosa. Con un \u00abPulga\u00bb Rodr\u00edguez como abanderado m\u00e1s el riguroso trabajo de Eduardo Dom\u00ednguez, medio Santa Fe grit\u00f3 Campe\u00f3n. 1.228 veces le\u00edda Share this:<\/p>\n","protected":false},"author":1,"featured_media":38837,"comment_status":"open","ping_status":"open","sticky":false,"template":"","format":"standard","meta":[],"categories":[6,1987,4353,1],"tags":[2700,199,4309,17],"_links":{"self":[{"href":"https:\/\/labestiadeportiva.com\/lbd\/wp-json\/wp\/v2\/posts\/38836"}],"collection":[{"href":"https:\/\/labestiadeportiva.com\/lbd\/wp-json\/wp\/v2\/posts"}],"about":[{"href":"https:\/\/labestiadeportiva.com\/lbd\/wp-json\/wp\/v2\/types\/post"}],"author":[{"embeddable":true,"href":"https:\/\/labestiadeportiva.com\/lbd\/wp-json\/wp\/v2\/users\/1"}],"replies":[{"embeddable":true,"href":"https:\/\/labestiadeportiva.com\/lbd\/wp-json\/wp\/v2\/comments?post=38836"}],"version-history":[{"count":1,"href":"https:\/\/labestiadeportiva.com\/lbd\/wp-json\/wp\/v2\/posts\/38836\/revisions"}],"predecessor-version":[{"id":38838,"href":"https:\/\/labestiadeportiva.com\/lbd\/wp-json\/wp\/v2\/posts\/38836\/revisions\/38838"}],"wp:featuredmedia":[{"embeddable":true,"href":"https:\/\/labestiadeportiva.com\/lbd\/wp-json\/wp\/v2\/media\/38837"}],"wp:attachment":[{"href":"https:\/\/labestiadeportiva.com\/lbd\/wp-json\/wp\/v2\/media?parent=38836"}],"wp:term":[{"taxonomy":"category","embeddable":true,"href":"https:\/\/labestiadeportiva.com\/lbd\/wp-json\/wp\/v2\/categories?post=38836"},{"taxonomy":"post_tag","embeddable":true,"href":"https:\/\/labestiadeportiva.com\/lbd\/wp-json\/wp\/v2\/tags?post=38836"}],"curies":[{"name":"wp","href":"https:\/\/api.w.org\/{rel}","templated":true}]}}