{"id":38872,"date":"2021-06-10T16:07:35","date_gmt":"2021-06-10T19:07:35","guid":{"rendered":"http:\/\/labestiadeportiva.com\/lbd\/?p=38872"},"modified":"2021-06-10T16:12:53","modified_gmt":"2021-06-10T19:12:53","slug":"morada-pista-de-patinaje-y-circuito-de-esqui-de-fondo-a-partir-del-sabado","status":"publish","type":"post","link":"https:\/\/labestiadeportiva.com\/lbd\/morada-pista-de-patinaje-y-circuito-de-esqui-de-fondo-a-partir-del-sabado\/","title":{"rendered":"Morada, pista de patinaje y circuito de esqu\u00ed de fondo a partir del s\u00e1bado"},"content":{"rendered":"<p><a href=\"http:\/\/labestiadeportiva.com\/lbd\/wp-content\/uploads\/2021\/06\/Pista-de-Patinaje-2.jpg\"><img loading=\"lazy\" src=\"http:\/\/labestiadeportiva.com\/lbd\/wp-content\/uploads\/2021\/06\/Pista-de-Patinaje-2-300x170.jpg\" alt=\"Pista de Patinaje (2)\" width=\"300\" height=\"170\" class=\"aligncenter size-medium wp-image-38874\" srcset=\"https:\/\/labestiadeportiva.com\/lbd\/wp-content\/uploads\/2021\/06\/Pista-de-Patinaje-2-300x170.jpg 300w, https:\/\/labestiadeportiva.com\/lbd\/wp-content\/uploads\/2021\/06\/Pista-de-Patinaje-2.jpg 960w\" sizes=\"(max-width: 300px) 100vw, 300px\" \/><\/a><br \/>\nEl restaurante de Cerro Castor, la pista de patinaje sobre hielo y el circuito de esqu\u00ed de fondo comienzan sus actividades a partir de este fin de semana pr\u00f3ximo, con todos los protocolos sanitarios y medidas de seguridad contra el covid19. Fuente y foto Prensa Cerro Castor.<!--more--><\/p>\n<p>A partir de este pr\u00f3ximo s\u00e1bado, Cerro Castor arranca la temporada de invierno, poniendo en marcha algunos de sus servicios. Fueguinos y visitantes podr\u00e1n disfrutar durante el mes de junio del restaurante  Morada del \u00c1guila, ubicado en la base del Cerro, su pista de patinaje sobre hielo, y el circuito de esqu\u00ed de fondo. <\/p>\n<p>Morada del \u00c1guila se prepar\u00f3 cumpliendo las exigencias y recomendaciones provistas por el protocolo para establecimientos gastron\u00f3micos brindado por el Gobierno Provincial: distanciamiento entre las mesas, medidas de higiene para los comensales y el personal, sistema de reservas anticipadas, y colocaci\u00f3n de se\u00f1al\u00e9tica correspondiente, entre otras.<\/p>\n<p>El restaurante comenzar\u00e1 a atender a partir de este pr\u00f3ximo 12 de junio, y todos los s\u00e1bados y domingos al mediod\u00eda, con turnos de 12 a 14.30hs y de 14.30 horas al cierre. Para realizar reservas contactarse al mail: moradadelaguila@cerrocastor.com o al tel\u00e9fono (2901) 49 9301 Int: 119 (atenci\u00f3n telef\u00f3nica de 10 a 18)<\/p>\n<p>Para quienes quieran compartir actividades de invierno, tambi\u00e9n estar\u00e1 abierta la pista de patinaje sobre hielo y el circuito de esqu\u00ed de fondo en la base de Cerro Castor, siempre respetando las cantidades m\u00e1ximas de personas establecidas por los protocolos correspondientes. El edificio Alpino estar\u00e1 habilitado para el alquiler de patines y equipos de esqu\u00ed para todos los visitantes. <\/p>\n<p>Acerca de Cerro Castor<\/p>\n<p>A tan solo 26 kil\u00f3metros de la ciudad de Ushuaia se sit\u00faa el centro de esqu\u00ed m\u00e1s austral del mundo: Cerro Castor. Es un emblema de innovaci\u00f3n y modernidad, adem\u00e1s de que destaca el principal diferencial del destino: contar la mejor calidad de nieve del pa\u00eds.<br \/>\nHoy Cerro Castor ofrece inmejorables condiciones para disfrutar m\u00faltiples opciones de deportes y entretenimiento: 34 pistas con diferentes niveles de dificultad, 12 medios de elevaci\u00f3n, el snowpark m\u00e1s grande de Sudam\u00e9rica, 1 circuito de ski cross, 1 \u00e1rea para principiantes y fuera de pista, todo en un predio de m\u00e1s de 650 hect\u00e1reas esquiables. Desde 2018 sum\u00f3 una pista de patinaje sobre hielo, y cuenta con una amplia red de nieve artificial, garantizando nieve hasta la base durante toda la temporada.<br \/>\nDesde sus inicios, este emprendimiento familiar, se distingui\u00f3 por ser el destino de contratemporada elegido por los principales equipos de esquiadores internacionales. Sus pistas homologadas por la FIS (Federaci\u00f3n Internacional de Esqu\u00ed) y su calidad de nieve lo equiparan con los principales centros europeos. <\/p>\n<p>Cerro Castor en N\u00fameros: <\/p>\n<p>1.057 metros de altura;  650 hect\u00e1reas esquiables<br \/>\n34 pistas 12 medios de elevaci\u00f3n<br \/>\n8 puntos gastron\u00f3micos<br \/>\n1 skilodge con 15 caba\u00f1as y 1 Spa<br \/>\n1 Snowpark ; 1 circuito de Ski-Cross;  1 \u00e1rea exclusiva para principiantes; 1 pista de patinaje sobre hielo; 1 circuito de esqu\u00ed de fondo; 1 escuela con 80 instructores<br \/>\n28 ca\u00f1ones y lanzas para fabricaci\u00f3n de nieve<\/p>\n<p><a href=\"http:\/\/labestiadeportiva.com\/lbd\/wp-content\/uploads\/2021\/06\/Esqu\u00ed-de-fondo-Ph-GUSTAVO-BUYAN-.jpeg\"><img loading=\"lazy\" src=\"http:\/\/labestiadeportiva.com\/lbd\/wp-content\/uploads\/2021\/06\/Esqu\u00ed-de-fondo-Ph-GUSTAVO-BUYAN--200x300.jpeg\" alt=\"Esqu\u00ed de fondo Ph GUSTAVO-BUYAN-\" width=\"200\" height=\"300\" class=\"aligncenter size-medium wp-image-38875\" srcset=\"https:\/\/labestiadeportiva.com\/lbd\/wp-content\/uploads\/2021\/06\/Esqu\u00ed-de-fondo-Ph-GUSTAVO-BUYAN--200x300.jpeg 200w, https:\/\/labestiadeportiva.com\/lbd\/wp-content\/uploads\/2021\/06\/Esqu\u00ed-de-fondo-Ph-GUSTAVO-BUYAN--682x1024.jpeg 682w, https:\/\/labestiadeportiva.com\/lbd\/wp-content\/uploads\/2021\/06\/Esqu\u00ed-de-fondo-Ph-GUSTAVO-BUYAN-.jpeg 1333w\" sizes=\"(max-width: 200px) 100vw, 200px\" \/><\/a><\/p>\n<div class='epvc-post-count'><span class='epvc-eye'><\/span>  <span class=\"epvc-count\"> 1.176<\/span><span class='epvc-label'> veces le\u00edda<\/span><\/div>\n<div class=\"jwsharethis\">\nShare this: \n<br \/>\n<a href=\"mailto:?subject=Morada%2C%20pista%20de%20patinaje%20y%20circuito%20de%20esqu%C3%AD%20de%20fondo%20a%20partir%20del%20s%C3%A1bado&amp;body=https%3A%2F%2Flabestiadeportiva.com%2Flbd%2Fmorada-pista-de-patinaje-y-circuito-de-esqui-de-fondo-a-partir-del-sabado%2F\">\n<img src=\"https:\/\/labestiadeportiva.com\/lbd\/wp-content\/plugins\/jw-share-this\/email.png\" alt=\"Share this page via Email\" \/>\n<\/a>\n<a target=\"_blank\" href=\"http:\/\/www.stumbleupon.com\/submit?url=https%3A%2F%2Flabestiadeportiva.com%2Flbd%2Fmorada-pista-de-patinaje-y-circuito-de-esqui-de-fondo-a-partir-del-sabado%2F&amp;title=Morada%2C+pista+de+patinaje+y+circuito+de+esqu%C3%AD+de+fondo+a+partir+del+s%C3%A1bado\">\n<img src=\"https:\/\/labestiadeportiva.com\/lbd\/wp-content\/plugins\/jw-share-this\/su.png\" alt=\"Share this page via Stumble Upon\" \/>\n<\/a>\n<a target=\"_blank\" href=\"http:\/\/digg.com\/submit?url=https%3A%2F%2Flabestiadeportiva.com%2Flbd%2Fmorada-pista-de-patinaje-y-circuito-de-esqui-de-fondo-a-partir-del-sabado%2F&amp;title=Morada%2C+pista+de+patinaje+y+circuito+de+esqu%C3%AD+de+fondo+a+partir+del+s%C3%A1bado\">\n<img src=\"https:\/\/labestiadeportiva.com\/lbd\/wp-content\/plugins\/jw-share-this\/digg.png\" alt=\"Share this page via Digg this\" \/>\n<\/a>\n<a target=\"_blank\" href=\"http:\/\/www.facebook.com\/sharer.php?u=https%3A%2F%2Flabestiadeportiva.com%2Flbd%2Fmorada-pista-de-patinaje-y-circuito-de-esqui-de-fondo-a-partir-del-sabado%2F&amp;t=Morada%2C+pista+de+patinaje+y+circuito+de+esqu%C3%AD+de+fondo+a+partir+del+s%C3%A1bado\">\n<img src=\"https:\/\/labestiadeportiva.com\/lbd\/wp-content\/plugins\/jw-share-this\/fb.png\" alt=\"Share this page via Facebook\" \/>\n<\/a>\n<a target=\"_blank\" href=\"http:\/\/twitter.com\/intent\/tweet?text=I+like+https%3A%2F%2Flabestiadeportiva.com%2Flbd%2Fmorada-pista-de-patinaje-y-circuito-de-esqui-de-fondo-a-partir-del-sabado%2F&amp;title=Morada%2C+pista+de+patinaje+y+circuito+de+esqu%C3%AD+de+fondo+a+partir+del+s%C3%A1bado\">\n<img src=\"https:\/\/labestiadeportiva.com\/lbd\/wp-content\/plugins\/jw-share-this\/twitter.png\" alt=\"Share this page via Twitter\" \/>\n<\/a>\n<\/div>\n","protected":false},"excerpt":{"rendered":"<p>El restaurante de Cerro Castor, la pista de patinaje sobre hielo y el circuito de esqu\u00ed de fondo comienzan sus actividades a partir de este fin de semana pr\u00f3ximo, con todos los protocolos sanitarios y medidas de seguridad contra el covid19. Fuente y foto Prensa Cerro Castor. 1.176 veces le\u00edda Share this:<\/p>\n","protected":false},"author":1,"featured_media":38874,"comment_status":"open","ping_status":"open","sticky":false,"template":"","format":"standard","meta":[],"categories":[5,41,29,1,3592],"tags":[905,3660],"_links":{"self":[{"href":"https:\/\/labestiadeportiva.com\/lbd\/wp-json\/wp\/v2\/posts\/38872"}],"collection":[{"href":"https:\/\/labestiadeportiva.com\/lbd\/wp-json\/wp\/v2\/posts"}],"about":[{"href":"https:\/\/labestiadeportiva.com\/lbd\/wp-json\/wp\/v2\/types\/post"}],"author":[{"embeddable":true,"href":"https:\/\/labestiadeportiva.com\/lbd\/wp-json\/wp\/v2\/users\/1"}],"replies":[{"embeddable":true,"href":"https:\/\/labestiadeportiva.com\/lbd\/wp-json\/wp\/v2\/comments?post=38872"}],"version-history":[{"count":3,"href":"https:\/\/labestiadeportiva.com\/lbd\/wp-json\/wp\/v2\/posts\/38872\/revisions"}],"predecessor-version":[{"id":38877,"href":"https:\/\/labestiadeportiva.com\/lbd\/wp-json\/wp\/v2\/posts\/38872\/revisions\/38877"}],"wp:featuredmedia":[{"embeddable":true,"href":"https:\/\/labestiadeportiva.com\/lbd\/wp-json\/wp\/v2\/media\/38874"}],"wp:attachment":[{"href":"https:\/\/labestiadeportiva.com\/lbd\/wp-json\/wp\/v2\/media?parent=38872"}],"wp:term":[{"taxonomy":"category","embeddable":true,"href":"https:\/\/labestiadeportiva.com\/lbd\/wp-json\/wp\/v2\/categories?post=38872"},{"taxonomy":"post_tag","embeddable":true,"href":"https:\/\/labestiadeportiva.com\/lbd\/wp-json\/wp\/v2\/tags?post=38872"}],"curies":[{"name":"wp","href":"https:\/\/api.w.org\/{rel}","templated":true}]}}