{"id":39066,"date":"2021-07-06T18:23:54","date_gmt":"2021-07-06T21:23:54","guid":{"rendered":"http:\/\/labestiadeportiva.com\/lbd\/?p=39066"},"modified":"2021-07-06T20:13:33","modified_gmt":"2021-07-06T23:13:33","slug":"39066","status":"publish","type":"post","link":"https:\/\/labestiadeportiva.com\/lbd\/39066\/","title":{"rendered":"\u00abSe posterg\u00f3 la decisi\u00f3n hasta el \u00faltimo momento posible\u00bb (Audio)"},"content":{"rendered":"<p><a href=\"http:\/\/labestiadeportiva.com\/lbd\/wp-content\/uploads\/2021\/07\/FB_IMG_1625593449773.jpg\"><img loading=\"lazy\" src=\"http:\/\/labestiadeportiva.com\/lbd\/wp-content\/uploads\/2021\/07\/FB_IMG_1625593449773-300x225.jpg\" alt=\"FB_IMG_1625593449773\" width=\"300\" height=\"225\" class=\"aligncenter size-medium wp-image-39071\" srcset=\"https:\/\/labestiadeportiva.com\/lbd\/wp-content\/uploads\/2021\/07\/FB_IMG_1625593449773-300x225.jpg 300w, https:\/\/labestiadeportiva.com\/lbd\/wp-content\/uploads\/2021\/07\/FB_IMG_1625593449773.jpg 720w\" sizes=\"(max-width: 300px) 100vw, 300px\" \/><\/a><\/p>\n<p>Se confirm\u00f3 la postergaci\u00f3n de los Juegos Binacionales de la Araucaria por segundo a\u00f1o consecutivo.<\/p>\n<p>Los detalles a cargo del Secretario de Deportes y Juventud Provincial Carlos Turd\u00f3.<\/p>\n<p>El funcionario tambi\u00e9n se pronuncio sobre los Juegos EPADE y Evita, compartimos la entrevista lograda este martes en la 100.1 Radio Provincia.<!--more--><\/p>\n<p><iframe loading=\"lazy\" title=\"YouTube video player\" src=\"https:\/\/www.youtube.com\/embed\/4MSY-Lyyino\" width=\"560\" height=\"315\" frameborder=\"0\" allowfullscreen=\"allowfullscreen\"><\/iframe><\/p>\n<div class='epvc-post-count'><span class='epvc-eye'><\/span>  <span class=\"epvc-count\"> 1.023<\/span><span class='epvc-label'> veces le\u00edda<\/span><\/div>\n<div class=\"jwsharethis\">\nShare this: \n<br \/>\n<a href=\"mailto:?subject=%C2%ABSe%20posterg%C3%B3%20la%20decisi%C3%B3n%20hasta%20el%20%C3%BAltimo%20momento%20posible%C2%BB%20%28Audio%29&amp;body=https%3A%2F%2Flabestiadeportiva.com%2Flbd%2F39066%2F\">\n<img src=\"https:\/\/labestiadeportiva.com\/lbd\/wp-content\/plugins\/jw-share-this\/email.png\" alt=\"Share this page via Email\" \/>\n<\/a>\n<a target=\"_blank\" href=\"http:\/\/www.stumbleupon.com\/submit?url=https%3A%2F%2Flabestiadeportiva.com%2Flbd%2F39066%2F&amp;title=%C2%ABSe+posterg%C3%B3+la+decisi%C3%B3n+hasta+el+%C3%BAltimo+momento+posible%C2%BB+%28Audio%29\">\n<img src=\"https:\/\/labestiadeportiva.com\/lbd\/wp-content\/plugins\/jw-share-this\/su.png\" alt=\"Share this page via Stumble Upon\" \/>\n<\/a>\n<a target=\"_blank\" href=\"http:\/\/digg.com\/submit?url=https%3A%2F%2Flabestiadeportiva.com%2Flbd%2F39066%2F&amp;title=%C2%ABSe+posterg%C3%B3+la+decisi%C3%B3n+hasta+el+%C3%BAltimo+momento+posible%C2%BB+%28Audio%29\">\n<img src=\"https:\/\/labestiadeportiva.com\/lbd\/wp-content\/plugins\/jw-share-this\/digg.png\" alt=\"Share this page via Digg this\" \/>\n<\/a>\n<a target=\"_blank\" href=\"http:\/\/www.facebook.com\/sharer.php?u=https%3A%2F%2Flabestiadeportiva.com%2Flbd%2F39066%2F&amp;t=%C2%ABSe+posterg%C3%B3+la+decisi%C3%B3n+hasta+el+%C3%BAltimo+momento+posible%C2%BB+%28Audio%29\">\n<img src=\"https:\/\/labestiadeportiva.com\/lbd\/wp-content\/plugins\/jw-share-this\/fb.png\" alt=\"Share this page via Facebook\" \/>\n<\/a>\n<a target=\"_blank\" href=\"http:\/\/twitter.com\/intent\/tweet?text=I+like+https%3A%2F%2Flabestiadeportiva.com%2Flbd%2F39066%2F&amp;title=%C2%ABSe+posterg%C3%B3+la+decisi%C3%B3n+hasta+el+%C3%BAltimo+momento+posible%C2%BB+%28Audio%29\">\n<img src=\"https:\/\/labestiadeportiva.com\/lbd\/wp-content\/plugins\/jw-share-this\/twitter.png\" alt=\"Share this page via Twitter\" \/>\n<\/a>\n<\/div>\n","protected":false},"excerpt":{"rendered":"<p>Se confirm\u00f3 la postergaci\u00f3n de los Juegos Binacionales de la Araucaria por segundo a\u00f1o consecutivo. Los detalles a cargo del Secretario de Deportes y Juventud Provincial Carlos Turd\u00f3. El funcionario tambi\u00e9n se pronuncio sobre los Juegos EPADE y Evita, compartimos la entrevista lograda este martes en la 100.1 Radio Provincia. 1.023 veces le\u00edda Share this:<\/p>\n","protected":false},"author":1,"featured_media":39071,"comment_status":"open","ping_status":"open","sticky":false,"template":"","format":"standard","meta":[],"categories":[5,4,6,60,2277,1],"tags":[851,4154,4112],"_links":{"self":[{"href":"https:\/\/labestiadeportiva.com\/lbd\/wp-json\/wp\/v2\/posts\/39066"}],"collection":[{"href":"https:\/\/labestiadeportiva.com\/lbd\/wp-json\/wp\/v2\/posts"}],"about":[{"href":"https:\/\/labestiadeportiva.com\/lbd\/wp-json\/wp\/v2\/types\/post"}],"author":[{"embeddable":true,"href":"https:\/\/labestiadeportiva.com\/lbd\/wp-json\/wp\/v2\/users\/1"}],"replies":[{"embeddable":true,"href":"https:\/\/labestiadeportiva.com\/lbd\/wp-json\/wp\/v2\/comments?post=39066"}],"version-history":[{"count":3,"href":"https:\/\/labestiadeportiva.com\/lbd\/wp-json\/wp\/v2\/posts\/39066\/revisions"}],"predecessor-version":[{"id":39072,"href":"https:\/\/labestiadeportiva.com\/lbd\/wp-json\/wp\/v2\/posts\/39066\/revisions\/39072"}],"wp:featuredmedia":[{"embeddable":true,"href":"https:\/\/labestiadeportiva.com\/lbd\/wp-json\/wp\/v2\/media\/39071"}],"wp:attachment":[{"href":"https:\/\/labestiadeportiva.com\/lbd\/wp-json\/wp\/v2\/media?parent=39066"}],"wp:term":[{"taxonomy":"category","embeddable":true,"href":"https:\/\/labestiadeportiva.com\/lbd\/wp-json\/wp\/v2\/categories?post=39066"},{"taxonomy":"post_tag","embeddable":true,"href":"https:\/\/labestiadeportiva.com\/lbd\/wp-json\/wp\/v2\/tags?post=39066"}],"curies":[{"name":"wp","href":"https:\/\/api.w.org\/{rel}","templated":true}]}}