{"id":39109,"date":"2021-07-08T16:30:15","date_gmt":"2021-07-08T19:30:15","guid":{"rendered":"http:\/\/labestiadeportiva.com\/lbd\/?p=39109"},"modified":"2021-07-08T16:45:44","modified_gmt":"2021-07-08T19:45:44","slug":"39109","status":"publish","type":"post","link":"https:\/\/labestiadeportiva.com\/lbd\/39109\/","title":{"rendered":"\u00abEs algo hermoso, una noticia muy linda tanto para m\u00ed como m\u00ed familia\u00bb (Audio)"},"content":{"rendered":"<p><a href=\"http:\/\/labestiadeportiva.com\/lbd\/wp-content\/uploads\/2021\/07\/FB_IMG_1625773498429.jpg\"><img loading=\"lazy\" src=\"http:\/\/labestiadeportiva.com\/lbd\/wp-content\/uploads\/2021\/07\/FB_IMG_1625773498429-225x300.jpg\" alt=\"FB_IMG_1625773498429\" width=\"225\" height=\"300\" class=\"aligncenter size-medium wp-image-39112\" srcset=\"https:\/\/labestiadeportiva.com\/lbd\/wp-content\/uploads\/2021\/07\/FB_IMG_1625773498429-225x300.jpg 225w, https:\/\/labestiadeportiva.com\/lbd\/wp-content\/uploads\/2021\/07\/FB_IMG_1625773498429.jpg 720w\" sizes=\"(max-width: 225px) 100vw, 225px\" \/><\/a><br \/>\nExtraordinario momento para el joven tenista ushuaiense Valent\u00edn Garay.<\/p>\n<p>Subcampe\u00f3n Panamericano con la Selecci\u00f3n y confirmado al mundial Sub 14 que se disputar\u00e1 este a\u00f1o en Rep\u00fablica Checa.<\/p>\n<p>Compartimos la entrevista el fueguino, en la actualidad la raqueta n\u00famero 1 del ranking nacional en su categor\u00eda.<!--more--><\/p>\n<p><iframe loading=\"lazy\" width=\"560\" height=\"315\" src=\"https:\/\/www.youtube.com\/embed\/Dfe5xESFjTg\" title=\"YouTube video player\" frameborder=\"0\" allow=\"accelerometer; autoplay; clipboard-write; encrypted-media; gyroscope; picture-in-picture\" allowfullscreen><\/iframe><\/p>\n<div class='epvc-post-count'><span class='epvc-eye'><\/span>  <span class=\"epvc-count\"> 1.036<\/span><span class='epvc-label'> veces le\u00edda<\/span><\/div>\n<div class=\"jwsharethis\">\nShare this: \n<br \/>\n<a href=\"mailto:?subject=%C2%ABEs%20algo%20hermoso%2C%20una%20noticia%20muy%20linda%20tanto%20para%20m%C3%AD%20como%20m%C3%AD%20familia%C2%BB%20%28Audio%29&amp;body=https%3A%2F%2Flabestiadeportiva.com%2Flbd%2F39109%2F\">\n<img src=\"https:\/\/labestiadeportiva.com\/lbd\/wp-content\/plugins\/jw-share-this\/email.png\" alt=\"Share this page via Email\" \/>\n<\/a>\n<a target=\"_blank\" href=\"http:\/\/www.stumbleupon.com\/submit?url=https%3A%2F%2Flabestiadeportiva.com%2Flbd%2F39109%2F&amp;title=%C2%ABEs+algo+hermoso%2C+una+noticia+muy+linda+tanto+para+m%C3%AD+como+m%C3%AD+familia%C2%BB+%28Audio%29\">\n<img src=\"https:\/\/labestiadeportiva.com\/lbd\/wp-content\/plugins\/jw-share-this\/su.png\" alt=\"Share this page via Stumble Upon\" \/>\n<\/a>\n<a target=\"_blank\" href=\"http:\/\/digg.com\/submit?url=https%3A%2F%2Flabestiadeportiva.com%2Flbd%2F39109%2F&amp;title=%C2%ABEs+algo+hermoso%2C+una+noticia+muy+linda+tanto+para+m%C3%AD+como+m%C3%AD+familia%C2%BB+%28Audio%29\">\n<img src=\"https:\/\/labestiadeportiva.com\/lbd\/wp-content\/plugins\/jw-share-this\/digg.png\" alt=\"Share this page via Digg this\" \/>\n<\/a>\n<a target=\"_blank\" href=\"http:\/\/www.facebook.com\/sharer.php?u=https%3A%2F%2Flabestiadeportiva.com%2Flbd%2F39109%2F&amp;t=%C2%ABEs+algo+hermoso%2C+una+noticia+muy+linda+tanto+para+m%C3%AD+como+m%C3%AD+familia%C2%BB+%28Audio%29\">\n<img src=\"https:\/\/labestiadeportiva.com\/lbd\/wp-content\/plugins\/jw-share-this\/fb.png\" alt=\"Share this page via Facebook\" \/>\n<\/a>\n<a target=\"_blank\" href=\"http:\/\/twitter.com\/intent\/tweet?text=I+like+https%3A%2F%2Flabestiadeportiva.com%2Flbd%2F39109%2F&amp;title=%C2%ABEs+algo+hermoso%2C+una+noticia+muy+linda+tanto+para+m%C3%AD+como+m%C3%AD+familia%C2%BB+%28Audio%29\">\n<img src=\"https:\/\/labestiadeportiva.com\/lbd\/wp-content\/plugins\/jw-share-this\/twitter.png\" alt=\"Share this page via Twitter\" \/>\n<\/a>\n<\/div>\n","protected":false},"excerpt":{"rendered":"<p>Extraordinario momento para el joven tenista ushuaiense Valent\u00edn Garay. Subcampe\u00f3n Panamericano con la Selecci\u00f3n y confirmado al mundial Sub 14 que se disputar\u00e1 este a\u00f1o en Rep\u00fablica Checa. Compartimos la entrevista el fueguino, en la actualidad la raqueta n\u00famero 1 del ranking nacional en su categor\u00eda. 1.036 veces le\u00edda Share this:<\/p>\n","protected":false},"author":1,"featured_media":39112,"comment_status":"open","ping_status":"open","sticky":false,"template":"","format":"standard","meta":[],"categories":[5,4,6,60,1,3298],"tags":[4838,4348,3660,34],"_links":{"self":[{"href":"https:\/\/labestiadeportiva.com\/lbd\/wp-json\/wp\/v2\/posts\/39109"}],"collection":[{"href":"https:\/\/labestiadeportiva.com\/lbd\/wp-json\/wp\/v2\/posts"}],"about":[{"href":"https:\/\/labestiadeportiva.com\/lbd\/wp-json\/wp\/v2\/types\/post"}],"author":[{"embeddable":true,"href":"https:\/\/labestiadeportiva.com\/lbd\/wp-json\/wp\/v2\/users\/1"}],"replies":[{"embeddable":true,"href":"https:\/\/labestiadeportiva.com\/lbd\/wp-json\/wp\/v2\/comments?post=39109"}],"version-history":[{"count":3,"href":"https:\/\/labestiadeportiva.com\/lbd\/wp-json\/wp\/v2\/posts\/39109\/revisions"}],"predecessor-version":[{"id":39113,"href":"https:\/\/labestiadeportiva.com\/lbd\/wp-json\/wp\/v2\/posts\/39109\/revisions\/39113"}],"wp:featuredmedia":[{"embeddable":true,"href":"https:\/\/labestiadeportiva.com\/lbd\/wp-json\/wp\/v2\/media\/39112"}],"wp:attachment":[{"href":"https:\/\/labestiadeportiva.com\/lbd\/wp-json\/wp\/v2\/media?parent=39109"}],"wp:term":[{"taxonomy":"category","embeddable":true,"href":"https:\/\/labestiadeportiva.com\/lbd\/wp-json\/wp\/v2\/categories?post=39109"},{"taxonomy":"post_tag","embeddable":true,"href":"https:\/\/labestiadeportiva.com\/lbd\/wp-json\/wp\/v2\/tags?post=39109"}],"curies":[{"name":"wp","href":"https:\/\/api.w.org\/{rel}","templated":true}]}}