{"id":39136,"date":"2021-07-12T23:09:19","date_gmt":"2021-07-13T02:09:19","guid":{"rendered":"http:\/\/labestiadeportiva.com\/lbd\/?p=39136"},"modified":"2021-07-12T23:09:19","modified_gmt":"2021-07-13T02:09:19","slug":"italia-campeon-de-europa","status":"publish","type":"post","link":"https:\/\/labestiadeportiva.com\/lbd\/italia-campeon-de-europa\/","title":{"rendered":"Italia campe\u00f3n de Europa"},"content":{"rendered":"<p>Por Javier Nicol\u00e1s Baroli (Corresponsal LBD en R\u00edo Gallegos)<\/p>\n<p>La Azzurra grit\u00f3 Campe\u00f3n en Wembley\u00a0 tras vencer a Inglaterra por penales luego de haber igualado en un gol en tiempo regular. 53 a\u00f1os despu\u00e9s los italianos vuelven a ser due\u00f1os futboleros de su continente.<!--more--><\/p>\n<p><a href=\"http:\/\/labestiadeportiva.com\/lbd\/wp-content\/uploads\/2021\/07\/IMG-20210712-WA00542.jpg\"><img loading=\"lazy\" src=\"http:\/\/labestiadeportiva.com\/lbd\/wp-content\/uploads\/2021\/07\/IMG-20210712-WA00542-300x202.jpg\" alt=\"IMG-20210712-WA0054~2\" width=\"300\" height=\"202\" class=\"aligncenter size-medium wp-image-39137\" srcset=\"https:\/\/labestiadeportiva.com\/lbd\/wp-content\/uploads\/2021\/07\/IMG-20210712-WA00542-300x202.jpg 300w, https:\/\/labestiadeportiva.com\/lbd\/wp-content\/uploads\/2021\/07\/IMG-20210712-WA00542.jpg 760w\" sizes=\"(max-width: 300px) 100vw, 300px\" \/><\/a><\/p>\n<p>Locura Italiana. Es que su selecci\u00f3n se consagr\u00f3 campeona de la Euro al vencer 3-2 a Inglaterra en una tanda de penales tras un empate 1-1.<\/p>\n<p>Durante el tiempo regular Luke Shaw abri\u00f3 el marcador, pero Bonucci igual\u00f3 las acciones. En el hist\u00f3rico estadio de Wembley y ante 60 mil espectadores, el equipo de Roberto Mancini se qued\u00f3 con el t\u00edtulo con un Donnarumma que se transform\u00f3 en h\u00e9roe de la final tras tapar dos penales.<\/p>\n<p>Italia hizo historia, en una Eurocopa con un alto nivel, supo estar un escal\u00f3n por encima de sus rivales. Desde alg\u00fan lugar Diego Armando Maradona celebra lo que hubiera sido un fin de semana glorioso para \u00e9l.<\/p>\n<div class='epvc-post-count'><span class='epvc-eye'><\/span>  <span class=\"epvc-count\"> 1.184<\/span><span class='epvc-label'> veces le\u00edda<\/span><\/div>\n<div class=\"jwsharethis\">\nShare this: \n<br \/>\n<a href=\"mailto:?subject=Italia%20campe%C3%B3n%20de%20Europa&amp;body=https%3A%2F%2Flabestiadeportiva.com%2Flbd%2Fitalia-campeon-de-europa%2F\">\n<img src=\"https:\/\/labestiadeportiva.com\/lbd\/wp-content\/plugins\/jw-share-this\/email.png\" alt=\"Share this page via Email\" \/>\n<\/a>\n<a target=\"_blank\" href=\"http:\/\/www.stumbleupon.com\/submit?url=https%3A%2F%2Flabestiadeportiva.com%2Flbd%2Fitalia-campeon-de-europa%2F&amp;title=Italia+campe%C3%B3n+de+Europa\">\n<img src=\"https:\/\/labestiadeportiva.com\/lbd\/wp-content\/plugins\/jw-share-this\/su.png\" alt=\"Share this page via Stumble Upon\" \/>\n<\/a>\n<a target=\"_blank\" href=\"http:\/\/digg.com\/submit?url=https%3A%2F%2Flabestiadeportiva.com%2Flbd%2Fitalia-campeon-de-europa%2F&amp;title=Italia+campe%C3%B3n+de+Europa\">\n<img src=\"https:\/\/labestiadeportiva.com\/lbd\/wp-content\/plugins\/jw-share-this\/digg.png\" alt=\"Share this page via Digg this\" \/>\n<\/a>\n<a target=\"_blank\" href=\"http:\/\/www.facebook.com\/sharer.php?u=https%3A%2F%2Flabestiadeportiva.com%2Flbd%2Fitalia-campeon-de-europa%2F&amp;t=Italia+campe%C3%B3n+de+Europa\">\n<img src=\"https:\/\/labestiadeportiva.com\/lbd\/wp-content\/plugins\/jw-share-this\/fb.png\" alt=\"Share this page via Facebook\" \/>\n<\/a>\n<a target=\"_blank\" href=\"http:\/\/twitter.com\/intent\/tweet?text=I+like+https%3A%2F%2Flabestiadeportiva.com%2Flbd%2Fitalia-campeon-de-europa%2F&amp;title=Italia+campe%C3%B3n+de+Europa\">\n<img src=\"https:\/\/labestiadeportiva.com\/lbd\/wp-content\/plugins\/jw-share-this\/twitter.png\" alt=\"Share this page via Twitter\" \/>\n<\/a>\n<\/div>\n","protected":false},"excerpt":{"rendered":"<p>Por Javier Nicol\u00e1s Baroli (Corresponsal LBD en R\u00edo Gallegos) La Azzurra grit\u00f3 Campe\u00f3n en Wembley\u00a0 tras vencer a Inglaterra por penales luego de haber igualado en un gol en tiempo regular. 53 a\u00f1os despu\u00e9s los italianos vuelven a ser due\u00f1os futboleros de su continente. 1.184 veces le\u00edda Share this:<\/p>\n","protected":false},"author":1,"featured_media":39137,"comment_status":"open","ping_status":"open","sticky":false,"template":"","format":"standard","meta":[],"categories":[4,4540,14,1],"tags":[2711,17,4541,3660],"_links":{"self":[{"href":"https:\/\/labestiadeportiva.com\/lbd\/wp-json\/wp\/v2\/posts\/39136"}],"collection":[{"href":"https:\/\/labestiadeportiva.com\/lbd\/wp-json\/wp\/v2\/posts"}],"about":[{"href":"https:\/\/labestiadeportiva.com\/lbd\/wp-json\/wp\/v2\/types\/post"}],"author":[{"embeddable":true,"href":"https:\/\/labestiadeportiva.com\/lbd\/wp-json\/wp\/v2\/users\/1"}],"replies":[{"embeddable":true,"href":"https:\/\/labestiadeportiva.com\/lbd\/wp-json\/wp\/v2\/comments?post=39136"}],"version-history":[{"count":1,"href":"https:\/\/labestiadeportiva.com\/lbd\/wp-json\/wp\/v2\/posts\/39136\/revisions"}],"predecessor-version":[{"id":39138,"href":"https:\/\/labestiadeportiva.com\/lbd\/wp-json\/wp\/v2\/posts\/39136\/revisions\/39138"}],"wp:featuredmedia":[{"embeddable":true,"href":"https:\/\/labestiadeportiva.com\/lbd\/wp-json\/wp\/v2\/media\/39137"}],"wp:attachment":[{"href":"https:\/\/labestiadeportiva.com\/lbd\/wp-json\/wp\/v2\/media?parent=39136"}],"wp:term":[{"taxonomy":"category","embeddable":true,"href":"https:\/\/labestiadeportiva.com\/lbd\/wp-json\/wp\/v2\/categories?post=39136"},{"taxonomy":"post_tag","embeddable":true,"href":"https:\/\/labestiadeportiva.com\/lbd\/wp-json\/wp\/v2\/tags?post=39136"}],"curies":[{"name":"wp","href":"https:\/\/api.w.org\/{rel}","templated":true}]}}