{"id":39150,"date":"2021-07-14T01:03:08","date_gmt":"2021-07-14T04:03:08","guid":{"rendered":"http:\/\/labestiadeportiva.com\/lbd\/?p=39150"},"modified":"2021-07-14T01:03:08","modified_gmt":"2021-07-14T04:03:08","slug":"octavos-en-marcha","status":"publish","type":"post","link":"https:\/\/labestiadeportiva.com\/lbd\/octavos-en-marcha\/","title":{"rendered":"Octavos en marcha"},"content":{"rendered":"<p>Por Javier Nicol\u00e1s Baroli (Corresponsal LBD en R\u00edo Gallegos)<\/p>\n<p><a href=\"http:\/\/labestiadeportiva.com\/lbd\/wp-content\/uploads\/2021\/07\/IMG-20210714-WA00022.jpg\"><img loading=\"lazy\" src=\"http:\/\/labestiadeportiva.com\/lbd\/wp-content\/uploads\/2021\/07\/IMG-20210714-WA00022-300x206.jpg\" alt=\"IMG-20210714-WA0002~2\" width=\"300\" height=\"206\" class=\"aligncenter size-medium wp-image-39151\" srcset=\"https:\/\/labestiadeportiva.com\/lbd\/wp-content\/uploads\/2021\/07\/IMG-20210714-WA00022-300x206.jpg 300w, https:\/\/labestiadeportiva.com\/lbd\/wp-content\/uploads\/2021\/07\/IMG-20210714-WA00022-1024x704.jpg 1024w, https:\/\/labestiadeportiva.com\/lbd\/wp-content\/uploads\/2021\/07\/IMG-20210714-WA00022.jpg 1080w\" sizes=\"(max-width: 300px) 100vw, 300px\" \/><\/a><br \/>\nBoca y Racing empataron en el arranque de los cruces de octavos de final por la Copa Libertadores de Am\u00e9rica. Este mi\u00e9rcoles sigue la acci\u00f3n con la presentaci\u00f3n de River ante Argentinos, V\u00e9lez frente a Barcelona de Ecuador mientras que Defensa y Justicia chocar\u00e1 ante el siempre candidato Flamengo.<!--more--><\/p>\n<p>Sin tiempo para disfrutar y asimilar la Copa Am\u00e9rica de Argentina, el certamen por excelencia del continente volvi\u00f3 a rodar. En primer turno el Boca de Russo recib\u00eda al dif\u00edcil Atl\u00e9tico Mineiro, uno de los candidatos a quedarse con la Copa. <\/p>\n<p>El \u00abXeneize\u00bb presentaba jugadores nuevos entre sus filas y la ausencia de T\u00e9vez. Una pol\u00e9mica desici\u00f3n del VAR anul\u00f3 un gol del \u00abPulpo\u00bb Gonz\u00e1lez que gener\u00f3 el reclamo generalizado del mundo Boca. <\/p>\n<p>Racing visitaba al San Pablo que no est\u00e1 luciendo su mejor versi\u00f3n. Golpeado en el torneo de Brasil y con muchas bajas, el equipo de Crespo fue ampliamente superado por la \u00abAcademia\u00bb que se encontr\u00f3 en desventaja tras un error de Arias, pero que en el cierre del primer tiempo encontr\u00f3 el empate en los pies de Copetti. Revancha de ambas series dentro de siete d\u00edas. <\/p>\n<p>La Copa contin\u00faa este mi\u00e9rcoles con V\u00e9lez frente a Barcelona de Ecuador, River frente a Argentinos Juniors en duelo entre equipos nacionales y Defensa recibiendo al poderoso Flamengo.<\/p>\n<div class='epvc-post-count'><span class='epvc-eye'><\/span>  <span class=\"epvc-count\"> 1.016<\/span><span class='epvc-label'> veces le\u00edda<\/span><\/div>\n<div class=\"jwsharethis\">\nShare this: \n<br \/>\n<a href=\"mailto:?subject=Octavos%20en%20marcha&amp;body=https%3A%2F%2Flabestiadeportiva.com%2Flbd%2Foctavos-en-marcha%2F\">\n<img src=\"https:\/\/labestiadeportiva.com\/lbd\/wp-content\/plugins\/jw-share-this\/email.png\" alt=\"Share this page via Email\" \/>\n<\/a>\n<a target=\"_blank\" href=\"http:\/\/www.stumbleupon.com\/submit?url=https%3A%2F%2Flabestiadeportiva.com%2Flbd%2Foctavos-en-marcha%2F&amp;title=Octavos+en+marcha\">\n<img src=\"https:\/\/labestiadeportiva.com\/lbd\/wp-content\/plugins\/jw-share-this\/su.png\" alt=\"Share this page via Stumble Upon\" \/>\n<\/a>\n<a target=\"_blank\" href=\"http:\/\/digg.com\/submit?url=https%3A%2F%2Flabestiadeportiva.com%2Flbd%2Foctavos-en-marcha%2F&amp;title=Octavos+en+marcha\">\n<img src=\"https:\/\/labestiadeportiva.com\/lbd\/wp-content\/plugins\/jw-share-this\/digg.png\" alt=\"Share this page via Digg this\" \/>\n<\/a>\n<a target=\"_blank\" href=\"http:\/\/www.facebook.com\/sharer.php?u=https%3A%2F%2Flabestiadeportiva.com%2Flbd%2Foctavos-en-marcha%2F&amp;t=Octavos+en+marcha\">\n<img src=\"https:\/\/labestiadeportiva.com\/lbd\/wp-content\/plugins\/jw-share-this\/fb.png\" alt=\"Share this page via Facebook\" \/>\n<\/a>\n<a target=\"_blank\" href=\"http:\/\/twitter.com\/intent\/tweet?text=I+like+https%3A%2F%2Flabestiadeportiva.com%2Flbd%2Foctavos-en-marcha%2F&amp;title=Octavos+en+marcha\">\n<img src=\"https:\/\/labestiadeportiva.com\/lbd\/wp-content\/plugins\/jw-share-this\/twitter.png\" alt=\"Share this page via Twitter\" \/>\n<\/a>\n<\/div>\n","protected":false},"excerpt":{"rendered":"<p>Por Javier Nicol\u00e1s Baroli (Corresponsal LBD en R\u00edo Gallegos) Boca y Racing empataron en el arranque de los cruces de octavos de final por la Copa Libertadores de Am\u00e9rica. Este mi\u00e9rcoles sigue la acci\u00f3n con la presentaci\u00f3n de River ante Argentinos, V\u00e9lez frente a Barcelona de Ecuador mientras que Defensa y Justicia chocar\u00e1 ante el &hellip; <a href=\"https:\/\/labestiadeportiva.com\/lbd\/octavos-en-marcha\/\" class=\"more-link\">Seguir leyendo <span class=\"screen-reader-text\">Octavos en marcha<\/span> <span class=\"meta-nav\">&rarr;<\/span><\/a><\/p>\n","protected":false},"author":1,"featured_media":39151,"comment_status":"open","ping_status":"open","sticky":false,"template":"","format":"standard","meta":[],"categories":[4,6,2292,1],"tags":[465,17,569],"_links":{"self":[{"href":"https:\/\/labestiadeportiva.com\/lbd\/wp-json\/wp\/v2\/posts\/39150"}],"collection":[{"href":"https:\/\/labestiadeportiva.com\/lbd\/wp-json\/wp\/v2\/posts"}],"about":[{"href":"https:\/\/labestiadeportiva.com\/lbd\/wp-json\/wp\/v2\/types\/post"}],"author":[{"embeddable":true,"href":"https:\/\/labestiadeportiva.com\/lbd\/wp-json\/wp\/v2\/users\/1"}],"replies":[{"embeddable":true,"href":"https:\/\/labestiadeportiva.com\/lbd\/wp-json\/wp\/v2\/comments?post=39150"}],"version-history":[{"count":1,"href":"https:\/\/labestiadeportiva.com\/lbd\/wp-json\/wp\/v2\/posts\/39150\/revisions"}],"predecessor-version":[{"id":39152,"href":"https:\/\/labestiadeportiva.com\/lbd\/wp-json\/wp\/v2\/posts\/39150\/revisions\/39152"}],"wp:featuredmedia":[{"embeddable":true,"href":"https:\/\/labestiadeportiva.com\/lbd\/wp-json\/wp\/v2\/media\/39151"}],"wp:attachment":[{"href":"https:\/\/labestiadeportiva.com\/lbd\/wp-json\/wp\/v2\/media?parent=39150"}],"wp:term":[{"taxonomy":"category","embeddable":true,"href":"https:\/\/labestiadeportiva.com\/lbd\/wp-json\/wp\/v2\/categories?post=39150"},{"taxonomy":"post_tag","embeddable":true,"href":"https:\/\/labestiadeportiva.com\/lbd\/wp-json\/wp\/v2\/tags?post=39150"}],"curies":[{"name":"wp","href":"https:\/\/api.w.org\/{rel}","templated":true}]}}