{"id":39153,"date":"2021-07-14T20:33:36","date_gmt":"2021-07-14T23:33:36","guid":{"rendered":"http:\/\/labestiadeportiva.com\/lbd\/?p=39153"},"modified":"2021-07-14T21:58:53","modified_gmt":"2021-07-15T00:58:53","slug":"39153","status":"publish","type":"post","link":"https:\/\/labestiadeportiva.com\/lbd\/39153\/","title":{"rendered":"\u00abVa a estar lindo, rememorar  alg\u00fan enfrentamiento de a\u00f1os atr\u00e1s\u00bb (Audio)"},"content":{"rendered":"<p><a href=\"http:\/\/labestiadeportiva.com\/lbd\/wp-content\/uploads\/2021\/07\/Screenshot_20210714-1804003.png\"><img loading=\"lazy\" src=\"http:\/\/labestiadeportiva.com\/lbd\/wp-content\/uploads\/2021\/07\/Screenshot_20210714-1804003-300x253.png\" alt=\"Screenshot_20210714-180400~3\" width=\"300\" height=\"253\" class=\"aligncenter size-medium wp-image-39157\" srcset=\"https:\/\/labestiadeportiva.com\/lbd\/wp-content\/uploads\/2021\/07\/Screenshot_20210714-1804003-300x253.png 300w, https:\/\/labestiadeportiva.com\/lbd\/wp-content\/uploads\/2021\/07\/Screenshot_20210714-1804003.png 352w\" sizes=\"(max-width: 300px) 100vw, 300px\" \/><\/a><br \/>\nSe vienen las semifinales de Futsal AFA en el marco del torneo de primera divisi\u00f3n \u00abN\u00e9stor Puebla\u00bb.<\/p>\n<p>Se palpita el choque del pr\u00f3ximo domingo entre dos viejos conocidos, Comercio y HAF.<\/p>\n<p>Desde LBD nos contactamos con Ra\u00fal Ralinqueo, conductor de Comercio en busca de sus conceptos y precisiones.<\/p>\n<p>Compartimos la entrevista lograda este mi\u00e9rcoles en la 94.1 FM del Sur.<!--more--><\/p>\n<p><iframe loading=\"lazy\" width=\"560\" height=\"315\" src=\"https:\/\/www.youtube.com\/embed\/u-3qA2O_w_s\" title=\"YouTube video player\" frameborder=\"0\" allow=\"accelerometer; autoplay; clipboard-write; encrypted-media; gyroscope; picture-in-picture\" allowfullscreen><\/iframe><\/p>\n<div class='epvc-post-count'><span class='epvc-eye'><\/span>  <span class=\"epvc-count\"> 1.025<\/span><span class='epvc-label'> veces le\u00edda<\/span><\/div>\n<div class=\"jwsharethis\">\nShare this: \n<br \/>\n<a href=\"mailto:?subject=%C2%ABVa%20a%20estar%20lindo%2C%20rememorar%20%20alg%C3%BAn%20enfrentamiento%20de%20a%C3%B1os%20atr%C3%A1s%C2%BB%20%28Audio%29&amp;body=https%3A%2F%2Flabestiadeportiva.com%2Flbd%2F39153%2F\">\n<img src=\"https:\/\/labestiadeportiva.com\/lbd\/wp-content\/plugins\/jw-share-this\/email.png\" alt=\"Share this page via Email\" \/>\n<\/a>\n<a target=\"_blank\" href=\"http:\/\/www.stumbleupon.com\/submit?url=https%3A%2F%2Flabestiadeportiva.com%2Flbd%2F39153%2F&amp;title=%C2%ABVa+a+estar+lindo%2C+rememorar++alg%C3%BAn+enfrentamiento+de+a%C3%B1os+atr%C3%A1s%C2%BB+%28Audio%29\">\n<img src=\"https:\/\/labestiadeportiva.com\/lbd\/wp-content\/plugins\/jw-share-this\/su.png\" alt=\"Share this page via Stumble Upon\" \/>\n<\/a>\n<a target=\"_blank\" href=\"http:\/\/digg.com\/submit?url=https%3A%2F%2Flabestiadeportiva.com%2Flbd%2F39153%2F&amp;title=%C2%ABVa+a+estar+lindo%2C+rememorar++alg%C3%BAn+enfrentamiento+de+a%C3%B1os+atr%C3%A1s%C2%BB+%28Audio%29\">\n<img src=\"https:\/\/labestiadeportiva.com\/lbd\/wp-content\/plugins\/jw-share-this\/digg.png\" alt=\"Share this page via Digg this\" \/>\n<\/a>\n<a target=\"_blank\" href=\"http:\/\/www.facebook.com\/sharer.php?u=https%3A%2F%2Flabestiadeportiva.com%2Flbd%2F39153%2F&amp;t=%C2%ABVa+a+estar+lindo%2C+rememorar++alg%C3%BAn+enfrentamiento+de+a%C3%B1os+atr%C3%A1s%C2%BB+%28Audio%29\">\n<img src=\"https:\/\/labestiadeportiva.com\/lbd\/wp-content\/plugins\/jw-share-this\/fb.png\" alt=\"Share this page via Facebook\" \/>\n<\/a>\n<a target=\"_blank\" href=\"http:\/\/twitter.com\/intent\/tweet?text=I+like+https%3A%2F%2Flabestiadeportiva.com%2Flbd%2F39153%2F&amp;title=%C2%ABVa+a+estar+lindo%2C+rememorar++alg%C3%BAn+enfrentamiento+de+a%C3%B1os+atr%C3%A1s%C2%BB+%28Audio%29\">\n<img src=\"https:\/\/labestiadeportiva.com\/lbd\/wp-content\/plugins\/jw-share-this\/twitter.png\" alt=\"Share this page via Twitter\" \/>\n<\/a>\n<\/div>\n","protected":false},"excerpt":{"rendered":"<p>Se vienen las semifinales de Futsal AFA en el marco del torneo de primera divisi\u00f3n \u00abN\u00e9stor Puebla\u00bb. Se palpita el choque del pr\u00f3ximo domingo entre dos viejos conocidos, Comercio y HAF. Desde LBD nos contactamos con Ra\u00fal Ralinqueo, conductor de Comercio en busca de sus conceptos y precisiones. Compartimos la entrevista lograda este mi\u00e9rcoles en &hellip; <a href=\"https:\/\/labestiadeportiva.com\/lbd\/39153\/\" class=\"more-link\">Seguir leyendo <span class=\"screen-reader-text\">\u00abVa a estar lindo, rememorar  alg\u00fan enfrentamiento de a\u00f1os atr\u00e1s\u00bb (Audio)<\/span> <span class=\"meta-nav\">&rarr;<\/span><\/a><\/p>\n","protected":false},"author":1,"featured_media":39157,"comment_status":"open","ping_status":"open","sticky":false,"template":"","format":"standard","meta":[],"categories":[5,60,47,1],"tags":[3531,4838,30,4542],"_links":{"self":[{"href":"https:\/\/labestiadeportiva.com\/lbd\/wp-json\/wp\/v2\/posts\/39153"}],"collection":[{"href":"https:\/\/labestiadeportiva.com\/lbd\/wp-json\/wp\/v2\/posts"}],"about":[{"href":"https:\/\/labestiadeportiva.com\/lbd\/wp-json\/wp\/v2\/types\/post"}],"author":[{"embeddable":true,"href":"https:\/\/labestiadeportiva.com\/lbd\/wp-json\/wp\/v2\/users\/1"}],"replies":[{"embeddable":true,"href":"https:\/\/labestiadeportiva.com\/lbd\/wp-json\/wp\/v2\/comments?post=39153"}],"version-history":[{"count":3,"href":"https:\/\/labestiadeportiva.com\/lbd\/wp-json\/wp\/v2\/posts\/39153\/revisions"}],"predecessor-version":[{"id":39158,"href":"https:\/\/labestiadeportiva.com\/lbd\/wp-json\/wp\/v2\/posts\/39153\/revisions\/39158"}],"wp:featuredmedia":[{"embeddable":true,"href":"https:\/\/labestiadeportiva.com\/lbd\/wp-json\/wp\/v2\/media\/39157"}],"wp:attachment":[{"href":"https:\/\/labestiadeportiva.com\/lbd\/wp-json\/wp\/v2\/media?parent=39153"}],"wp:term":[{"taxonomy":"category","embeddable":true,"href":"https:\/\/labestiadeportiva.com\/lbd\/wp-json\/wp\/v2\/categories?post=39153"},{"taxonomy":"post_tag","embeddable":true,"href":"https:\/\/labestiadeportiva.com\/lbd\/wp-json\/wp\/v2\/tags?post=39153"}],"curies":[{"name":"wp","href":"https:\/\/api.w.org\/{rel}","templated":true}]}}