{"id":39165,"date":"2021-07-15T16:20:19","date_gmt":"2021-07-15T19:20:19","guid":{"rendered":"http:\/\/labestiadeportiva.com\/lbd\/?p=39165"},"modified":"2021-07-15T16:20:19","modified_gmt":"2021-07-15T19:20:19","slug":"todo-por-la-ventanilla-digital","status":"publish","type":"post","link":"https:\/\/labestiadeportiva.com\/lbd\/todo-por-la-ventanilla-digital\/","title":{"rendered":"Todo por la Ventanilla Digital"},"content":{"rendered":"<p><a href=\"http:\/\/labestiadeportiva.com\/lbd\/wp-content\/uploads\/2021\/07\/20210715_160902-COLLAGE.jpg\"><img loading=\"lazy\" src=\"http:\/\/labestiadeportiva.com\/lbd\/wp-content\/uploads\/2021\/07\/20210715_160902-COLLAGE-300x300.jpg\" alt=\"20210715_160902-COLLAGE\" width=\"300\" height=\"300\" class=\"aligncenter size-medium wp-image-39166\" srcset=\"https:\/\/labestiadeportiva.com\/lbd\/wp-content\/uploads\/2021\/07\/20210715_160902-COLLAGE-300x300.jpg 300w, https:\/\/labestiadeportiva.com\/lbd\/wp-content\/uploads\/2021\/07\/20210715_160902-COLLAGE-150x150.jpg 150w, https:\/\/labestiadeportiva.com\/lbd\/wp-content\/uploads\/2021\/07\/20210715_160902-COLLAGE.jpg 1024w, https:\/\/labestiadeportiva.com\/lbd\/wp-content\/uploads\/2021\/07\/20210715_160902-COLLAGE-160x160.jpg 160w, https:\/\/labestiadeportiva.com\/lbd\/wp-content\/uploads\/2021\/07\/20210715_160902-COLLAGE-320x320.jpg 320w, https:\/\/labestiadeportiva.com\/lbd\/wp-content\/uploads\/2021\/07\/20210715_160902-COLLAGE-60x60.jpg 60w\" sizes=\"(max-width: 300px) 100vw, 300px\" \/><\/a><br \/>\nEl Instituto Municipal de Deportes informa que para poder disfrutar de sus propuestas y actividades podr\u00e1n inscribirse y consultar a trav\u00e9s de la Ventanilla Digital. Desde LBD, los detalles.<!--more--><\/p>\n<p>Ya se encuentra disponible toda la informaci\u00f3n y contenidos del IMD, en la p\u00e1gina en la que los vecinos podr\u00e1n generar su usuario en Ventanilla Digital, de una manera muy r\u00e1pida y sencilla.<\/p>\n<p>En la p\u00e1gina de la Municipalidad, en el lateral derecho, deber\u00e1n hacer click en \u00abMi Municipio\u00bb, acto seguido aparecer\u00e1 un cartel solicitando usuario y contrase\u00f1a. En caso de no contar con uno, el mismo sistema habilita la creaci\u00f3n inmediata.<\/p>\n<p>Luego, en la opci\u00f3n Deporte, se podr\u00e1 seleccionar a qui\u00e9n o qui\u00e9nes se desea inscribir, accediendo al listado de actividades deportivas y recreativas que ofrece el Instituto, pudiendo optar por el grupo m\u00e1s conveniente de acuerdo a la necesidad de cada usuario.<\/p>\n<p>En los pr\u00f3ximos d\u00edas, a trav\u00e9s de esta herramienta digital, se estar\u00e1n realizando las inscripciones para la Colonia de invierno, orientada a ni\u00f1os y ni\u00f1as de 4 a 8 a\u00f1os; c\u00f3mo as\u00ed tambi\u00e9n al Campus Multideportivo, para chicos y chicas de 9 a 13 a\u00f1os conformado por las disciplinas Atletismo, v\u00f3ley, b\u00e1squet y karate.<\/p>\n<p>Las mismas tendr\u00e1n una duraci\u00f3n de una semana, con cupos limitados debido a la situaci\u00f3n sanitaria.<\/p>\n<p>La inscripci\u00f3n comenzar\u00e1 el jueves 8, desde las 8 de la ma\u00f1ana hasta que se completen las vacantes.<\/p>\n<p>Asimismo se recuerda que todos los talleres y clases abiertas, que se vienen ofreciendo semanalmente, se continuar\u00e1n inscribiendo a trav\u00e9s del Facebook del IMD.<\/p>\n<div class='epvc-post-count'><span class='epvc-eye'><\/span>  <span class=\"epvc-count\"> 1.093<\/span><span class='epvc-label'> veces le\u00edda<\/span><\/div>\n<div class=\"jwsharethis\">\nShare this: \n<br \/>\n<a href=\"mailto:?subject=Todo%20por%20la%20Ventanilla%20Digital&amp;body=https%3A%2F%2Flabestiadeportiva.com%2Flbd%2Ftodo-por-la-ventanilla-digital%2F\">\n<img src=\"https:\/\/labestiadeportiva.com\/lbd\/wp-content\/plugins\/jw-share-this\/email.png\" alt=\"Share this page via Email\" \/>\n<\/a>\n<a target=\"_blank\" href=\"http:\/\/www.stumbleupon.com\/submit?url=https%3A%2F%2Flabestiadeportiva.com%2Flbd%2Ftodo-por-la-ventanilla-digital%2F&amp;title=Todo+por+la+Ventanilla+Digital\">\n<img src=\"https:\/\/labestiadeportiva.com\/lbd\/wp-content\/plugins\/jw-share-this\/su.png\" alt=\"Share this page via Stumble Upon\" \/>\n<\/a>\n<a target=\"_blank\" href=\"http:\/\/digg.com\/submit?url=https%3A%2F%2Flabestiadeportiva.com%2Flbd%2Ftodo-por-la-ventanilla-digital%2F&amp;title=Todo+por+la+Ventanilla+Digital\">\n<img src=\"https:\/\/labestiadeportiva.com\/lbd\/wp-content\/plugins\/jw-share-this\/digg.png\" alt=\"Share this page via Digg this\" \/>\n<\/a>\n<a target=\"_blank\" href=\"http:\/\/www.facebook.com\/sharer.php?u=https%3A%2F%2Flabestiadeportiva.com%2Flbd%2Ftodo-por-la-ventanilla-digital%2F&amp;t=Todo+por+la+Ventanilla+Digital\">\n<img src=\"https:\/\/labestiadeportiva.com\/lbd\/wp-content\/plugins\/jw-share-this\/fb.png\" alt=\"Share this page via Facebook\" \/>\n<\/a>\n<a target=\"_blank\" href=\"http:\/\/twitter.com\/intent\/tweet?text=I+like+https%3A%2F%2Flabestiadeportiva.com%2Flbd%2Ftodo-por-la-ventanilla-digital%2F&amp;title=Todo+por+la+Ventanilla+Digital\">\n<img src=\"https:\/\/labestiadeportiva.com\/lbd\/wp-content\/plugins\/jw-share-this\/twitter.png\" alt=\"Share this page via Twitter\" \/>\n<\/a>\n<\/div>\n","protected":false},"excerpt":{"rendered":"<p>El Instituto Municipal de Deportes informa que para poder disfrutar de sus propuestas y actividades podr\u00e1n inscribirse y consultar a trav\u00e9s de la Ventanilla Digital. Desde LBD, los detalles. 1.093 veces le\u00edda Share this:<\/p>\n","protected":false},"author":1,"featured_media":39166,"comment_status":"open","ping_status":"open","sticky":false,"template":"","format":"standard","meta":[],"categories":[5,2651,1],"tags":[3834,1929,4543],"_links":{"self":[{"href":"https:\/\/labestiadeportiva.com\/lbd\/wp-json\/wp\/v2\/posts\/39165"}],"collection":[{"href":"https:\/\/labestiadeportiva.com\/lbd\/wp-json\/wp\/v2\/posts"}],"about":[{"href":"https:\/\/labestiadeportiva.com\/lbd\/wp-json\/wp\/v2\/types\/post"}],"author":[{"embeddable":true,"href":"https:\/\/labestiadeportiva.com\/lbd\/wp-json\/wp\/v2\/users\/1"}],"replies":[{"embeddable":true,"href":"https:\/\/labestiadeportiva.com\/lbd\/wp-json\/wp\/v2\/comments?post=39165"}],"version-history":[{"count":1,"href":"https:\/\/labestiadeportiva.com\/lbd\/wp-json\/wp\/v2\/posts\/39165\/revisions"}],"predecessor-version":[{"id":39167,"href":"https:\/\/labestiadeportiva.com\/lbd\/wp-json\/wp\/v2\/posts\/39165\/revisions\/39167"}],"wp:featuredmedia":[{"embeddable":true,"href":"https:\/\/labestiadeportiva.com\/lbd\/wp-json\/wp\/v2\/media\/39166"}],"wp:attachment":[{"href":"https:\/\/labestiadeportiva.com\/lbd\/wp-json\/wp\/v2\/media?parent=39165"}],"wp:term":[{"taxonomy":"category","embeddable":true,"href":"https:\/\/labestiadeportiva.com\/lbd\/wp-json\/wp\/v2\/categories?post=39165"},{"taxonomy":"post_tag","embeddable":true,"href":"https:\/\/labestiadeportiva.com\/lbd\/wp-json\/wp\/v2\/tags?post=39165"}],"curies":[{"name":"wp","href":"https:\/\/api.w.org\/{rel}","templated":true}]}}