{"id":39193,"date":"2021-07-17T15:09:28","date_gmt":"2021-07-17T18:09:28","guid":{"rendered":"http:\/\/labestiadeportiva.com\/lbd\/?p=39193"},"modified":"2021-07-22T12:36:01","modified_gmt":"2021-07-22T15:36:01","slug":"ya-estan-los-12","status":"publish","type":"post","link":"https:\/\/labestiadeportiva.com\/lbd\/ya-estan-los-12\/","title":{"rendered":"Ya est\u00e1n los 12"},"content":{"rendered":"<p>Por Agust\u00edn \u00abColo\u00bb Aguirre (Corresponsal LBD en La Pampa)<\/p>\n<p><a href=\"http:\/\/labestiadeportiva.com\/lbd\/wp-content\/uploads\/2021\/07\/allavamos_final.jpg\"><img loading=\"lazy\" src=\"http:\/\/labestiadeportiva.com\/lbd\/wp-content\/uploads\/2021\/07\/allavamos_final-240x300.jpg\" alt=\"allavamos_final\" width=\"240\" height=\"300\" class=\"aligncenter size-medium wp-image-39194\" srcset=\"https:\/\/labestiadeportiva.com\/lbd\/wp-content\/uploads\/2021\/07\/allavamos_final-240x300.jpg 240w, https:\/\/labestiadeportiva.com\/lbd\/wp-content\/uploads\/2021\/07\/allavamos_final-819x1024.jpg 819w, https:\/\/labestiadeportiva.com\/lbd\/wp-content\/uploads\/2021\/07\/allavamos_final.jpg 1080w\" sizes=\"(max-width: 240px) 100vw, 240px\" \/><\/a><br \/>\nSergio Santos Hern\u00e1ndez Confirmo los 12 jugadores que van a disputar los Juegos Ol\u00edmpicos de Tokio del 23 de julio al 8 de agosto. Fjellerup, Fern\u00e1ndez y Berra fueron desafectados.<!--more--><\/p>\n<p>El Head Coach argentino presento la n\u00f3mina de jugadores que van a debutar el 26 de julio a las 1.40 la Eslovenia. Los 3 jugadores que quedaron desafectados fueron M\u00e1ximo Fjellerup (estuvo en el Mundial 2019) Juan Fern\u00e1ndez y Lautaro Berra. Mientras que 9 de los 12 son los mismos que disputaron el \u00faltimo mundial en Jap\u00f3n. <\/p>\n<p>Juan Pablo Vaulet es uno de los debutantes de la planilla, el alero que acaba de firmar EK de Atenas, viene de promediar 7.8 puntos, 52% de tiros de campo y 4 rebotes en 22 minutos en la liga ACB en el Manresa. <\/p>\n<p>Otros de los debutantes es Francisco Caffaro (Hermano de Agust\u00edn, que disput\u00f3 el mundial 2019) el pivot de 2.14 mts. esta jugando  en la Universidad de Virginia, y es uno de los jugadores de la famosa camada del 2000, que hizo un gran mundial U19 hace dos a\u00f1os atr\u00e1s; el otro jugador que es del mismo a\u00f1o es Leandro Bolmaro, de gran temporada en el Barcelona, jugando la final de la Euroliga y saliendo campe\u00f3n de la Liga Espa\u00f1ola, el base\/alero , que seguramente el DT argentino lo usar\u00e1 mas 2\/3 promedio 7.9 y 2 asistencias en los playoffs. <\/p>\n<p>Hern\u00e1ndez en dialogo con la CAB declaro: \u201cHoy fue el peor d\u00eda de la concentraci\u00f3n: tomar la decisi\u00f3n de cu\u00e1les son los 12 y comunicarla es lo que m\u00e1s sufro de todo el proceso. Pasan los a\u00f1os pero no me acostumbro\u201d, luego hizo sentir parte del proceso a todos los jugadores \u201cvan 12 a Tokio, pero quiero que todos se sientan parte de este proceso, como quiero que Pablo (Prigioni) se sienta parte. Los quiero, respeto y admiro a todos\u201d.<\/p>\n<p>Los 12 jugadores:<br \/>\nBases<br \/>\nFacundo Campazzo: 1.80 &#8211; 30 a\u00f1os &#8211; Denver Nuggets<br \/>\nNicol\u00e1s Laprovittola: 1.88 &#8211; 31 a\u00f1os &#8211; Libre<br \/>\nLuca Vildoza: 1.89 &#8211; 25 a\u00f1os &#8211; New York Knicks<\/p>\n<p>Escoltas<br \/>\nNicol\u00e1s Brussino: 2.05 &#8211; 27 a\u00f1os &#8211; Gran Canaria<br \/>\nLeandro Bolmaro: 2.00 &#8211; 20 a\u00f1os &#8211; Barcelona<\/p>\n<p>Aleros<br \/>\nGabriel Deck: 1.98 &#8211; 26 a\u00f1os &#8211; Oklahoma City Thunder<br \/>\nPatricio Garino: 1.98 &#8211; 28 a\u00f1os &#8211; Libre<br \/>\nJuan Pablo Vaulet: 1.99 &#8211; 25 a\u00f1os &#8211; AEK Atenas<\/p>\n<p>Ala pivotes<br \/>\nLuis Scola: 2.07 &#8211; 41 a\u00f1os &#8211; Varese<\/p>\n<p>Pivotes<br \/>\nMarcos Delia: 2.09 &#8211; 29 a\u00f1os &#8211; Trieste<br \/>\nTayavek Gallizzi: 2.04 &#8211; 28 a\u00f1os- Instituto (C)<br \/>\nFrancisco C\u00e1ffaro: 2.14 \u2013 21 a\u00f1os &#8211; Universidad de Virginia<\/p>\n<p>Los partidos de argentina:<\/p>\n<p>26 de julio \/ Eslovenia 1.40<br \/>\n29 de julio \/ Espa\u00f1a 9 am<br \/>\n1\u00b0 agosto \/ Jap\u00f3n 1.40<\/p>\n<div class='epvc-post-count'><span class='epvc-eye'><\/span>  <span class=\"epvc-count\"> 1.047<\/span><span class='epvc-label'> veces le\u00edda<\/span><\/div>\n<div class=\"jwsharethis\">\nShare this: \n<br \/>\n<a href=\"mailto:?subject=Ya%20est%C3%A1n%20los%2012&amp;body=https%3A%2F%2Flabestiadeportiva.com%2Flbd%2Fya-estan-los-12%2F\">\n<img src=\"https:\/\/labestiadeportiva.com\/lbd\/wp-content\/plugins\/jw-share-this\/email.png\" alt=\"Share this page via Email\" \/>\n<\/a>\n<a target=\"_blank\" href=\"http:\/\/www.stumbleupon.com\/submit?url=https%3A%2F%2Flabestiadeportiva.com%2Flbd%2Fya-estan-los-12%2F&amp;title=Ya+est%C3%A1n+los+12\">\n<img src=\"https:\/\/labestiadeportiva.com\/lbd\/wp-content\/plugins\/jw-share-this\/su.png\" alt=\"Share this page via Stumble Upon\" \/>\n<\/a>\n<a target=\"_blank\" href=\"http:\/\/digg.com\/submit?url=https%3A%2F%2Flabestiadeportiva.com%2Flbd%2Fya-estan-los-12%2F&amp;title=Ya+est%C3%A1n+los+12\">\n<img src=\"https:\/\/labestiadeportiva.com\/lbd\/wp-content\/plugins\/jw-share-this\/digg.png\" alt=\"Share this page via Digg this\" \/>\n<\/a>\n<a target=\"_blank\" href=\"http:\/\/www.facebook.com\/sharer.php?u=https%3A%2F%2Flabestiadeportiva.com%2Flbd%2Fya-estan-los-12%2F&amp;t=Ya+est%C3%A1n+los+12\">\n<img src=\"https:\/\/labestiadeportiva.com\/lbd\/wp-content\/plugins\/jw-share-this\/fb.png\" alt=\"Share this page via Facebook\" \/>\n<\/a>\n<a target=\"_blank\" href=\"http:\/\/twitter.com\/intent\/tweet?text=I+like+https%3A%2F%2Flabestiadeportiva.com%2Flbd%2Fya-estan-los-12%2F&amp;title=Ya+est%C3%A1n+los+12\">\n<img src=\"https:\/\/labestiadeportiva.com\/lbd\/wp-content\/plugins\/jw-share-this\/twitter.png\" alt=\"Share this page via Twitter\" \/>\n<\/a>\n<\/div>\n","protected":false},"excerpt":{"rendered":"<p>Por Agust\u00edn \u00abColo\u00bb Aguirre (Corresponsal LBD en La Pampa) Sergio Santos Hern\u00e1ndez Confirmo los 12 jugadores que van a disputar los Juegos Ol\u00edmpicos de Tokio del 23 de julio al 8 de agosto. Fjellerup, Fern\u00e1ndez y Berra fueron desafectados. 1.047 veces le\u00edda Share this:<\/p>\n","protected":false},"author":1,"featured_media":39194,"comment_status":"open","ping_status":"open","sticky":false,"template":"","format":"standard","meta":[],"categories":[2432,4,6,915,1],"tags":[171,4556,1256,3660,4546],"_links":{"self":[{"href":"https:\/\/labestiadeportiva.com\/lbd\/wp-json\/wp\/v2\/posts\/39193"}],"collection":[{"href":"https:\/\/labestiadeportiva.com\/lbd\/wp-json\/wp\/v2\/posts"}],"about":[{"href":"https:\/\/labestiadeportiva.com\/lbd\/wp-json\/wp\/v2\/types\/post"}],"author":[{"embeddable":true,"href":"https:\/\/labestiadeportiva.com\/lbd\/wp-json\/wp\/v2\/users\/1"}],"replies":[{"embeddable":true,"href":"https:\/\/labestiadeportiva.com\/lbd\/wp-json\/wp\/v2\/comments?post=39193"}],"version-history":[{"count":3,"href":"https:\/\/labestiadeportiva.com\/lbd\/wp-json\/wp\/v2\/posts\/39193\/revisions"}],"predecessor-version":[{"id":39197,"href":"https:\/\/labestiadeportiva.com\/lbd\/wp-json\/wp\/v2\/posts\/39193\/revisions\/39197"}],"wp:featuredmedia":[{"embeddable":true,"href":"https:\/\/labestiadeportiva.com\/lbd\/wp-json\/wp\/v2\/media\/39194"}],"wp:attachment":[{"href":"https:\/\/labestiadeportiva.com\/lbd\/wp-json\/wp\/v2\/media?parent=39193"}],"wp:term":[{"taxonomy":"category","embeddable":true,"href":"https:\/\/labestiadeportiva.com\/lbd\/wp-json\/wp\/v2\/categories?post=39193"},{"taxonomy":"post_tag","embeddable":true,"href":"https:\/\/labestiadeportiva.com\/lbd\/wp-json\/wp\/v2\/tags?post=39193"}],"curies":[{"name":"wp","href":"https:\/\/api.w.org\/{rel}","templated":true}]}}