{"id":39198,"date":"2021-07-19T12:16:14","date_gmt":"2021-07-19T15:16:14","guid":{"rendered":"http:\/\/labestiadeportiva.com\/lbd\/?p=39198"},"modified":"2021-07-19T12:16:14","modified_gmt":"2021-07-19T15:16:14","slug":"temporada-lanzada","status":"publish","type":"post","link":"https:\/\/labestiadeportiva.com\/lbd\/temporada-lanzada\/","title":{"rendered":"Temporada lanzada"},"content":{"rendered":"<p><a href=\"http:\/\/labestiadeportiva.com\/lbd\/wp-content\/uploads\/2021\/07\/2K5A1906_1.jpg\"><img loading=\"lazy\" class=\"aligncenter size-medium wp-image-39199\" src=\"http:\/\/labestiadeportiva.com\/lbd\/wp-content\/uploads\/2021\/07\/2K5A1906_1-300x200.jpg\" alt=\"2K5A1906_1\" width=\"300\" height=\"200\" srcset=\"https:\/\/labestiadeportiva.com\/lbd\/wp-content\/uploads\/2021\/07\/2K5A1906_1-300x200.jpg 300w, https:\/\/labestiadeportiva.com\/lbd\/wp-content\/uploads\/2021\/07\/2K5A1906_1-1024x682.jpg 1024w\" sizes=\"(max-width: 300px) 100vw, 300px\" \/><\/a><br \/>\nCon la tradicional Bajada de Antorchas, el centro de esqu\u00ed m\u00e1s austral del mundo dio inicio oficial a la temporada invernal en Ushuaia con la nieve como protagonista y la virtualidad como diferencial de este a\u00f1o. Fuente y fotos Prensa Cerro Castor.<!--more--><\/p>\n<p>Durante el atardecer del s\u00e1bado, y con la presencia de autoridades nacionales, provinciales y municipales, Cerro Castor present\u00f3 la esperada Bajada de Antorchas.<\/p>\n<p>Este a\u00f1o, la celebraci\u00f3n se transmiti\u00f3 v\u00eda streaming por las redes sociales de TurismoTDF y por la TV P\u00fablica Fueguina, para evitar la concurrencia masiva que suele acompa\u00f1ar esta fiesta y cumplir con los protocolos de seguridad, higiene y distanciamiento que el momento exige.<\/p>\n<p>Las intensas nevadas de la semana que pas\u00f3, brindaron el marco ideal para que todas las instalaciones, atractivos y servicios de Cerro Castor pudieran lucirse durante la Fiesta del Invierno #FandelaNieve y quienes lo segu\u00edan pudieran conocer las actividades que se realizan en cada centro invernal ubicados en el Valle de Tierra Mayor y en Ushuaia.<\/p>\n<p>El momento m\u00e1s esperado lleg\u00f3 alrededor de las 18 horas, ya en pleno atardecer nocturno, cuando la monta\u00f1a se ilumin\u00f3 con las 60 antorchas portadas por atletas e instructores de Cerro Castor y el Club Andino Ushuaia.<\/p>\n<p><a href=\"http:\/\/labestiadeportiva.com\/lbd\/wp-content\/uploads\/2021\/07\/Screenshot_20210719-1210272.png\"><img loading=\"lazy\" class=\"aligncenter size-medium wp-image-39200\" src=\"http:\/\/labestiadeportiva.com\/lbd\/wp-content\/uploads\/2021\/07\/Screenshot_20210719-1210272-300x196.png\" alt=\"Screenshot_20210719-121027~2\" width=\"300\" height=\"196\" srcset=\"https:\/\/labestiadeportiva.com\/lbd\/wp-content\/uploads\/2021\/07\/Screenshot_20210719-1210272-300x196.png 300w, https:\/\/labestiadeportiva.com\/lbd\/wp-content\/uploads\/2021\/07\/Screenshot_20210719-1210272.png 720w\" sizes=\"(max-width: 300px) 100vw, 300px\" \/><\/a>Periodistas, influencers y medios de todo el pa\u00eds cubrieron y transmitieron en vivo el emotivo momento, que lleg\u00f3 a miles de personas de todo el mundo.<\/p>\n<p>En este escenario descendieron los deportistas ol\u00edmpicos juveniles de Tierra del Fuego: Azul Ch\u00e1vez, Valent\u00edn Moreno y Dante Vera portando la bandera argentina.<\/p>\n<p>A ellos se sum\u00f3 Nicol\u00e1s Lima, primer atleta fueguino clasificado para los Juegos Paral\u00edmpicos Beij\u00edn 2022, quienes fueron los encargados de encender el pebetero para dar comienzo oficial a la temporada invernal.<\/p>\n<p>La Vicegobernadora de la Provincia, M\u00f3nica Urquiza, record\u00f3 que \u201cel 2020 ha sido un a\u00f1o para reflexionar y darnos cuenta la importancia que tiene el turismo para el pa\u00eds y en especial para Tierra del Fuego\u201d. Por ello expres\u00f3 que \u201cestar inaugurando esta fiesta es un placer y una gran satisfacci\u00f3n\u201d.<\/p>\n<p>Por su parte el presidente del INFUETUR, Dante Querciali, destac\u00f3 que \u201ceste a\u00f1o quisimos brindar, a la comunidad y a los turistas, el tradicional evento de bajada con antorchas en un formato distinto.<\/p>\n<p>Venimos de un 2019 duro para el sector tur\u00edstico y esta Fiesta del Invierno es una manera de darle la bienvenida a esta temporada en la cual estamos abiertos a recibir turismo nacional, siempre cuid\u00e1ndonos con protocolos y ofreciendo servicios seguros\u201d.<\/p>\n<p>Querciali destac\u00f3 el trabajo realizado por la TV P\u00fablica Fueguina, el INFUETUR y Cerro Castor e invit\u00f3 a turistas y residentes a disfrutar de la variada oferta de actividades invernales y servicios que el Fin del Mundo tiene para toda la familia y de la excelente gastronom\u00eda.<\/p>\n<p><a href=\"http:\/\/labestiadeportiva.com\/lbd\/wp-content\/uploads\/2021\/07\/Screenshot_20210719-1210422.png\"><img loading=\"lazy\" class=\"aligncenter size-medium wp-image-39201\" src=\"http:\/\/labestiadeportiva.com\/lbd\/wp-content\/uploads\/2021\/07\/Screenshot_20210719-1210422-300x193.png\" alt=\"Screenshot_20210719-121042~2\" width=\"300\" height=\"193\" srcset=\"https:\/\/labestiadeportiva.com\/lbd\/wp-content\/uploads\/2021\/07\/Screenshot_20210719-1210422-300x193.png 300w, https:\/\/labestiadeportiva.com\/lbd\/wp-content\/uploads\/2021\/07\/Screenshot_20210719-1210422.png 720w\" sizes=\"(max-width: 300px) 100vw, 300px\" \/><\/a>El titular del centro invernal Cerro Castor, Juan Carlos Begu\u00e9, tambi\u00e9n brind\u00f3 una c\u00e1lida bienvenida a los espectadores que segu\u00edan la transmisi\u00f3n manifestando que \u201cestamos muy contentos de poder realizar este evento. Empezamos a ver la luz al final del t\u00fanel.<\/p>\n<p>En 2019 fue el \u00faltimo evento que pudimos hacer y, de a poco, iremos volviendo a la normalidad\u201d. Asimismo coment\u00f3 que los deportes invernales son actividades que se pueden realizar al aire libre e hizo hincapi\u00e9 en el cumplimiento de los protocolos sanitarios y medidas provinciales vigentes para seguirnos cuidando.<\/p>\n<p>Se hizo presente la Directora Nacional de Fiestas Populares y Eventos del Ministerio de Turismo y Deportes de Naci\u00f3n, Fernanda Rodr\u00edguez manifest\u00f3: \u201cDesde mi lugar tenemos la Direcci\u00f3n de Fiestas Argentinas con m\u00e1s de 300 fiestas y la puesta en valor de estos festejos generando pol\u00edticas de estado y acompa\u00f1ando el desarrollo y promoci\u00f3n de las fiestas del pa\u00eds\u201d.<\/p>\n<p>Tambi\u00e9n se transmiti\u00f3 desde Tokio un saludo del Secretario General del Comit\u00e9 Ol\u00edmpico Argentino, Mario Moccia, para los atletas ol\u00edmpicos fueguinos. \u201cEnv\u00edo un saludo para estos h\u00e9roes fueguinos que representaron el a\u00f1o pasado a todos los argentinos y son los primeros fueguinos en llegar a los juegos ol\u00edmpicos\u201d, expres\u00f3 Moccia.<\/p>\n<p>En una ciudad que va recuperando r\u00e1pidamente la actividad tur\u00edstica, con muy buena ocupaci\u00f3n y reservas hoteleras para vacaciones de invierno, los organizadores realizaron tambi\u00e9n una demostraci\u00f3n en vivo de cocina al aire libre con exquisitos sabores fueguinos.<\/p>\n<p>La Fiesta concluy\u00f3 con m\u00fasica local a cargo de la banda Vozenoff.<\/p>\n<p><a href=\"http:\/\/labestiadeportiva.com\/lbd\/wp-content\/uploads\/2021\/07\/Screenshot_20210719-1211092.png\"><img loading=\"lazy\" class=\"aligncenter size-medium wp-image-39202\" src=\"http:\/\/labestiadeportiva.com\/lbd\/wp-content\/uploads\/2021\/07\/Screenshot_20210719-1211092-300x192.png\" alt=\"Screenshot_20210719-121109~2\" width=\"300\" height=\"192\" srcset=\"https:\/\/labestiadeportiva.com\/lbd\/wp-content\/uploads\/2021\/07\/Screenshot_20210719-1211092-300x192.png 300w, https:\/\/labestiadeportiva.com\/lbd\/wp-content\/uploads\/2021\/07\/Screenshot_20210719-1211092.png 720w\" sizes=\"(max-width: 300px) 100vw, 300px\" \/><\/a><\/p>\n<p>&nbsp;<\/p>\n<div class='epvc-post-count'><span class='epvc-eye'><\/span>  <span class=\"epvc-count\"> 1.068<\/span><span class='epvc-label'> veces le\u00edda<\/span><\/div>\n<div class=\"jwsharethis\">\nShare this: \n<br \/>\n<a href=\"mailto:?subject=Temporada%20lanzada&amp;body=https%3A%2F%2Flabestiadeportiva.com%2Flbd%2Ftemporada-lanzada%2F\">\n<img src=\"https:\/\/labestiadeportiva.com\/lbd\/wp-content\/plugins\/jw-share-this\/email.png\" alt=\"Share this page via Email\" \/>\n<\/a>\n<a target=\"_blank\" href=\"http:\/\/www.stumbleupon.com\/submit?url=https%3A%2F%2Flabestiadeportiva.com%2Flbd%2Ftemporada-lanzada%2F&amp;title=Temporada+lanzada\">\n<img src=\"https:\/\/labestiadeportiva.com\/lbd\/wp-content\/plugins\/jw-share-this\/su.png\" alt=\"Share this page via Stumble Upon\" \/>\n<\/a>\n<a target=\"_blank\" href=\"http:\/\/digg.com\/submit?url=https%3A%2F%2Flabestiadeportiva.com%2Flbd%2Ftemporada-lanzada%2F&amp;title=Temporada+lanzada\">\n<img src=\"https:\/\/labestiadeportiva.com\/lbd\/wp-content\/plugins\/jw-share-this\/digg.png\" alt=\"Share this page via Digg this\" \/>\n<\/a>\n<a target=\"_blank\" href=\"http:\/\/www.facebook.com\/sharer.php?u=https%3A%2F%2Flabestiadeportiva.com%2Flbd%2Ftemporada-lanzada%2F&amp;t=Temporada+lanzada\">\n<img src=\"https:\/\/labestiadeportiva.com\/lbd\/wp-content\/plugins\/jw-share-this\/fb.png\" alt=\"Share this page via Facebook\" \/>\n<\/a>\n<a target=\"_blank\" href=\"http:\/\/twitter.com\/intent\/tweet?text=I+like+https%3A%2F%2Flabestiadeportiva.com%2Flbd%2Ftemporada-lanzada%2F&amp;title=Temporada+lanzada\">\n<img src=\"https:\/\/labestiadeportiva.com\/lbd\/wp-content\/plugins\/jw-share-this\/twitter.png\" alt=\"Share this page via Twitter\" \/>\n<\/a>\n<\/div>\n","protected":false},"excerpt":{"rendered":"<p>Con la tradicional Bajada de Antorchas, el centro de esqu\u00ed m\u00e1s austral del mundo dio inicio oficial a la temporada invernal en Ushuaia con la nieve como protagonista y la virtualidad como diferencial de este a\u00f1o. Fuente y fotos Prensa Cerro Castor. 1.068 veces le\u00edda Share this:<\/p>\n","protected":false},"author":1,"featured_media":39202,"comment_status":"open","ping_status":"open","sticky":false,"template":"","format":"standard","meta":[],"categories":[5,6,41,3944,29,1,3345],"tags":[905,2753,3660],"_links":{"self":[{"href":"https:\/\/labestiadeportiva.com\/lbd\/wp-json\/wp\/v2\/posts\/39198"}],"collection":[{"href":"https:\/\/labestiadeportiva.com\/lbd\/wp-json\/wp\/v2\/posts"}],"about":[{"href":"https:\/\/labestiadeportiva.com\/lbd\/wp-json\/wp\/v2\/types\/post"}],"author":[{"embeddable":true,"href":"https:\/\/labestiadeportiva.com\/lbd\/wp-json\/wp\/v2\/users\/1"}],"replies":[{"embeddable":true,"href":"https:\/\/labestiadeportiva.com\/lbd\/wp-json\/wp\/v2\/comments?post=39198"}],"version-history":[{"count":1,"href":"https:\/\/labestiadeportiva.com\/lbd\/wp-json\/wp\/v2\/posts\/39198\/revisions"}],"predecessor-version":[{"id":39203,"href":"https:\/\/labestiadeportiva.com\/lbd\/wp-json\/wp\/v2\/posts\/39198\/revisions\/39203"}],"wp:featuredmedia":[{"embeddable":true,"href":"https:\/\/labestiadeportiva.com\/lbd\/wp-json\/wp\/v2\/media\/39202"}],"wp:attachment":[{"href":"https:\/\/labestiadeportiva.com\/lbd\/wp-json\/wp\/v2\/media?parent=39198"}],"wp:term":[{"taxonomy":"category","embeddable":true,"href":"https:\/\/labestiadeportiva.com\/lbd\/wp-json\/wp\/v2\/categories?post=39198"},{"taxonomy":"post_tag","embeddable":true,"href":"https:\/\/labestiadeportiva.com\/lbd\/wp-json\/wp\/v2\/tags?post=39198"}],"curies":[{"name":"wp","href":"https:\/\/api.w.org\/{rel}","templated":true}]}}