{"id":39225,"date":"2021-07-20T00:09:53","date_gmt":"2021-07-20T03:09:53","guid":{"rendered":"http:\/\/labestiadeportiva.com\/lbd\/?p=39225"},"modified":"2021-07-20T00:11:26","modified_gmt":"2021-07-20T03:11:26","slug":"sin-futsal-afa-hasta-el-2-de-agosto","status":"publish","type":"post","link":"https:\/\/labestiadeportiva.com\/lbd\/sin-futsal-afa-hasta-el-2-de-agosto\/","title":{"rendered":"Sin futsal AFA hasta el 2 de Agosto"},"content":{"rendered":"<p><a href=\"http:\/\/labestiadeportiva.com\/lbd\/wp-content\/uploads\/2021\/07\/Screenshot_20210720-0002393.png\"><img loading=\"lazy\" src=\"http:\/\/labestiadeportiva.com\/lbd\/wp-content\/uploads\/2021\/07\/Screenshot_20210720-0002393-300x261.png\" alt=\"Screenshot_20210720-000239~3\" width=\"300\" height=\"261\" class=\"aligncenter size-medium wp-image-39226\" srcset=\"https:\/\/labestiadeportiva.com\/lbd\/wp-content\/uploads\/2021\/07\/Screenshot_20210720-0002393-300x261.png 300w, https:\/\/labestiadeportiva.com\/lbd\/wp-content\/uploads\/2021\/07\/Screenshot_20210720-0002393.png 417w\" sizes=\"(max-width: 300px) 100vw, 300px\" \/><\/a><br \/>\nAs\u00ed se lo inform\u00f3 este lunes el COE a la Liga Ushuaiense v\u00eda mail. El motivo fue el incumplimiento del protocolo establecido producido en las semifinales jugadas el domingo por la tarde noche en el \u00abGigante del Sur\u00bb. De esta forma semifinales femeninas del \u00abChela\u00bb Gonz\u00e1lez y final masculina del \u00abN\u00e9stor Puebla\u00bb deber\u00e1n esperar hasta el comienzo del pr\u00f3ximo mes.<\/p>\n<div class='epvc-post-count'><span class='epvc-eye'><\/span>  <span class=\"epvc-count\"> 1.073<\/span><span class='epvc-label'> veces le\u00edda<\/span><\/div>\n<div class=\"jwsharethis\">\nShare this: \n<br \/>\n<a href=\"mailto:?subject=Sin%20futsal%20AFA%20hasta%20el%202%20de%20Agosto&amp;body=https%3A%2F%2Flabestiadeportiva.com%2Flbd%2Fsin-futsal-afa-hasta-el-2-de-agosto%2F\">\n<img src=\"https:\/\/labestiadeportiva.com\/lbd\/wp-content\/plugins\/jw-share-this\/email.png\" alt=\"Share this page via Email\" \/>\n<\/a>\n<a target=\"_blank\" href=\"http:\/\/www.stumbleupon.com\/submit?url=https%3A%2F%2Flabestiadeportiva.com%2Flbd%2Fsin-futsal-afa-hasta-el-2-de-agosto%2F&amp;title=Sin+futsal+AFA+hasta+el+2+de+Agosto\">\n<img src=\"https:\/\/labestiadeportiva.com\/lbd\/wp-content\/plugins\/jw-share-this\/su.png\" alt=\"Share this page via Stumble Upon\" \/>\n<\/a>\n<a target=\"_blank\" href=\"http:\/\/digg.com\/submit?url=https%3A%2F%2Flabestiadeportiva.com%2Flbd%2Fsin-futsal-afa-hasta-el-2-de-agosto%2F&amp;title=Sin+futsal+AFA+hasta+el+2+de+Agosto\">\n<img src=\"https:\/\/labestiadeportiva.com\/lbd\/wp-content\/plugins\/jw-share-this\/digg.png\" alt=\"Share this page via Digg this\" \/>\n<\/a>\n<a target=\"_blank\" href=\"http:\/\/www.facebook.com\/sharer.php?u=https%3A%2F%2Flabestiadeportiva.com%2Flbd%2Fsin-futsal-afa-hasta-el-2-de-agosto%2F&amp;t=Sin+futsal+AFA+hasta+el+2+de+Agosto\">\n<img src=\"https:\/\/labestiadeportiva.com\/lbd\/wp-content\/plugins\/jw-share-this\/fb.png\" alt=\"Share this page via Facebook\" \/>\n<\/a>\n<a target=\"_blank\" href=\"http:\/\/twitter.com\/intent\/tweet?text=I+like+https%3A%2F%2Flabestiadeportiva.com%2Flbd%2Fsin-futsal-afa-hasta-el-2-de-agosto%2F&amp;title=Sin+futsal+AFA+hasta+el+2+de+Agosto\">\n<img src=\"https:\/\/labestiadeportiva.com\/lbd\/wp-content\/plugins\/jw-share-this\/twitter.png\" alt=\"Share this page via Twitter\" \/>\n<\/a>\n<\/div>\n","protected":false},"excerpt":{"rendered":"<p>As\u00ed se lo inform\u00f3 este lunes el COE a la Liga Ushuaiense v\u00eda mail. El motivo fue el incumplimiento del protocolo establecido producido en las semifinales jugadas el domingo por la tarde noche en el \u00abGigante del Sur\u00bb. De esta forma semifinales femeninas del \u00abChela\u00bb Gonz\u00e1lez y final masculina del \u00abN\u00e9stor Puebla\u00bb deber\u00e1n esperar hasta &hellip; <a href=\"https:\/\/labestiadeportiva.com\/lbd\/sin-futsal-afa-hasta-el-2-de-agosto\/\" class=\"more-link\">Seguir leyendo <span class=\"screen-reader-text\">Sin futsal AFA hasta el 2 de Agosto<\/span> <span class=\"meta-nav\">&rarr;<\/span><\/a><\/p>\n","protected":false},"author":1,"featured_media":39226,"comment_status":"open","ping_status":"open","sticky":false,"template":"","format":"standard","meta":[],"categories":[5,47,1],"tags":[30,48,3660],"_links":{"self":[{"href":"https:\/\/labestiadeportiva.com\/lbd\/wp-json\/wp\/v2\/posts\/39225"}],"collection":[{"href":"https:\/\/labestiadeportiva.com\/lbd\/wp-json\/wp\/v2\/posts"}],"about":[{"href":"https:\/\/labestiadeportiva.com\/lbd\/wp-json\/wp\/v2\/types\/post"}],"author":[{"embeddable":true,"href":"https:\/\/labestiadeportiva.com\/lbd\/wp-json\/wp\/v2\/users\/1"}],"replies":[{"embeddable":true,"href":"https:\/\/labestiadeportiva.com\/lbd\/wp-json\/wp\/v2\/comments?post=39225"}],"version-history":[{"count":1,"href":"https:\/\/labestiadeportiva.com\/lbd\/wp-json\/wp\/v2\/posts\/39225\/revisions"}],"predecessor-version":[{"id":39227,"href":"https:\/\/labestiadeportiva.com\/lbd\/wp-json\/wp\/v2\/posts\/39225\/revisions\/39227"}],"wp:featuredmedia":[{"embeddable":true,"href":"https:\/\/labestiadeportiva.com\/lbd\/wp-json\/wp\/v2\/media\/39226"}],"wp:attachment":[{"href":"https:\/\/labestiadeportiva.com\/lbd\/wp-json\/wp\/v2\/media?parent=39225"}],"wp:term":[{"taxonomy":"category","embeddable":true,"href":"https:\/\/labestiadeportiva.com\/lbd\/wp-json\/wp\/v2\/categories?post=39225"},{"taxonomy":"post_tag","embeddable":true,"href":"https:\/\/labestiadeportiva.com\/lbd\/wp-json\/wp\/v2\/tags?post=39225"}],"curies":[{"name":"wp","href":"https:\/\/api.w.org\/{rel}","templated":true}]}}