{"id":39228,"date":"2021-07-20T00:30:44","date_gmt":"2021-07-20T03:30:44","guid":{"rendered":"http:\/\/labestiadeportiva.com\/lbd\/?p=39228"},"modified":"2021-07-20T00:39:11","modified_gmt":"2021-07-20T03:39:11","slug":"lanzamiento-y-apertura-de-inscripciones","status":"publish","type":"post","link":"https:\/\/labestiadeportiva.com\/lbd\/lanzamiento-y-apertura-de-inscripciones\/","title":{"rendered":"Lanzamiento y apertura de inscripciones"},"content":{"rendered":"<p><a href=\"http:\/\/labestiadeportiva.com\/lbd\/wp-content\/uploads\/2021\/07\/FB_IMG_1626751339272.jpg\"><img loading=\"lazy\" src=\"http:\/\/labestiadeportiva.com\/lbd\/wp-content\/uploads\/2021\/07\/FB_IMG_1626751339272-295x300.jpg\" alt=\"FB_IMG_1626751339272\" width=\"295\" height=\"300\" class=\"aligncenter size-medium wp-image-39229\" srcset=\"https:\/\/labestiadeportiva.com\/lbd\/wp-content\/uploads\/2021\/07\/FB_IMG_1626751339272-295x300.jpg 295w, https:\/\/labestiadeportiva.com\/lbd\/wp-content\/uploads\/2021\/07\/FB_IMG_1626751339272-60x60.jpg 60w, https:\/\/labestiadeportiva.com\/lbd\/wp-content\/uploads\/2021\/07\/FB_IMG_1626751339272.jpg 720w\" sizes=\"(max-width: 295px) 100vw, 295px\" \/><\/a><br \/>\nLos Juegos Deportivos Fueguinos fueron lanzados este lunes a media ma\u00f1ana en Casa de Gobierno. Asimismo se abrieron las inscripciones para formar parte las cuales se extender\u00e1n hasta el viernes 20 de Agosto. Fuente y fotos Prensa Secretaria de Deportes y Juventud Provincial.<!--more--><\/p>\n<p>El gobernador Gustavo Melella y el ministro Jefe de Gabinete, Agust\u00edn Tita, acompa\u00f1aron en Casa de Gobierno al Secretario de Deportes, Carlos Turdo, en el lanzamiento oficial de los Juegos Deportivos Fueguinos que se llevar\u00e1n a cabo en los pr\u00f3ximos meses en toda la provincia y de los cuales participar\u00e1n m\u00e1s de 3.000 j\u00f3venes y adolescentes fueguinos.  <\/p>\n<p><a href=\"http:\/\/labestiadeportiva.com\/lbd\/wp-content\/uploads\/2021\/07\/FB_IMG_1626751317392.jpg\"><img loading=\"lazy\" src=\"http:\/\/labestiadeportiva.com\/lbd\/wp-content\/uploads\/2021\/07\/FB_IMG_1626751317392-300x200.jpg\" alt=\"FB_IMG_1626751317392\" width=\"300\" height=\"200\" class=\"aligncenter size-medium wp-image-39230\" srcset=\"https:\/\/labestiadeportiva.com\/lbd\/wp-content\/uploads\/2021\/07\/FB_IMG_1626751317392-300x200.jpg 300w, https:\/\/labestiadeportiva.com\/lbd\/wp-content\/uploads\/2021\/07\/FB_IMG_1626751317392.jpg 720w\" sizes=\"(max-width: 300px) 100vw, 300px\" \/><\/a><br \/>\nEl evento se llev\u00f3 a cabo en el Sal\u00f3n Blanco de Casa de Gobierno y sirvi\u00f3 para dar el puntapi\u00e9 inicial a esta competencia deportiva, reservada para chicos y chicas de entre 13 y 18 a\u00f1os, que se disputar\u00e1 en forma simult\u00e1nea en las tres ciudades de la provincia y la cual dispondr\u00e1 de m\u00e1s de 40 disciplinas deportiva diferentes. <\/p>\n<p>Adem\u00e1s, comprender\u00e1 competencias para el deporte adaptado y los adultos mayores.<\/p>\n<p>La competencia ser\u00e1 clasificatoria a los Juegos Nacionales Evita, en las categor\u00edas y disciplinas comprendidas en dicho evento, aunque desde la Secretaria de Deportes de la Naci\u00f3n a\u00fan no confirmaron la realizaci\u00f3n o postergaci\u00f3n de la cita marplatense 2021.<\/p>\n<p><a href=\"http:\/\/labestiadeportiva.com\/lbd\/wp-content\/uploads\/2021\/07\/FB_IMG_1626751358528.jpg\"><img loading=\"lazy\" src=\"http:\/\/labestiadeportiva.com\/lbd\/wp-content\/uploads\/2021\/07\/FB_IMG_1626751358528-264x300.jpg\" alt=\"FB_IMG_1626751358528\" width=\"264\" height=\"300\" class=\"aligncenter size-medium wp-image-39231\" srcset=\"https:\/\/labestiadeportiva.com\/lbd\/wp-content\/uploads\/2021\/07\/FB_IMG_1626751358528-264x300.jpg 264w, https:\/\/labestiadeportiva.com\/lbd\/wp-content\/uploads\/2021\/07\/FB_IMG_1626751358528.jpg 720w\" sizes=\"(max-width: 264px) 100vw, 264px\" \/><\/a><\/p>\n<div class='epvc-post-count'><span class='epvc-eye'><\/span>  <span class=\"epvc-count\"> 1.027<\/span><span class='epvc-label'> veces le\u00edda<\/span><\/div>\n<div class=\"jwsharethis\">\nShare this: \n<br \/>\n<a href=\"mailto:?subject=Lanzamiento%20y%20apertura%20de%20inscripciones&amp;body=https%3A%2F%2Flabestiadeportiva.com%2Flbd%2Flanzamiento-y-apertura-de-inscripciones%2F\">\n<img src=\"https:\/\/labestiadeportiva.com\/lbd\/wp-content\/plugins\/jw-share-this\/email.png\" alt=\"Share this page via Email\" \/>\n<\/a>\n<a target=\"_blank\" href=\"http:\/\/www.stumbleupon.com\/submit?url=https%3A%2F%2Flabestiadeportiva.com%2Flbd%2Flanzamiento-y-apertura-de-inscripciones%2F&amp;title=Lanzamiento+y+apertura+de+inscripciones\">\n<img src=\"https:\/\/labestiadeportiva.com\/lbd\/wp-content\/plugins\/jw-share-this\/su.png\" alt=\"Share this page via Stumble Upon\" \/>\n<\/a>\n<a target=\"_blank\" href=\"http:\/\/digg.com\/submit?url=https%3A%2F%2Flabestiadeportiva.com%2Flbd%2Flanzamiento-y-apertura-de-inscripciones%2F&amp;title=Lanzamiento+y+apertura+de+inscripciones\">\n<img src=\"https:\/\/labestiadeportiva.com\/lbd\/wp-content\/plugins\/jw-share-this\/digg.png\" alt=\"Share this page via Digg this\" \/>\n<\/a>\n<a target=\"_blank\" href=\"http:\/\/www.facebook.com\/sharer.php?u=https%3A%2F%2Flabestiadeportiva.com%2Flbd%2Flanzamiento-y-apertura-de-inscripciones%2F&amp;t=Lanzamiento+y+apertura+de+inscripciones\">\n<img src=\"https:\/\/labestiadeportiva.com\/lbd\/wp-content\/plugins\/jw-share-this\/fb.png\" alt=\"Share this page via Facebook\" \/>\n<\/a>\n<a target=\"_blank\" href=\"http:\/\/twitter.com\/intent\/tweet?text=I+like+https%3A%2F%2Flabestiadeportiva.com%2Flbd%2Flanzamiento-y-apertura-de-inscripciones%2F&amp;title=Lanzamiento+y+apertura+de+inscripciones\">\n<img src=\"https:\/\/labestiadeportiva.com\/lbd\/wp-content\/plugins\/jw-share-this\/twitter.png\" alt=\"Share this page via Twitter\" \/>\n<\/a>\n<\/div>\n","protected":false},"excerpt":{"rendered":"<p>Los Juegos Deportivos Fueguinos fueron lanzados este lunes a media ma\u00f1ana en Casa de Gobierno. Asimismo se abrieron las inscripciones para formar parte las cuales se extender\u00e1n hasta el viernes 20 de Agosto. Fuente y fotos Prensa Secretaria de Deportes y Juventud Provincial. 1.027 veces le\u00edda Share this:<\/p>\n","protected":false},"author":1,"featured_media":39231,"comment_status":"open","ping_status":"open","sticky":false,"template":"","format":"standard","meta":[],"categories":[5,1,3555],"tags":[4550,283,3660],"_links":{"self":[{"href":"https:\/\/labestiadeportiva.com\/lbd\/wp-json\/wp\/v2\/posts\/39228"}],"collection":[{"href":"https:\/\/labestiadeportiva.com\/lbd\/wp-json\/wp\/v2\/posts"}],"about":[{"href":"https:\/\/labestiadeportiva.com\/lbd\/wp-json\/wp\/v2\/types\/post"}],"author":[{"embeddable":true,"href":"https:\/\/labestiadeportiva.com\/lbd\/wp-json\/wp\/v2\/users\/1"}],"replies":[{"embeddable":true,"href":"https:\/\/labestiadeportiva.com\/lbd\/wp-json\/wp\/v2\/comments?post=39228"}],"version-history":[{"count":4,"href":"https:\/\/labestiadeportiva.com\/lbd\/wp-json\/wp\/v2\/posts\/39228\/revisions"}],"predecessor-version":[{"id":39235,"href":"https:\/\/labestiadeportiva.com\/lbd\/wp-json\/wp\/v2\/posts\/39228\/revisions\/39235"}],"wp:featuredmedia":[{"embeddable":true,"href":"https:\/\/labestiadeportiva.com\/lbd\/wp-json\/wp\/v2\/media\/39231"}],"wp:attachment":[{"href":"https:\/\/labestiadeportiva.com\/lbd\/wp-json\/wp\/v2\/media?parent=39228"}],"wp:term":[{"taxonomy":"category","embeddable":true,"href":"https:\/\/labestiadeportiva.com\/lbd\/wp-json\/wp\/v2\/categories?post=39228"},{"taxonomy":"post_tag","embeddable":true,"href":"https:\/\/labestiadeportiva.com\/lbd\/wp-json\/wp\/v2\/tags?post=39228"}],"curies":[{"name":"wp","href":"https:\/\/api.w.org\/{rel}","templated":true}]}}