{"id":39403,"date":"2021-08-10T09:35:55","date_gmt":"2021-08-10T12:35:55","guid":{"rendered":"http:\/\/labestiadeportiva.com\/lbd\/?p=39403"},"modified":"2021-08-10T10:24:00","modified_gmt":"2021-08-10T13:24:00","slug":"39403","status":"publish","type":"post","link":"https:\/\/labestiadeportiva.com\/lbd\/39403\/","title":{"rendered":"En competencia (Audio)"},"content":{"rendered":"<p><a href=\"http:\/\/labestiadeportiva.com\/lbd\/wp-content\/uploads\/2021\/08\/IMG-20210808-WA00403.jpg\"><img loading=\"lazy\" src=\"http:\/\/labestiadeportiva.com\/lbd\/wp-content\/uploads\/2021\/08\/IMG-20210808-WA00403.jpg\" alt=\"IMG-20210808-WA0040~3\" width=\"620\" height=\"734\" class=\"aligncenter size-full wp-image-39408\" srcset=\"https:\/\/labestiadeportiva.com\/lbd\/wp-content\/uploads\/2021\/08\/IMG-20210808-WA00403.jpg 620w, https:\/\/labestiadeportiva.com\/lbd\/wp-content\/uploads\/2021\/08\/IMG-20210808-WA00403-253x300.jpg 253w\" sizes=\"(max-width: 620px) 100vw, 620px\" \/><\/a><br \/>\nLa joven atleta Ushuaiense, Renata Godoy junto a su entrenador Lucas Doffo, se presentaron en General Rodr\u00edguez, provincia de Buenos Aires.<\/p>\n<p>\u00abReny\u00bb se qued\u00f3 con el 1 cosechando 4350 puntos. Su pr\u00f3xima presentaci\u00f3n ser\u00e1 en algunos d\u00edas en la provincia de C\u00f3rdoba.<\/p>\n<p>Deportista y formador se ponen a punto para el Nacional que se realizar\u00e1 en Misiones a fin de mes.<\/p>\n<p>Desde LBD nos contactamos con el \u00abProfe\u00bb en busca de detalles. Compartimos la entrevista lograda este lunes en la 94.1 FM del Sur.<!--more--><\/p>\n<p><iframe loading=\"lazy\" width=\"560\" height=\"315\" src=\"https:\/\/www.youtube.com\/embed\/74LLIrSZwAk\" title=\"YouTube video player\" frameborder=\"0\" allow=\"accelerometer; autoplay; clipboard-write; encrypted-media; gyroscope; picture-in-picture\" allowfullscreen><\/iframe><\/p>\n<div class='epvc-post-count'><span class='epvc-eye'><\/span>  <span class=\"epvc-count\"> 1.042<\/span><span class='epvc-label'> veces le\u00edda<\/span><\/div>\n<div class=\"jwsharethis\">\nShare this: \n<br \/>\n<a href=\"mailto:?subject=En%20competencia%20%28Audio%29&amp;body=https%3A%2F%2Flabestiadeportiva.com%2Flbd%2F39403%2F\">\n<img src=\"https:\/\/labestiadeportiva.com\/lbd\/wp-content\/plugins\/jw-share-this\/email.png\" alt=\"Share this page via Email\" \/>\n<\/a>\n<a target=\"_blank\" href=\"http:\/\/www.stumbleupon.com\/submit?url=https%3A%2F%2Flabestiadeportiva.com%2Flbd%2F39403%2F&amp;title=En+competencia+%28Audio%29\">\n<img src=\"https:\/\/labestiadeportiva.com\/lbd\/wp-content\/plugins\/jw-share-this\/su.png\" alt=\"Share this page via Stumble Upon\" \/>\n<\/a>\n<a target=\"_blank\" href=\"http:\/\/digg.com\/submit?url=https%3A%2F%2Flabestiadeportiva.com%2Flbd%2F39403%2F&amp;title=En+competencia+%28Audio%29\">\n<img src=\"https:\/\/labestiadeportiva.com\/lbd\/wp-content\/plugins\/jw-share-this\/digg.png\" alt=\"Share this page via Digg this\" \/>\n<\/a>\n<a target=\"_blank\" href=\"http:\/\/www.facebook.com\/sharer.php?u=https%3A%2F%2Flabestiadeportiva.com%2Flbd%2F39403%2F&amp;t=En+competencia+%28Audio%29\">\n<img src=\"https:\/\/labestiadeportiva.com\/lbd\/wp-content\/plugins\/jw-share-this\/fb.png\" alt=\"Share this page via Facebook\" \/>\n<\/a>\n<a target=\"_blank\" href=\"http:\/\/twitter.com\/intent\/tweet?text=I+like+https%3A%2F%2Flabestiadeportiva.com%2Flbd%2F39403%2F&amp;title=En+competencia+%28Audio%29\">\n<img src=\"https:\/\/labestiadeportiva.com\/lbd\/wp-content\/plugins\/jw-share-this\/twitter.png\" alt=\"Share this page via Twitter\" \/>\n<\/a>\n<\/div>\n","protected":false},"excerpt":{"rendered":"<p>La joven atleta Ushuaiense, Renata Godoy junto a su entrenador Lucas Doffo, se presentaron en General Rodr\u00edguez, provincia de Buenos Aires. \u00abReny\u00bb se qued\u00f3 con el 1 cosechando 4350 puntos. Su pr\u00f3xima presentaci\u00f3n ser\u00e1 en algunos d\u00edas en la provincia de C\u00f3rdoba. Deportista y formador se ponen a punto para el Nacional que se realizar\u00e1 &hellip; <a href=\"https:\/\/labestiadeportiva.com\/lbd\/39403\/\" class=\"more-link\">Seguir leyendo <span class=\"screen-reader-text\">En competencia (Audio)<\/span> <span class=\"meta-nav\">&rarr;<\/span><\/a><\/p>\n","protected":false},"author":1,"featured_media":39408,"comment_status":"open","ping_status":"open","sticky":false,"template":"","format":"standard","meta":[],"categories":[22,5,6,60,1],"tags":[4831,4567,3660],"_links":{"self":[{"href":"https:\/\/labestiadeportiva.com\/lbd\/wp-json\/wp\/v2\/posts\/39403"}],"collection":[{"href":"https:\/\/labestiadeportiva.com\/lbd\/wp-json\/wp\/v2\/posts"}],"about":[{"href":"https:\/\/labestiadeportiva.com\/lbd\/wp-json\/wp\/v2\/types\/post"}],"author":[{"embeddable":true,"href":"https:\/\/labestiadeportiva.com\/lbd\/wp-json\/wp\/v2\/users\/1"}],"replies":[{"embeddable":true,"href":"https:\/\/labestiadeportiva.com\/lbd\/wp-json\/wp\/v2\/comments?post=39403"}],"version-history":[{"count":4,"href":"https:\/\/labestiadeportiva.com\/lbd\/wp-json\/wp\/v2\/posts\/39403\/revisions"}],"predecessor-version":[{"id":39414,"href":"https:\/\/labestiadeportiva.com\/lbd\/wp-json\/wp\/v2\/posts\/39403\/revisions\/39414"}],"wp:featuredmedia":[{"embeddable":true,"href":"https:\/\/labestiadeportiva.com\/lbd\/wp-json\/wp\/v2\/media\/39408"}],"wp:attachment":[{"href":"https:\/\/labestiadeportiva.com\/lbd\/wp-json\/wp\/v2\/media?parent=39403"}],"wp:term":[{"taxonomy":"category","embeddable":true,"href":"https:\/\/labestiadeportiva.com\/lbd\/wp-json\/wp\/v2\/categories?post=39403"},{"taxonomy":"post_tag","embeddable":true,"href":"https:\/\/labestiadeportiva.com\/lbd\/wp-json\/wp\/v2\/tags?post=39403"}],"curies":[{"name":"wp","href":"https:\/\/api.w.org\/{rel}","templated":true}]}}