{"id":39514,"date":"2021-08-23T10:58:08","date_gmt":"2021-08-23T13:58:08","guid":{"rendered":"http:\/\/labestiadeportiva.com\/lbd\/?p=39514"},"modified":"2021-08-23T10:58:08","modified_gmt":"2021-08-23T13:58:08","slug":"pechito-historico","status":"publish","type":"post","link":"https:\/\/labestiadeportiva.com\/lbd\/pechito-historico\/","title":{"rendered":"\u00abPechito\u00bb hist\u00f3rico"},"content":{"rendered":"<p>Por Javier Nicol\u00e1s Baroli (Corresponsal LBD en R\u00edo Gallegos)<\/p>\n<p><a href=\"http:\/\/labestiadeportiva.com\/lbd\/wp-content\/uploads\/2021\/08\/IMG-20210823-WA00092.jpg\"><img loading=\"lazy\" src=\"http:\/\/labestiadeportiva.com\/lbd\/wp-content\/uploads\/2021\/08\/IMG-20210823-WA00092.jpg\" alt=\"IMG-20210823-WA0009~2\" width=\"768\" height=\"512\" class=\"aligncenter size-full wp-image-39515\" srcset=\"https:\/\/labestiadeportiva.com\/lbd\/wp-content\/uploads\/2021\/08\/IMG-20210823-WA00092.jpg 768w, https:\/\/labestiadeportiva.com\/lbd\/wp-content\/uploads\/2021\/08\/IMG-20210823-WA00092-300x200.jpg 300w\" sizes=\"(max-width: 768px) 100vw, 768px\" \/><\/a><br \/>\nEl Argentino entr\u00f3 en la historia grande del automovilismo mundial. Despu\u00e9s de 67 a\u00f1os un piloto nacional se subi\u00f3 al podio de las emblem\u00e1ticas 24 horas de Le Mans. Comparti\u00f3 un Toyota con el japon\u00e9s Kamui Kobayashi y el ingl\u00e9s Mike Conway. <!--more--><\/p>\n<p>\u00abPechito\u00bb nos emocion\u00f3 a todos una vez m\u00e1s. En su quinta participaci\u00f3n en una de las m\u00e1s importantes citas automovil\u00edsticas del mundo, logr\u00f3 llegar primero en la clasificaci\u00f3n general de la competencia. De esta manera es el tercer latinoamericano en triunfar en Le Mans. <\/p>\n<p>En una carrera en la que sobraron emociones ya que adem\u00e1s de condiciones clim\u00e1ticas cambiantes, el cordob\u00e9s debi\u00f3 lidiar con inconvenientes con la bomba de nafta de su Toyota GR010 Hybrid n\u00famero 7. <\/p>\n<p>\u00abPechito\u00bb manej\u00f3 durante dos tandas contabilizando un total de 7 horas y 5 minutos, en lo que signific\u00f3 un total de 13,626 kil\u00f3metros. <\/p>\n<p>L\u00f3pez pudo triunfar y luego de 67 a\u00f1os le devolvi\u00f3 el triunfo a la Argentina en una de las carreras m\u00e1s importantes del automovilismo. <\/p>\n<p>La \u00faltima hab\u00eda sido el 13 de junio de 1954 cuando el gran Jos\u00e9 Froil\u00e1n Gonz\u00e1lez gan\u00f3 a bordo de una Ferrari 375 Plus junto al franc\u00e9s Maurice Maurice Trintignant.<\/p>\n<div class='epvc-post-count'><span class='epvc-eye'><\/span>  <span class=\"epvc-count\"> 995<\/span><span class='epvc-label'> veces le\u00edda<\/span><\/div>\n<div class=\"jwsharethis\">\nShare this: \n<br \/>\n<a href=\"mailto:?subject=%C2%ABPechito%C2%BB%20hist%C3%B3rico&amp;body=https%3A%2F%2Flabestiadeportiva.com%2Flbd%2Fpechito-historico%2F\">\n<img src=\"https:\/\/labestiadeportiva.com\/lbd\/wp-content\/plugins\/jw-share-this\/email.png\" alt=\"Share this page via Email\" \/>\n<\/a>\n<a target=\"_blank\" href=\"http:\/\/www.stumbleupon.com\/submit?url=https%3A%2F%2Flabestiadeportiva.com%2Flbd%2Fpechito-historico%2F&amp;title=%C2%ABPechito%C2%BB+hist%C3%B3rico\">\n<img src=\"https:\/\/labestiadeportiva.com\/lbd\/wp-content\/plugins\/jw-share-this\/su.png\" alt=\"Share this page via Stumble Upon\" \/>\n<\/a>\n<a target=\"_blank\" href=\"http:\/\/digg.com\/submit?url=https%3A%2F%2Flabestiadeportiva.com%2Flbd%2Fpechito-historico%2F&amp;title=%C2%ABPechito%C2%BB+hist%C3%B3rico\">\n<img src=\"https:\/\/labestiadeportiva.com\/lbd\/wp-content\/plugins\/jw-share-this\/digg.png\" alt=\"Share this page via Digg this\" \/>\n<\/a>\n<a target=\"_blank\" href=\"http:\/\/www.facebook.com\/sharer.php?u=https%3A%2F%2Flabestiadeportiva.com%2Flbd%2Fpechito-historico%2F&amp;t=%C2%ABPechito%C2%BB+hist%C3%B3rico\">\n<img src=\"https:\/\/labestiadeportiva.com\/lbd\/wp-content\/plugins\/jw-share-this\/fb.png\" alt=\"Share this page via Facebook\" \/>\n<\/a>\n<a target=\"_blank\" href=\"http:\/\/twitter.com\/intent\/tweet?text=I+like+https%3A%2F%2Flabestiadeportiva.com%2Flbd%2Fpechito-historico%2F&amp;title=%C2%ABPechito%C2%BB+hist%C3%B3rico\">\n<img src=\"https:\/\/labestiadeportiva.com\/lbd\/wp-content\/plugins\/jw-share-this\/twitter.png\" alt=\"Share this page via Twitter\" \/>\n<\/a>\n<\/div>\n","protected":false},"excerpt":{"rendered":"<p>Por Javier Nicol\u00e1s Baroli (Corresponsal LBD en R\u00edo Gallegos) El Argentino entr\u00f3 en la historia grande del automovilismo mundial. Despu\u00e9s de 67 a\u00f1os un piloto nacional se subi\u00f3 al podio de las emblem\u00e1ticas 24 horas de Le Mans. Comparti\u00f3 un Toyota con el japon\u00e9s Kamui Kobayashi y el ingl\u00e9s Mike Conway. 995 veces le\u00edda Share &hellip; <a href=\"https:\/\/labestiadeportiva.com\/lbd\/pechito-historico\/\" class=\"more-link\">Seguir leyendo <span class=\"screen-reader-text\">\u00abPechito\u00bb hist\u00f3rico<\/span> <span class=\"meta-nav\">&rarr;<\/span><\/a><\/p>\n","protected":false},"author":1,"featured_media":39515,"comment_status":"open","ping_status":"open","sticky":false,"template":"","format":"standard","meta":[],"categories":[4576,2176,3032],"tags":[3620,154,3660],"_links":{"self":[{"href":"https:\/\/labestiadeportiva.com\/lbd\/wp-json\/wp\/v2\/posts\/39514"}],"collection":[{"href":"https:\/\/labestiadeportiva.com\/lbd\/wp-json\/wp\/v2\/posts"}],"about":[{"href":"https:\/\/labestiadeportiva.com\/lbd\/wp-json\/wp\/v2\/types\/post"}],"author":[{"embeddable":true,"href":"https:\/\/labestiadeportiva.com\/lbd\/wp-json\/wp\/v2\/users\/1"}],"replies":[{"embeddable":true,"href":"https:\/\/labestiadeportiva.com\/lbd\/wp-json\/wp\/v2\/comments?post=39514"}],"version-history":[{"count":1,"href":"https:\/\/labestiadeportiva.com\/lbd\/wp-json\/wp\/v2\/posts\/39514\/revisions"}],"predecessor-version":[{"id":39516,"href":"https:\/\/labestiadeportiva.com\/lbd\/wp-json\/wp\/v2\/posts\/39514\/revisions\/39516"}],"wp:featuredmedia":[{"embeddable":true,"href":"https:\/\/labestiadeportiva.com\/lbd\/wp-json\/wp\/v2\/media\/39515"}],"wp:attachment":[{"href":"https:\/\/labestiadeportiva.com\/lbd\/wp-json\/wp\/v2\/media?parent=39514"}],"wp:term":[{"taxonomy":"category","embeddable":true,"href":"https:\/\/labestiadeportiva.com\/lbd\/wp-json\/wp\/v2\/categories?post=39514"},{"taxonomy":"post_tag","embeddable":true,"href":"https:\/\/labestiadeportiva.com\/lbd\/wp-json\/wp\/v2\/tags?post=39514"}],"curies":[{"name":"wp","href":"https:\/\/api.w.org\/{rel}","templated":true}]}}