{"id":39560,"date":"2021-08-27T15:22:39","date_gmt":"2021-08-27T18:22:39","guid":{"rendered":"http:\/\/labestiadeportiva.com\/lbd\/?p=39560"},"modified":"2021-08-27T15:30:12","modified_gmt":"2021-08-27T18:30:12","slug":"cristiano-regresa-al-manchester-united","status":"publish","type":"post","link":"https:\/\/labestiadeportiva.com\/lbd\/cristiano-regresa-al-manchester-united\/","title":{"rendered":"Cristiano regresa al Manchester United"},"content":{"rendered":"<p>Por Javier Nicol\u00e1s Baroli (Corresponsal LBD en R\u00edo Gallegos)<\/p>\n<p><a href=\"http:\/\/labestiadeportiva.com\/lbd\/wp-content\/uploads\/2021\/08\/IMG-20210827-WA0067.jpg\"><img loading=\"lazy\" src=\"http:\/\/labestiadeportiva.com\/lbd\/wp-content\/uploads\/2021\/08\/IMG-20210827-WA0067.jpg\" alt=\"IMG-20210827-WA0067\" width=\"1280\" height=\"720\" class=\"aligncenter size-full wp-image-39561\" srcset=\"https:\/\/labestiadeportiva.com\/lbd\/wp-content\/uploads\/2021\/08\/IMG-20210827-WA0067.jpg 1280w, https:\/\/labestiadeportiva.com\/lbd\/wp-content\/uploads\/2021\/08\/IMG-20210827-WA0067-300x169.jpg 300w, https:\/\/labestiadeportiva.com\/lbd\/wp-content\/uploads\/2021\/08\/IMG-20210827-WA0067-1024x576.jpg 1024w\" sizes=\"(max-width: 1280px) 100vw, 1280px\" \/><\/a><br \/>\nEn un mercado de pases marcado por las grandes incorporaciones, CR7 vuelve al club en donde dio sus primeros pasos cuando sonaba para ser refuerzo del City.<!--more--><\/p>\n<p>El mundo habla del portugu\u00e9s Cristiano Ronaldo. A d\u00edas de la transferencia de Messi al PSG la llegada del delantero al f\u00fatbol ingl\u00e9s causa sorpresa. <\/p>\n<p>El encargado de hacer el anuncio fue Solskjaer, entrenador del Manchester United quien pidi\u00f3 p\u00fablicamente el fichaje de Cristiano Ronaldo, sabiendo que estaba negociando con el Manchester City. <\/p>\n<p>La llegada de CR7 fue de pel\u00edcula. El mism\u00edsimo Ferguson llam\u00f3 a Cristiano Ronaldo al enterarse de que el delantero estaba cerca de firmar con el Manchester City, cl\u00e1sico rival del Manchester United en donde se convirti\u00f3 en leyenda durante las seis temporadas que estuvo all\u00ed. <\/p>\n<p>Es por esto que el ex t\u00e9cnico no pod\u00eda permitir que CR7 jugar\u00e1 para el City y\u00a0habr\u00eda convencido al jugador para volver a la que fue su casa. <\/p>\n<p>Con un claro y contundente mensaje en sus redes sociales, el Manchester United anunci\u00f3 la llegada del astro portugu\u00e9s, \u00abBienvenido a casa Cristiano\u00bb.<\/p>\n<div class='epvc-post-count'><span class='epvc-eye'><\/span>  <span class=\"epvc-count\"> 1.254<\/span><span class='epvc-label'> veces le\u00edda<\/span><\/div>\n<div class=\"jwsharethis\">\nShare this: \n<br \/>\n<a href=\"mailto:?subject=Cristiano%20regresa%20al%20Manchester%20United&amp;body=https%3A%2F%2Flabestiadeportiva.com%2Flbd%2Fcristiano-regresa-al-manchester-united%2F\">\n<img src=\"https:\/\/labestiadeportiva.com\/lbd\/wp-content\/plugins\/jw-share-this\/email.png\" alt=\"Share this page via Email\" \/>\n<\/a>\n<a target=\"_blank\" href=\"http:\/\/www.stumbleupon.com\/submit?url=https%3A%2F%2Flabestiadeportiva.com%2Flbd%2Fcristiano-regresa-al-manchester-united%2F&amp;title=Cristiano+regresa+al+Manchester+United\">\n<img src=\"https:\/\/labestiadeportiva.com\/lbd\/wp-content\/plugins\/jw-share-this\/su.png\" alt=\"Share this page via Stumble Upon\" \/>\n<\/a>\n<a target=\"_blank\" href=\"http:\/\/digg.com\/submit?url=https%3A%2F%2Flabestiadeportiva.com%2Flbd%2Fcristiano-regresa-al-manchester-united%2F&amp;title=Cristiano+regresa+al+Manchester+United\">\n<img src=\"https:\/\/labestiadeportiva.com\/lbd\/wp-content\/plugins\/jw-share-this\/digg.png\" alt=\"Share this page via Digg this\" \/>\n<\/a>\n<a target=\"_blank\" href=\"http:\/\/www.facebook.com\/sharer.php?u=https%3A%2F%2Flabestiadeportiva.com%2Flbd%2Fcristiano-regresa-al-manchester-united%2F&amp;t=Cristiano+regresa+al+Manchester+United\">\n<img src=\"https:\/\/labestiadeportiva.com\/lbd\/wp-content\/plugins\/jw-share-this\/fb.png\" alt=\"Share this page via Facebook\" \/>\n<\/a>\n<a target=\"_blank\" href=\"http:\/\/twitter.com\/intent\/tweet?text=I+like+https%3A%2F%2Flabestiadeportiva.com%2Flbd%2Fcristiano-regresa-al-manchester-united%2F&amp;title=Cristiano+regresa+al+Manchester+United\">\n<img src=\"https:\/\/labestiadeportiva.com\/lbd\/wp-content\/plugins\/jw-share-this\/twitter.png\" alt=\"Share this page via Twitter\" \/>\n<\/a>\n<\/div>\n","protected":false},"excerpt":{"rendered":"<p>Por Javier Nicol\u00e1s Baroli (Corresponsal LBD en R\u00edo Gallegos) En un mercado de pases marcado por las grandes incorporaciones, CR7 vuelve al club en donde dio sus primeros pasos cuando sonaba para ser refuerzo del City. 1.254 veces le\u00edda Share this:<\/p>\n","protected":false},"author":1,"featured_media":39561,"comment_status":"open","ping_status":"open","sticky":false,"template":"","format":"standard","meta":[],"categories":[4,14,1],"tags":[4830,4580,4579],"_links":{"self":[{"href":"https:\/\/labestiadeportiva.com\/lbd\/wp-json\/wp\/v2\/posts\/39560"}],"collection":[{"href":"https:\/\/labestiadeportiva.com\/lbd\/wp-json\/wp\/v2\/posts"}],"about":[{"href":"https:\/\/labestiadeportiva.com\/lbd\/wp-json\/wp\/v2\/types\/post"}],"author":[{"embeddable":true,"href":"https:\/\/labestiadeportiva.com\/lbd\/wp-json\/wp\/v2\/users\/1"}],"replies":[{"embeddable":true,"href":"https:\/\/labestiadeportiva.com\/lbd\/wp-json\/wp\/v2\/comments?post=39560"}],"version-history":[{"count":3,"href":"https:\/\/labestiadeportiva.com\/lbd\/wp-json\/wp\/v2\/posts\/39560\/revisions"}],"predecessor-version":[{"id":39564,"href":"https:\/\/labestiadeportiva.com\/lbd\/wp-json\/wp\/v2\/posts\/39560\/revisions\/39564"}],"wp:featuredmedia":[{"embeddable":true,"href":"https:\/\/labestiadeportiva.com\/lbd\/wp-json\/wp\/v2\/media\/39561"}],"wp:attachment":[{"href":"https:\/\/labestiadeportiva.com\/lbd\/wp-json\/wp\/v2\/media?parent=39560"}],"wp:term":[{"taxonomy":"category","embeddable":true,"href":"https:\/\/labestiadeportiva.com\/lbd\/wp-json\/wp\/v2\/categories?post=39560"},{"taxonomy":"post_tag","embeddable":true,"href":"https:\/\/labestiadeportiva.com\/lbd\/wp-json\/wp\/v2\/tags?post=39560"}],"curies":[{"name":"wp","href":"https:\/\/api.w.org\/{rel}","templated":true}]}}