{"id":39565,"date":"2021-08-29T15:38:58","date_gmt":"2021-08-29T18:38:58","guid":{"rendered":"http:\/\/labestiadeportiva.com\/lbd\/?p=39565"},"modified":"2021-08-29T15:38:58","modified_gmt":"2021-08-29T18:38:58","slug":"trabajos-en-el-polo-heroes-de-malvinas-polideportivo-augusto-lasserre-e-islas-malvinas-de-la-cantera","status":"publish","type":"post","link":"https:\/\/labestiadeportiva.com\/lbd\/trabajos-en-el-polo-heroes-de-malvinas-polideportivo-augusto-lasserre-e-islas-malvinas-de-la-cantera\/","title":{"rendered":"Trabajos en el Polo \u00abH\u00e9roes de Malvinas\u00bb, Polideportivo \u00abAugusto Lasserre\u00bb e \u00abIslas Malvinas\u00bb de La Cantera"},"content":{"rendered":"<p><a href=\"http:\/\/labestiadeportiva.com\/lbd\/wp-content\/uploads\/2021\/08\/20210829_153645-COLLAGE.jpg\"><img loading=\"lazy\" src=\"http:\/\/labestiadeportiva.com\/lbd\/wp-content\/uploads\/2021\/08\/20210829_153645-COLLAGE.jpg\" alt=\"20210829_153645-COLLAGE\" width=\"1024\" height=\"1024\" class=\"aligncenter size-full wp-image-39566\" srcset=\"https:\/\/labestiadeportiva.com\/lbd\/wp-content\/uploads\/2021\/08\/20210829_153645-COLLAGE.jpg 1024w, https:\/\/labestiadeportiva.com\/lbd\/wp-content\/uploads\/2021\/08\/20210829_153645-COLLAGE-150x150.jpg 150w, https:\/\/labestiadeportiva.com\/lbd\/wp-content\/uploads\/2021\/08\/20210829_153645-COLLAGE-300x300.jpg 300w, https:\/\/labestiadeportiva.com\/lbd\/wp-content\/uploads\/2021\/08\/20210829_153645-COLLAGE-160x160.jpg 160w, https:\/\/labestiadeportiva.com\/lbd\/wp-content\/uploads\/2021\/08\/20210829_153645-COLLAGE-320x320.jpg 320w, https:\/\/labestiadeportiva.com\/lbd\/wp-content\/uploads\/2021\/08\/20210829_153645-COLLAGE-60x60.jpg 60w\" sizes=\"(max-width: 1024px) 100vw, 1024px\" \/><\/a><\/p>\n<p>Mantenimientos y mejoras en las instalaciones deportivas municipales.<\/p>\n<p>En el Polideportivo ubicado en el barrio de Andorra se est\u00e1n acondicionando vestuarios, revisi\u00f3n de las instalaciones de luz pasando el actual sistema a Led como as\u00ed tambi\u00e9n trabajando sobre agua y cloacas. <!--more--><\/p>\n<p>Asimismo se inform\u00f3 que pr\u00f3ximamente se va a realizar el llamado a licitaci\u00f3n para las terminaciones interiores y pintura de las piletas.<\/p>\n<p>Mientras que en el \u00abAugusto Lasserre\u00bb e \u00abIslas Malvinas\u00bb se contin\u00faa con la puesta a punto de diferentes sectores con el objetivo de dejarlos listos para que los vecinos y vecinas de la ciudad puedan contar con ellos de la mejor forma.<\/p>\n<div class='epvc-post-count'><span class='epvc-eye'><\/span>  <span class=\"epvc-count\"> 1.226<\/span><span class='epvc-label'> veces le\u00edda<\/span><\/div>\n<div class=\"jwsharethis\">\nShare this: \n<br \/>\n<a href=\"mailto:?subject=Trabajos%20en%20el%20Polo%20%C2%ABH%C3%A9roes%20de%20Malvinas%C2%BB%2C%20Polideportivo%20%C2%ABAugusto%20Lasserre%C2%BB%20e%20%C2%ABIslas%20Malvinas%C2%BB%20de%20La%20Cantera&amp;body=https%3A%2F%2Flabestiadeportiva.com%2Flbd%2Ftrabajos-en-el-polo-heroes-de-malvinas-polideportivo-augusto-lasserre-e-islas-malvinas-de-la-cantera%2F\">\n<img src=\"https:\/\/labestiadeportiva.com\/lbd\/wp-content\/plugins\/jw-share-this\/email.png\" alt=\"Share this page via Email\" \/>\n<\/a>\n<a target=\"_blank\" href=\"http:\/\/www.stumbleupon.com\/submit?url=https%3A%2F%2Flabestiadeportiva.com%2Flbd%2Ftrabajos-en-el-polo-heroes-de-malvinas-polideportivo-augusto-lasserre-e-islas-malvinas-de-la-cantera%2F&amp;title=Trabajos+en+el+Polo+%C2%ABH%C3%A9roes+de+Malvinas%C2%BB%2C+Polideportivo+%C2%ABAugusto+Lasserre%C2%BB+e+%C2%ABIslas+Malvinas%C2%BB+de+La+Cantera\">\n<img src=\"https:\/\/labestiadeportiva.com\/lbd\/wp-content\/plugins\/jw-share-this\/su.png\" alt=\"Share this page via Stumble Upon\" \/>\n<\/a>\n<a target=\"_blank\" href=\"http:\/\/digg.com\/submit?url=https%3A%2F%2Flabestiadeportiva.com%2Flbd%2Ftrabajos-en-el-polo-heroes-de-malvinas-polideportivo-augusto-lasserre-e-islas-malvinas-de-la-cantera%2F&amp;title=Trabajos+en+el+Polo+%C2%ABH%C3%A9roes+de+Malvinas%C2%BB%2C+Polideportivo+%C2%ABAugusto+Lasserre%C2%BB+e+%C2%ABIslas+Malvinas%C2%BB+de+La+Cantera\">\n<img src=\"https:\/\/labestiadeportiva.com\/lbd\/wp-content\/plugins\/jw-share-this\/digg.png\" alt=\"Share this page via Digg this\" \/>\n<\/a>\n<a target=\"_blank\" href=\"http:\/\/www.facebook.com\/sharer.php?u=https%3A%2F%2Flabestiadeportiva.com%2Flbd%2Ftrabajos-en-el-polo-heroes-de-malvinas-polideportivo-augusto-lasserre-e-islas-malvinas-de-la-cantera%2F&amp;t=Trabajos+en+el+Polo+%C2%ABH%C3%A9roes+de+Malvinas%C2%BB%2C+Polideportivo+%C2%ABAugusto+Lasserre%C2%BB+e+%C2%ABIslas+Malvinas%C2%BB+de+La+Cantera\">\n<img src=\"https:\/\/labestiadeportiva.com\/lbd\/wp-content\/plugins\/jw-share-this\/fb.png\" alt=\"Share this page via Facebook\" \/>\n<\/a>\n<a target=\"_blank\" href=\"http:\/\/twitter.com\/intent\/tweet?text=I+like+https%3A%2F%2Flabestiadeportiva.com%2Flbd%2Ftrabajos-en-el-polo-heroes-de-malvinas-polideportivo-augusto-lasserre-e-islas-malvinas-de-la-cantera%2F&amp;title=Trabajos+en+el+Polo+%C2%ABH%C3%A9roes+de+Malvinas%C2%BB%2C+Polideportivo+%C2%ABAugusto+Lasserre%C2%BB+e+%C2%ABIslas+Malvinas%C2%BB+de+La+Cantera\">\n<img src=\"https:\/\/labestiadeportiva.com\/lbd\/wp-content\/plugins\/jw-share-this\/twitter.png\" alt=\"Share this page via Twitter\" \/>\n<\/a>\n<\/div>\n","protected":false},"excerpt":{"rendered":"<p>Mantenimientos y mejoras en las instalaciones deportivas municipales. En el Polideportivo ubicado en el barrio de Andorra se est\u00e1n acondicionando vestuarios, revisi\u00f3n de las instalaciones de luz pasando el actual sistema a Led como as\u00ed tambi\u00e9n trabajando sobre agua y cloacas. 1.226 veces le\u00edda Share this:<\/p>\n","protected":false},"author":1,"featured_media":39566,"comment_status":"open","ping_status":"open","sticky":false,"template":"","format":"standard","meta":[],"categories":[5,2651,1],"tags":[3834,3660,204],"_links":{"self":[{"href":"https:\/\/labestiadeportiva.com\/lbd\/wp-json\/wp\/v2\/posts\/39565"}],"collection":[{"href":"https:\/\/labestiadeportiva.com\/lbd\/wp-json\/wp\/v2\/posts"}],"about":[{"href":"https:\/\/labestiadeportiva.com\/lbd\/wp-json\/wp\/v2\/types\/post"}],"author":[{"embeddable":true,"href":"https:\/\/labestiadeportiva.com\/lbd\/wp-json\/wp\/v2\/users\/1"}],"replies":[{"embeddable":true,"href":"https:\/\/labestiadeportiva.com\/lbd\/wp-json\/wp\/v2\/comments?post=39565"}],"version-history":[{"count":1,"href":"https:\/\/labestiadeportiva.com\/lbd\/wp-json\/wp\/v2\/posts\/39565\/revisions"}],"predecessor-version":[{"id":39567,"href":"https:\/\/labestiadeportiva.com\/lbd\/wp-json\/wp\/v2\/posts\/39565\/revisions\/39567"}],"wp:featuredmedia":[{"embeddable":true,"href":"https:\/\/labestiadeportiva.com\/lbd\/wp-json\/wp\/v2\/media\/39566"}],"wp:attachment":[{"href":"https:\/\/labestiadeportiva.com\/lbd\/wp-json\/wp\/v2\/media?parent=39565"}],"wp:term":[{"taxonomy":"category","embeddable":true,"href":"https:\/\/labestiadeportiva.com\/lbd\/wp-json\/wp\/v2\/categories?post=39565"},{"taxonomy":"post_tag","embeddable":true,"href":"https:\/\/labestiadeportiva.com\/lbd\/wp-json\/wp\/v2\/tags?post=39565"}],"curies":[{"name":"wp","href":"https:\/\/api.w.org\/{rel}","templated":true}]}}