{"id":39822,"date":"2021-09-22T15:24:40","date_gmt":"2021-09-22T18:24:40","guid":{"rendered":"http:\/\/labestiadeportiva.com\/lbd\/?p=39822"},"modified":"2021-09-22T15:24:40","modified_gmt":"2021-09-22T18:24:40","slug":"vuelve-el-futbol-al-sintetico","status":"publish","type":"post","link":"https:\/\/labestiadeportiva.com\/lbd\/vuelve-el-futbol-al-sintetico\/","title":{"rendered":"Vuelve el f\u00fatbol al sint\u00e9tico!"},"content":{"rendered":"<p><a href=\"http:\/\/labestiadeportiva.com\/lbd\/wp-content\/uploads\/2021\/09\/IMG_20191124_145155741.jpg\"><img loading=\"lazy\" src=\"http:\/\/labestiadeportiva.com\/lbd\/wp-content\/uploads\/2021\/09\/IMG_20191124_145155741.jpg\" alt=\"IMG_20191124_145155741\" width=\"2610\" height=\"2002\" class=\"aligncenter size-full wp-image-39823\" srcset=\"https:\/\/labestiadeportiva.com\/lbd\/wp-content\/uploads\/2021\/09\/IMG_20191124_145155741.jpg 2610w, https:\/\/labestiadeportiva.com\/lbd\/wp-content\/uploads\/2021\/09\/IMG_20191124_145155741-300x230.jpg 300w, https:\/\/labestiadeportiva.com\/lbd\/wp-content\/uploads\/2021\/09\/IMG_20191124_145155741-1024x785.jpg 1024w\" sizes=\"(max-width: 2610px) 100vw, 2610px\" \/><\/a><br \/>\nSer\u00e1 a trav\u00e9s del Torneo Clasificatorio de la Federaci\u00f3n Patag\u00f3nica al Torneo Federal Amateur. El multicampe\u00f3n Los Cuervos FDM se baj\u00f3 a \u00faltimo momento y fue reemplazado por Mercantil. Desde LBD los detalles.<!--more--><\/p>\n<p>A la competencia, que tendr\u00e1 la primera etapa de eliminaci\u00f3n simple, asistir\u00e1n seis equipos tres por ciudad.<\/p>\n<p>El norte de la isla estar\u00e1 representado por Petroqu\u00edmica, Famaill\u00e1 y Real Madrid mientras que la capital tendr\u00e1 a CAEF, AATEDyC y Mercantil.<\/p>\n<p>En cuanto a lo que ocurrir\u00e1 este domingo en Ushuaia a las 15 horas chocar\u00e1n CAEF y Petroqu\u00edmica mientras que en el sint\u00e9tico de la antena del barrio AGP riograndense los duelos ser\u00e1n dos Real Madrid\/AATEDyC a las 13 cerrando Famaill\u00e1 \/ Mercantil a las cuatro de la tarde.<\/p>\n<div class='epvc-post-count'><span class='epvc-eye'><\/span>  <span class=\"epvc-count\"> 1.236<\/span><span class='epvc-label'> veces le\u00edda<\/span><\/div>\n<div class=\"jwsharethis\">\nShare this: \n<br \/>\n<a href=\"mailto:?subject=Vuelve%20el%20f%C3%BAtbol%20al%20sint%C3%A9tico%21&amp;body=https%3A%2F%2Flabestiadeportiva.com%2Flbd%2Fvuelve-el-futbol-al-sintetico%2F\">\n<img src=\"https:\/\/labestiadeportiva.com\/lbd\/wp-content\/plugins\/jw-share-this\/email.png\" alt=\"Share this page via Email\" \/>\n<\/a>\n<a target=\"_blank\" href=\"http:\/\/www.stumbleupon.com\/submit?url=https%3A%2F%2Flabestiadeportiva.com%2Flbd%2Fvuelve-el-futbol-al-sintetico%2F&amp;title=Vuelve+el+f%C3%BAtbol+al+sint%C3%A9tico%21\">\n<img src=\"https:\/\/labestiadeportiva.com\/lbd\/wp-content\/plugins\/jw-share-this\/su.png\" alt=\"Share this page via Stumble Upon\" \/>\n<\/a>\n<a target=\"_blank\" href=\"http:\/\/digg.com\/submit?url=https%3A%2F%2Flabestiadeportiva.com%2Flbd%2Fvuelve-el-futbol-al-sintetico%2F&amp;title=Vuelve+el+f%C3%BAtbol+al+sint%C3%A9tico%21\">\n<img src=\"https:\/\/labestiadeportiva.com\/lbd\/wp-content\/plugins\/jw-share-this\/digg.png\" alt=\"Share this page via Digg this\" \/>\n<\/a>\n<a target=\"_blank\" href=\"http:\/\/www.facebook.com\/sharer.php?u=https%3A%2F%2Flabestiadeportiva.com%2Flbd%2Fvuelve-el-futbol-al-sintetico%2F&amp;t=Vuelve+el+f%C3%BAtbol+al+sint%C3%A9tico%21\">\n<img src=\"https:\/\/labestiadeportiva.com\/lbd\/wp-content\/plugins\/jw-share-this\/fb.png\" alt=\"Share this page via Facebook\" \/>\n<\/a>\n<a target=\"_blank\" href=\"http:\/\/twitter.com\/intent\/tweet?text=I+like+https%3A%2F%2Flabestiadeportiva.com%2Flbd%2Fvuelve-el-futbol-al-sintetico%2F&amp;title=Vuelve+el+f%C3%BAtbol+al+sint%C3%A9tico%21\">\n<img src=\"https:\/\/labestiadeportiva.com\/lbd\/wp-content\/plugins\/jw-share-this\/twitter.png\" alt=\"Share this page via Twitter\" \/>\n<\/a>\n<\/div>\n","protected":false},"excerpt":{"rendered":"<p>Ser\u00e1 a trav\u00e9s del Torneo Clasificatorio de la Federaci\u00f3n Patag\u00f3nica al Torneo Federal Amateur. El multicampe\u00f3n Los Cuervos FDM se baj\u00f3 a \u00faltimo momento y fue reemplazado por Mercantil. Desde LBD los detalles. 1.236 veces le\u00edda Share this:<\/p>\n","protected":false},"author":1,"featured_media":39823,"comment_status":"open","ping_status":"open","sticky":false,"template":"","format":"standard","meta":[],"categories":[4610,5,2780,1],"tags":[1692,17,3660,3811],"_links":{"self":[{"href":"https:\/\/labestiadeportiva.com\/lbd\/wp-json\/wp\/v2\/posts\/39822"}],"collection":[{"href":"https:\/\/labestiadeportiva.com\/lbd\/wp-json\/wp\/v2\/posts"}],"about":[{"href":"https:\/\/labestiadeportiva.com\/lbd\/wp-json\/wp\/v2\/types\/post"}],"author":[{"embeddable":true,"href":"https:\/\/labestiadeportiva.com\/lbd\/wp-json\/wp\/v2\/users\/1"}],"replies":[{"embeddable":true,"href":"https:\/\/labestiadeportiva.com\/lbd\/wp-json\/wp\/v2\/comments?post=39822"}],"version-history":[{"count":1,"href":"https:\/\/labestiadeportiva.com\/lbd\/wp-json\/wp\/v2\/posts\/39822\/revisions"}],"predecessor-version":[{"id":39824,"href":"https:\/\/labestiadeportiva.com\/lbd\/wp-json\/wp\/v2\/posts\/39822\/revisions\/39824"}],"wp:featuredmedia":[{"embeddable":true,"href":"https:\/\/labestiadeportiva.com\/lbd\/wp-json\/wp\/v2\/media\/39823"}],"wp:attachment":[{"href":"https:\/\/labestiadeportiva.com\/lbd\/wp-json\/wp\/v2\/media?parent=39822"}],"wp:term":[{"taxonomy":"category","embeddable":true,"href":"https:\/\/labestiadeportiva.com\/lbd\/wp-json\/wp\/v2\/categories?post=39822"},{"taxonomy":"post_tag","embeddable":true,"href":"https:\/\/labestiadeportiva.com\/lbd\/wp-json\/wp\/v2\/tags?post=39822"}],"curies":[{"name":"wp","href":"https:\/\/api.w.org\/{rel}","templated":true}]}}