{"id":39833,"date":"2021-09-23T12:08:32","date_gmt":"2021-09-23T15:08:32","guid":{"rendered":"http:\/\/labestiadeportiva.com\/lbd\/?p=39833"},"modified":"2021-09-23T12:08:32","modified_gmt":"2021-09-23T15:08:32","slug":"scola-nuevo-ceo-del-varese","status":"publish","type":"post","link":"https:\/\/labestiadeportiva.com\/lbd\/scola-nuevo-ceo-del-varese\/","title":{"rendered":"Scola, nuevo CEO del Varese"},"content":{"rendered":"<p>Por Agust\u00edn \u00abColo\u00bb Aguirre (Corresponsal LBD en La Pampa)<\/p>\n<p><a href=\"http:\/\/labestiadeportiva.com\/lbd\/wp-content\/uploads\/2021\/09\/luis-scola-en-su-presentacion___A-u28NN7L_340x340__1.jpg\"><img loading=\"lazy\" src=\"http:\/\/labestiadeportiva.com\/lbd\/wp-content\/uploads\/2021\/09\/luis-scola-en-su-presentacion___A-u28NN7L_340x340__1.jpg\" alt=\"luis-scola-en-su-presentacion___A-u28NN7L_340x340__1\" width=\"340\" height=\"340\" class=\"aligncenter size-full wp-image-39834\" srcset=\"https:\/\/labestiadeportiva.com\/lbd\/wp-content\/uploads\/2021\/09\/luis-scola-en-su-presentacion___A-u28NN7L_340x340__1.jpg 340w, https:\/\/labestiadeportiva.com\/lbd\/wp-content\/uploads\/2021\/09\/luis-scola-en-su-presentacion___A-u28NN7L_340x340__1-150x150.jpg 150w, https:\/\/labestiadeportiva.com\/lbd\/wp-content\/uploads\/2021\/09\/luis-scola-en-su-presentacion___A-u28NN7L_340x340__1-300x300.jpg 300w, https:\/\/labestiadeportiva.com\/lbd\/wp-content\/uploads\/2021\/09\/luis-scola-en-su-presentacion___A-u28NN7L_340x340__1-160x160.jpg 160w, https:\/\/labestiadeportiva.com\/lbd\/wp-content\/uploads\/2021\/09\/luis-scola-en-su-presentacion___A-u28NN7L_340x340__1-320x320.jpg 320w, https:\/\/labestiadeportiva.com\/lbd\/wp-content\/uploads\/2021\/09\/luis-scola-en-su-presentacion___A-u28NN7L_340x340__1-60x60.jpg 60w\" sizes=\"(max-width: 340px) 100vw, 340px\" \/><\/a><br \/>\nLuego de anunciar su retiro de la Selecci\u00f3n Argentina, hab\u00eda cierta duda sobre qu\u00e9 decisi\u00f3n tomar\u00eda a nivel clubes. Este lunes el club italiano a trav\u00e9s de un comunicado, anunci\u00f3 que \u201cLuifa\u201d ser\u00e1 el nuevo CEO del Pallacanestro Varese. <!--more--><\/p>\n<p>El club inform\u00f3 en sus redes sociales oficiales que Scola <\/p>\n<p>\u201cAsumir\u00e1 el papel de consejero delegado del club rojiblanco\u201d y adem\u00e1s que la incorporaci\u00f3n del gran capit\u00e1n argentino \u201cconsolida aun mas el tejido directivo del club y pretende hacer aun mas solidas las estrategias operativas del futuro pr\u00f3ximo\u201d <\/p>\n<p>El mi\u00e9rcoles Scola tuvo su primera aparici\u00f3n con su nuevo cargo, all\u00ed declaro: <\/p>\n<p>\u201cQuiero llevar al Varese donde merece estar\u201d , adem\u00e1s aviso: \u201cEl proyecto es de cinco a\u00f1os y los resultados empezar\u00e1n a llegar a partir del tercero o cuarto\u201d. <\/p>\n<p>Tambi\u00e9n tuvo tiempo de hablar sobre su paso por la NBA argumentado que se \u201cdebe copiar el marketing, el an\u00e1lisis de datos, el desarrollo de jugadores\u201d finalmente el ex jugador del TAU Cer\u00e1mica manifest\u00f3 \u201cEleg\u00ed Varese porque me fascinaron la historia del equipo y la ciudad\u201d.<\/p>\n<p><a href=\"http:\/\/labestiadeportiva.com\/lbd\/wp-content\/uploads\/2021\/09\/Scola.jpg\"><img loading=\"lazy\" src=\"http:\/\/labestiadeportiva.com\/lbd\/wp-content\/uploads\/2021\/09\/Scola.jpg\" alt=\"Scola\" width=\"1004\" height=\"565\" class=\"aligncenter size-full wp-image-39835\" srcset=\"https:\/\/labestiadeportiva.com\/lbd\/wp-content\/uploads\/2021\/09\/Scola.jpg 1004w, https:\/\/labestiadeportiva.com\/lbd\/wp-content\/uploads\/2021\/09\/Scola-300x169.jpg 300w\" sizes=\"(max-width: 1004px) 100vw, 1004px\" \/><\/a><\/p>\n<div class='epvc-post-count'><span class='epvc-eye'><\/span>  <span class=\"epvc-count\"> 1.040<\/span><span class='epvc-label'> veces le\u00edda<\/span><\/div>\n<div class=\"jwsharethis\">\nShare this: \n<br \/>\n<a href=\"mailto:?subject=Scola%2C%20nuevo%20CEO%20del%20Varese&amp;body=https%3A%2F%2Flabestiadeportiva.com%2Flbd%2Fscola-nuevo-ceo-del-varese%2F\">\n<img src=\"https:\/\/labestiadeportiva.com\/lbd\/wp-content\/plugins\/jw-share-this\/email.png\" alt=\"Share this page via Email\" \/>\n<\/a>\n<a target=\"_blank\" href=\"http:\/\/www.stumbleupon.com\/submit?url=https%3A%2F%2Flabestiadeportiva.com%2Flbd%2Fscola-nuevo-ceo-del-varese%2F&amp;title=Scola%2C+nuevo+CEO+del+Varese\">\n<img src=\"https:\/\/labestiadeportiva.com\/lbd\/wp-content\/plugins\/jw-share-this\/su.png\" alt=\"Share this page via Stumble Upon\" \/>\n<\/a>\n<a target=\"_blank\" href=\"http:\/\/digg.com\/submit?url=https%3A%2F%2Flabestiadeportiva.com%2Flbd%2Fscola-nuevo-ceo-del-varese%2F&amp;title=Scola%2C+nuevo+CEO+del+Varese\">\n<img src=\"https:\/\/labestiadeportiva.com\/lbd\/wp-content\/plugins\/jw-share-this\/digg.png\" alt=\"Share this page via Digg this\" \/>\n<\/a>\n<a target=\"_blank\" href=\"http:\/\/www.facebook.com\/sharer.php?u=https%3A%2F%2Flabestiadeportiva.com%2Flbd%2Fscola-nuevo-ceo-del-varese%2F&amp;t=Scola%2C+nuevo+CEO+del+Varese\">\n<img src=\"https:\/\/labestiadeportiva.com\/lbd\/wp-content\/plugins\/jw-share-this\/fb.png\" alt=\"Share this page via Facebook\" \/>\n<\/a>\n<a target=\"_blank\" href=\"http:\/\/twitter.com\/intent\/tweet?text=I+like+https%3A%2F%2Flabestiadeportiva.com%2Flbd%2Fscola-nuevo-ceo-del-varese%2F&amp;title=Scola%2C+nuevo+CEO+del+Varese\">\n<img src=\"https:\/\/labestiadeportiva.com\/lbd\/wp-content\/plugins\/jw-share-this\/twitter.png\" alt=\"Share this page via Twitter\" \/>\n<\/a>\n<\/div>\n","protected":false},"excerpt":{"rendered":"<p>Por Agust\u00edn \u00abColo\u00bb Aguirre (Corresponsal LBD en La Pampa) Luego de anunciar su retiro de la Selecci\u00f3n Argentina, hab\u00eda cierta duda sobre qu\u00e9 decisi\u00f3n tomar\u00eda a nivel clubes. Este lunes el club italiano a trav\u00e9s de un comunicado, anunci\u00f3 que \u201cLuifa\u201d ser\u00e1 el nuevo CEO del Pallacanestro Varese. 1.040 veces le\u00edda Share this:<\/p>\n","protected":false},"author":1,"featured_media":39834,"comment_status":"open","ping_status":"open","sticky":false,"template":"","format":"standard","meta":[],"categories":[2432,4,6,1],"tags":[],"_links":{"self":[{"href":"https:\/\/labestiadeportiva.com\/lbd\/wp-json\/wp\/v2\/posts\/39833"}],"collection":[{"href":"https:\/\/labestiadeportiva.com\/lbd\/wp-json\/wp\/v2\/posts"}],"about":[{"href":"https:\/\/labestiadeportiva.com\/lbd\/wp-json\/wp\/v2\/types\/post"}],"author":[{"embeddable":true,"href":"https:\/\/labestiadeportiva.com\/lbd\/wp-json\/wp\/v2\/users\/1"}],"replies":[{"embeddable":true,"href":"https:\/\/labestiadeportiva.com\/lbd\/wp-json\/wp\/v2\/comments?post=39833"}],"version-history":[{"count":1,"href":"https:\/\/labestiadeportiva.com\/lbd\/wp-json\/wp\/v2\/posts\/39833\/revisions"}],"predecessor-version":[{"id":39836,"href":"https:\/\/labestiadeportiva.com\/lbd\/wp-json\/wp\/v2\/posts\/39833\/revisions\/39836"}],"wp:featuredmedia":[{"embeddable":true,"href":"https:\/\/labestiadeportiva.com\/lbd\/wp-json\/wp\/v2\/media\/39834"}],"wp:attachment":[{"href":"https:\/\/labestiadeportiva.com\/lbd\/wp-json\/wp\/v2\/media?parent=39833"}],"wp:term":[{"taxonomy":"category","embeddable":true,"href":"https:\/\/labestiadeportiva.com\/lbd\/wp-json\/wp\/v2\/categories?post=39833"},{"taxonomy":"post_tag","embeddable":true,"href":"https:\/\/labestiadeportiva.com\/lbd\/wp-json\/wp\/v2\/tags?post=39833"}],"curies":[{"name":"wp","href":"https:\/\/api.w.org\/{rel}","templated":true}]}}