{"id":39837,"date":"2021-09-23T12:34:26","date_gmt":"2021-09-23T15:34:26","guid":{"rendered":"http:\/\/labestiadeportiva.com\/lbd\/?p=39837"},"modified":"2021-09-23T12:34:26","modified_gmt":"2021-09-23T15:34:26","slug":"arranca-el-super-20","status":"publish","type":"post","link":"https:\/\/labestiadeportiva.com\/lbd\/arranca-el-super-20\/","title":{"rendered":"Arranca el S\u00faper 20"},"content":{"rendered":"<p>Por Agust\u00edn \u00abColo\u00bb Aguirre (Corresponsal LBD en La Pampa)<\/p>\n<p><a href=\"http:\/\/labestiadeportiva.com\/lbd\/wp-content\/uploads\/2021\/09\/0000055924-0000090224-001-G.jpg\"><img loading=\"lazy\" src=\"http:\/\/labestiadeportiva.com\/lbd\/wp-content\/uploads\/2021\/09\/0000055924-0000090224-001-G.jpg\" alt=\"0000055924-0000090224-001-G\" width=\"970\" height=\"680\" class=\"aligncenter size-full wp-image-39838\" srcset=\"https:\/\/labestiadeportiva.com\/lbd\/wp-content\/uploads\/2021\/09\/0000055924-0000090224-001-G.jpg 970w, https:\/\/labestiadeportiva.com\/lbd\/wp-content\/uploads\/2021\/09\/0000055924-0000090224-001-G-300x210.jpg 300w\" sizes=\"(max-width: 970px) 100vw, 970px\" \/><\/a><br \/>\nLa m\u00e1xima categor\u00eda del b\u00e1squet argentino arrancar\u00e1 una nueva temporada y su primer torneo ser\u00e1 el S\u00faper 20, con el partido inaugurar entre San Lorenzo y Boca este jueves  a partir de las 21 horas con la televisaci\u00f3n de Tyc Sports.<!--more--><\/p>\n<p>El \u00abCicl\u00f3n\u00bb con la salida de Tinelli y por primera vez desde que volvi\u00f3 (en el 2015) a la LNB no ser\u00e1 candidato, es m\u00e1s, tuvo varias complicaciones para primero quedarse en la Liga y luego armar su plantel, entonces el objetivo de esta temporada ser\u00e1 no descender. <\/p>\n<p>Pudo retener algunos jugadores importantes (Defelippo, Cerminato, Retumberg) Incorpor\u00f3 a una de las revelaciones del a\u00f1o pasado el neuquino P\u00e9rez Tapia, al base Lucas P\u00e9rez y a un viejo conocido de la casa como es Sandes. <\/p>\n<p>Mientras que Boca, se arm\u00f3 para pelear por el t\u00edtulo, su DT Gonzalo Garc\u00eda, mantuvo la base de la temporada pasada e incorpor\u00f3 a Leandro Vildoza y Kevin Hern\u00e1ndez, como tambi\u00e9n Eloy Vargas, el p\u00edvot todav\u00eda no arrib\u00f3 al pa\u00eds, pero ser\u00e1 pieza clave para el engranaje del equipo \u00abXeneize\u00bb. <\/p>\n<p>Los planteles de la LNB: https:\/\/www.basquetplus.com\/analisis-conferencia-sur-Super-20-altas-bajas<\/p>\n<div class='epvc-post-count'><span class='epvc-eye'><\/span>  <span class=\"epvc-count\"> 991<\/span><span class='epvc-label'> veces le\u00edda<\/span><\/div>\n<div class=\"jwsharethis\">\nShare this: \n<br \/>\n<a href=\"mailto:?subject=Arranca%20el%20S%C3%BAper%2020&amp;body=https%3A%2F%2Flabestiadeportiva.com%2Flbd%2Farranca-el-super-20%2F\">\n<img src=\"https:\/\/labestiadeportiva.com\/lbd\/wp-content\/plugins\/jw-share-this\/email.png\" alt=\"Share this page via Email\" \/>\n<\/a>\n<a target=\"_blank\" href=\"http:\/\/www.stumbleupon.com\/submit?url=https%3A%2F%2Flabestiadeportiva.com%2Flbd%2Farranca-el-super-20%2F&amp;title=Arranca+el+S%C3%BAper+20\">\n<img src=\"https:\/\/labestiadeportiva.com\/lbd\/wp-content\/plugins\/jw-share-this\/su.png\" alt=\"Share this page via Stumble Upon\" \/>\n<\/a>\n<a target=\"_blank\" href=\"http:\/\/digg.com\/submit?url=https%3A%2F%2Flabestiadeportiva.com%2Flbd%2Farranca-el-super-20%2F&amp;title=Arranca+el+S%C3%BAper+20\">\n<img src=\"https:\/\/labestiadeportiva.com\/lbd\/wp-content\/plugins\/jw-share-this\/digg.png\" alt=\"Share this page via Digg this\" \/>\n<\/a>\n<a target=\"_blank\" href=\"http:\/\/www.facebook.com\/sharer.php?u=https%3A%2F%2Flabestiadeportiva.com%2Flbd%2Farranca-el-super-20%2F&amp;t=Arranca+el+S%C3%BAper+20\">\n<img src=\"https:\/\/labestiadeportiva.com\/lbd\/wp-content\/plugins\/jw-share-this\/fb.png\" alt=\"Share this page via Facebook\" \/>\n<\/a>\n<a target=\"_blank\" href=\"http:\/\/twitter.com\/intent\/tweet?text=I+like+https%3A%2F%2Flabestiadeportiva.com%2Flbd%2Farranca-el-super-20%2F&amp;title=Arranca+el+S%C3%BAper+20\">\n<img src=\"https:\/\/labestiadeportiva.com\/lbd\/wp-content\/plugins\/jw-share-this\/twitter.png\" alt=\"Share this page via Twitter\" \/>\n<\/a>\n<\/div>\n","protected":false},"excerpt":{"rendered":"<p>Por Agust\u00edn \u00abColo\u00bb Aguirre (Corresponsal LBD en La Pampa) La m\u00e1xima categor\u00eda del b\u00e1squet argentino arrancar\u00e1 una nueva temporada y su primer torneo ser\u00e1 el S\u00faper 20, con el partido inaugurar entre San Lorenzo y Boca este jueves a partir de las 21 horas con la televisaci\u00f3n de Tyc Sports. 991 veces le\u00edda Share this:<\/p>\n","protected":false},"author":1,"featured_media":39838,"comment_status":"open","ping_status":"open","sticky":false,"template":"","format":"standard","meta":[],"categories":[410,6,1],"tags":[171,1062,3660,3338],"_links":{"self":[{"href":"https:\/\/labestiadeportiva.com\/lbd\/wp-json\/wp\/v2\/posts\/39837"}],"collection":[{"href":"https:\/\/labestiadeportiva.com\/lbd\/wp-json\/wp\/v2\/posts"}],"about":[{"href":"https:\/\/labestiadeportiva.com\/lbd\/wp-json\/wp\/v2\/types\/post"}],"author":[{"embeddable":true,"href":"https:\/\/labestiadeportiva.com\/lbd\/wp-json\/wp\/v2\/users\/1"}],"replies":[{"embeddable":true,"href":"https:\/\/labestiadeportiva.com\/lbd\/wp-json\/wp\/v2\/comments?post=39837"}],"version-history":[{"count":1,"href":"https:\/\/labestiadeportiva.com\/lbd\/wp-json\/wp\/v2\/posts\/39837\/revisions"}],"predecessor-version":[{"id":39839,"href":"https:\/\/labestiadeportiva.com\/lbd\/wp-json\/wp\/v2\/posts\/39837\/revisions\/39839"}],"wp:featuredmedia":[{"embeddable":true,"href":"https:\/\/labestiadeportiva.com\/lbd\/wp-json\/wp\/v2\/media\/39838"}],"wp:attachment":[{"href":"https:\/\/labestiadeportiva.com\/lbd\/wp-json\/wp\/v2\/media?parent=39837"}],"wp:term":[{"taxonomy":"category","embeddable":true,"href":"https:\/\/labestiadeportiva.com\/lbd\/wp-json\/wp\/v2\/categories?post=39837"},{"taxonomy":"post_tag","embeddable":true,"href":"https:\/\/labestiadeportiva.com\/lbd\/wp-json\/wp\/v2\/tags?post=39837"}],"curies":[{"name":"wp","href":"https:\/\/api.w.org\/{rel}","templated":true}]}}