{"id":39864,"date":"2021-09-27T18:32:10","date_gmt":"2021-09-27T21:32:10","guid":{"rendered":"http:\/\/labestiadeportiva.com\/lbd\/?p=39864"},"modified":"2021-09-27T22:00:15","modified_gmt":"2021-09-28T01:00:15","slug":"39864","status":"publish","type":"post","link":"https:\/\/labestiadeportiva.com\/lbd\/39864\/","title":{"rendered":"\u00abEsto es algo que tenemos que festejar todos en la ciudad y la provincia\u00bb (Audio)"},"content":{"rendered":"<p><a href=\"http:\/\/labestiadeportiva.com\/lbd\/wp-content\/uploads\/2021\/09\/IMG-20210927-WA0057.jpg\"><img loading=\"lazy\" src=\"http:\/\/labestiadeportiva.com\/lbd\/wp-content\/uploads\/2021\/09\/IMG-20210927-WA0057.jpg\" alt=\"IMG-20210927-WA0057\" width=\"1599\" height=\"1200\" class=\"aligncenter size-full wp-image-39867\" srcset=\"https:\/\/labestiadeportiva.com\/lbd\/wp-content\/uploads\/2021\/09\/IMG-20210927-WA0057.jpg 1599w, https:\/\/labestiadeportiva.com\/lbd\/wp-content\/uploads\/2021\/09\/IMG-20210927-WA0057-300x225.jpg 300w, https:\/\/labestiadeportiva.com\/lbd\/wp-content\/uploads\/2021\/09\/IMG-20210927-WA0057-1024x768.jpg 1024w\" sizes=\"(max-width: 1599px) 100vw, 1599px\" \/><\/a><br \/>\nContacto telef\u00f3nico con el entrenador Lucas Doffo. Reci\u00e9n arribado a la Ciudad Aut\u00f3noma de Buenos Aires charl\u00f3 con LBD. El Sudamericano de Renata, su promisoria carrera, el nacional Sub 20 en Resistencia los principales temas de la charla.<\/p>\n<p>Compartimos la entrevista lograda este lunes en la 94.1 FM del Sur.<!--more--><\/p>\n<p><a href=\"http:\/\/labestiadeportiva.com\/lbd\/wp-content\/uploads\/2021\/09\/IMG-20210927-WA0075.jpg\"><img loading=\"lazy\" src=\"http:\/\/labestiadeportiva.com\/lbd\/wp-content\/uploads\/2021\/09\/IMG-20210927-WA0075.jpg\" alt=\"IMG-20210927-WA0075\" width=\"1200\" height=\"1600\" class=\"aligncenter size-full wp-image-39868\" srcset=\"https:\/\/labestiadeportiva.com\/lbd\/wp-content\/uploads\/2021\/09\/IMG-20210927-WA0075.jpg 1200w, https:\/\/labestiadeportiva.com\/lbd\/wp-content\/uploads\/2021\/09\/IMG-20210927-WA0075-225x300.jpg 225w, https:\/\/labestiadeportiva.com\/lbd\/wp-content\/uploads\/2021\/09\/IMG-20210927-WA0075-768x1024.jpg 768w\" sizes=\"(max-width: 1200px) 100vw, 1200px\" \/><\/a><\/p>\n<p><iframe loading=\"lazy\" width=\"560\" height=\"315\" src=\"https:\/\/www.youtube.com\/embed\/IDLYi3wgXzs\" title=\"YouTube video player\" frameborder=\"0\" allow=\"accelerometer; autoplay; clipboard-write; encrypted-media; gyroscope; picture-in-picture\" allowfullscreen><\/iframe><\/p>\n<div class='epvc-post-count'><span class='epvc-eye'><\/span>  <span class=\"epvc-count\"> 887<\/span><span class='epvc-label'> veces le\u00edda<\/span><\/div>\n<div class=\"jwsharethis\">\nShare this: \n<br \/>\n<a href=\"mailto:?subject=%C2%ABEsto%20es%20algo%20que%20tenemos%20que%20festejar%20todos%20en%20la%20ciudad%20y%20la%20provincia%C2%BB%20%28Audio%29&amp;body=https%3A%2F%2Flabestiadeportiva.com%2Flbd%2F39864%2F\">\n<img src=\"https:\/\/labestiadeportiva.com\/lbd\/wp-content\/plugins\/jw-share-this\/email.png\" alt=\"Share this page via Email\" \/>\n<\/a>\n<a target=\"_blank\" href=\"http:\/\/www.stumbleupon.com\/submit?url=https%3A%2F%2Flabestiadeportiva.com%2Flbd%2F39864%2F&amp;title=%C2%ABEsto+es+algo+que+tenemos+que+festejar+todos+en+la+ciudad+y+la+provincia%C2%BB+%28Audio%29\">\n<img src=\"https:\/\/labestiadeportiva.com\/lbd\/wp-content\/plugins\/jw-share-this\/su.png\" alt=\"Share this page via Stumble Upon\" \/>\n<\/a>\n<a target=\"_blank\" href=\"http:\/\/digg.com\/submit?url=https%3A%2F%2Flabestiadeportiva.com%2Flbd%2F39864%2F&amp;title=%C2%ABEsto+es+algo+que+tenemos+que+festejar+todos+en+la+ciudad+y+la+provincia%C2%BB+%28Audio%29\">\n<img src=\"https:\/\/labestiadeportiva.com\/lbd\/wp-content\/plugins\/jw-share-this\/digg.png\" alt=\"Share this page via Digg this\" \/>\n<\/a>\n<a target=\"_blank\" href=\"http:\/\/www.facebook.com\/sharer.php?u=https%3A%2F%2Flabestiadeportiva.com%2Flbd%2F39864%2F&amp;t=%C2%ABEsto+es+algo+que+tenemos+que+festejar+todos+en+la+ciudad+y+la+provincia%C2%BB+%28Audio%29\">\n<img src=\"https:\/\/labestiadeportiva.com\/lbd\/wp-content\/plugins\/jw-share-this\/fb.png\" alt=\"Share this page via Facebook\" \/>\n<\/a>\n<a target=\"_blank\" href=\"http:\/\/twitter.com\/intent\/tweet?text=I+like+https%3A%2F%2Flabestiadeportiva.com%2Flbd%2F39864%2F&amp;title=%C2%ABEsto+es+algo+que+tenemos+que+festejar+todos+en+la+ciudad+y+la+provincia%C2%BB+%28Audio%29\">\n<img src=\"https:\/\/labestiadeportiva.com\/lbd\/wp-content\/plugins\/jw-share-this\/twitter.png\" alt=\"Share this page via Twitter\" \/>\n<\/a>\n<\/div>\n","protected":false},"excerpt":{"rendered":"<p>Contacto telef\u00f3nico con el entrenador Lucas Doffo. Reci\u00e9n arribado a la Ciudad Aut\u00f3noma de Buenos Aires charl\u00f3 con LBD. El Sudamericano de Renata, su promisoria carrera, el nacional Sub 20 en Resistencia los principales temas de la charla. Compartimos la entrevista lograda este lunes en la 94.1 FM del Sur. 887 veces le\u00edda Share this:<\/p>\n","protected":false},"author":1,"featured_media":39868,"comment_status":"open","ping_status":"open","sticky":false,"template":"","format":"standard","meta":[],"categories":[22,5,4,6,60,1],"tags":[],"_links":{"self":[{"href":"https:\/\/labestiadeportiva.com\/lbd\/wp-json\/wp\/v2\/posts\/39864"}],"collection":[{"href":"https:\/\/labestiadeportiva.com\/lbd\/wp-json\/wp\/v2\/posts"}],"about":[{"href":"https:\/\/labestiadeportiva.com\/lbd\/wp-json\/wp\/v2\/types\/post"}],"author":[{"embeddable":true,"href":"https:\/\/labestiadeportiva.com\/lbd\/wp-json\/wp\/v2\/users\/1"}],"replies":[{"embeddable":true,"href":"https:\/\/labestiadeportiva.com\/lbd\/wp-json\/wp\/v2\/comments?post=39864"}],"version-history":[{"count":4,"href":"https:\/\/labestiadeportiva.com\/lbd\/wp-json\/wp\/v2\/posts\/39864\/revisions"}],"predecessor-version":[{"id":39870,"href":"https:\/\/labestiadeportiva.com\/lbd\/wp-json\/wp\/v2\/posts\/39864\/revisions\/39870"}],"wp:featuredmedia":[{"embeddable":true,"href":"https:\/\/labestiadeportiva.com\/lbd\/wp-json\/wp\/v2\/media\/39868"}],"wp:attachment":[{"href":"https:\/\/labestiadeportiva.com\/lbd\/wp-json\/wp\/v2\/media?parent=39864"}],"wp:term":[{"taxonomy":"category","embeddable":true,"href":"https:\/\/labestiadeportiva.com\/lbd\/wp-json\/wp\/v2\/categories?post=39864"},{"taxonomy":"post_tag","embeddable":true,"href":"https:\/\/labestiadeportiva.com\/lbd\/wp-json\/wp\/v2\/tags?post=39864"}],"curies":[{"name":"wp","href":"https:\/\/api.w.org\/{rel}","templated":true}]}}