{"id":39875,"date":"2021-09-28T00:04:42","date_gmt":"2021-09-28T03:04:42","guid":{"rendered":"http:\/\/labestiadeportiva.com\/lbd\/?p=39875"},"modified":"2021-10-04T16:04:46","modified_gmt":"2021-10-04T19:04:46","slug":"extranarte-si-olvidarte-jamas","status":"publish","type":"post","link":"https:\/\/labestiadeportiva.com\/lbd\/extranarte-si-olvidarte-jamas\/","title":{"rendered":"Extra\u00f1arte s\u00ed, olvidarte jam\u00e1s"},"content":{"rendered":"<p><a href=\"http:\/\/labestiadeportiva.com\/lbd\/wp-content\/uploads\/2021\/09\/20210927_232357-COLLAGE.jpg\"><img loading=\"lazy\" src=\"http:\/\/labestiadeportiva.com\/lbd\/wp-content\/uploads\/2021\/09\/20210927_232357-COLLAGE.jpg\" alt=\"20210927_232357-COLLAGE\" width=\"1024\" height=\"1024\" class=\"aligncenter size-full wp-image-39876\" srcset=\"https:\/\/labestiadeportiva.com\/lbd\/wp-content\/uploads\/2021\/09\/20210927_232357-COLLAGE.jpg 1024w, https:\/\/labestiadeportiva.com\/lbd\/wp-content\/uploads\/2021\/09\/20210927_232357-COLLAGE-150x150.jpg 150w, https:\/\/labestiadeportiva.com\/lbd\/wp-content\/uploads\/2021\/09\/20210927_232357-COLLAGE-300x300.jpg 300w, https:\/\/labestiadeportiva.com\/lbd\/wp-content\/uploads\/2021\/09\/20210927_232357-COLLAGE-160x160.jpg 160w, https:\/\/labestiadeportiva.com\/lbd\/wp-content\/uploads\/2021\/09\/20210927_232357-COLLAGE-320x320.jpg 320w, https:\/\/labestiadeportiva.com\/lbd\/wp-content\/uploads\/2021\/09\/20210927_232357-COLLAGE-60x60.jpg 60w\" sizes=\"(max-width: 1024px) 100vw, 1024px\" \/><\/a>La noticia nos golpe\u00f3 a todos. Tremenda p\u00e9rdida para el deporte  de Tierra del Fuego. El Sensei de la escuela de karate Shorinryu Kodokan, Marcelo Ch\u00e1vez, falleci\u00f3 este lunes a los 47 a\u00f1os. Deja un gran legado para la disciplina,  colegas y alumnos. <!--more--><\/p>\n<p>Marcelo Ch\u00e1vez fue un gran tipo por donde se lo mire, al que conozco hace d\u00e9cadas y sin ser lo que se dice su amigo cultivamos una relaci\u00f3n estupenda llena de bromas, buena onda, respeto y admiraci\u00f3n.<\/p>\n<p>Sin saber bien que hacer me puse a revisar el archivo de LBD donde abundan notas, fotos y audios de las artes marciales en general, karate en particular y por ende su escuela. <\/p>\n<p>Escuch\u00e9 su voz en varias entrevistas contando de perfeccionamientos, torneos y viajes para los suyos.<\/p>\n<p>Las redes sociales se llenaron de sentidos mensajes, fotos, recuerdos, que se multiplican hora tras hora.<\/p>\n<p>En lo personal un fuerte abrazo a la familia, en especial a su mujer, amigos y alumnos.<\/p>\n<p>Adi\u00f3s Marcelo, buena vida, gracias por tu compromiso con los j\u00f3venes de nuestra comunidad a los que formaste en valores a trav\u00e9s del deporte.<\/p>\n<p>Nos duele tu partida, descansa en paz querido Sensei.<\/p>\n<div class='epvc-post-count'><span class='epvc-eye'><\/span>  <span class=\"epvc-count\"> 1.160<\/span><span class='epvc-label'> veces le\u00edda<\/span><\/div>\n<div class=\"jwsharethis\">\nShare this: \n<br \/>\n<a href=\"mailto:?subject=Extra%C3%B1arte%20s%C3%AD%2C%20olvidarte%20jam%C3%A1s&amp;body=https%3A%2F%2Flabestiadeportiva.com%2Flbd%2Fextranarte-si-olvidarte-jamas%2F\">\n<img src=\"https:\/\/labestiadeportiva.com\/lbd\/wp-content\/plugins\/jw-share-this\/email.png\" alt=\"Share this page via Email\" \/>\n<\/a>\n<a target=\"_blank\" href=\"http:\/\/www.stumbleupon.com\/submit?url=https%3A%2F%2Flabestiadeportiva.com%2Flbd%2Fextranarte-si-olvidarte-jamas%2F&amp;title=Extra%C3%B1arte+s%C3%AD%2C+olvidarte+jam%C3%A1s\">\n<img src=\"https:\/\/labestiadeportiva.com\/lbd\/wp-content\/plugins\/jw-share-this\/su.png\" alt=\"Share this page via Stumble Upon\" \/>\n<\/a>\n<a target=\"_blank\" href=\"http:\/\/digg.com\/submit?url=https%3A%2F%2Flabestiadeportiva.com%2Flbd%2Fextranarte-si-olvidarte-jamas%2F&amp;title=Extra%C3%B1arte+s%C3%AD%2C+olvidarte+jam%C3%A1s\">\n<img src=\"https:\/\/labestiadeportiva.com\/lbd\/wp-content\/plugins\/jw-share-this\/digg.png\" alt=\"Share this page via Digg this\" \/>\n<\/a>\n<a target=\"_blank\" href=\"http:\/\/www.facebook.com\/sharer.php?u=https%3A%2F%2Flabestiadeportiva.com%2Flbd%2Fextranarte-si-olvidarte-jamas%2F&amp;t=Extra%C3%B1arte+s%C3%AD%2C+olvidarte+jam%C3%A1s\">\n<img src=\"https:\/\/labestiadeportiva.com\/lbd\/wp-content\/plugins\/jw-share-this\/fb.png\" alt=\"Share this page via Facebook\" \/>\n<\/a>\n<a target=\"_blank\" href=\"http:\/\/twitter.com\/intent\/tweet?text=I+like+https%3A%2F%2Flabestiadeportiva.com%2Flbd%2Fextranarte-si-olvidarte-jamas%2F&amp;title=Extra%C3%B1arte+s%C3%AD%2C+olvidarte+jam%C3%A1s\">\n<img src=\"https:\/\/labestiadeportiva.com\/lbd\/wp-content\/plugins\/jw-share-this\/twitter.png\" alt=\"Share this page via Twitter\" \/>\n<\/a>\n<\/div>\n","protected":false},"excerpt":{"rendered":"<p>La noticia nos golpe\u00f3 a todos. Tremenda p\u00e9rdida para el deporte de Tierra del Fuego. El Sensei de la escuela de karate Shorinryu Kodokan, Marcelo Ch\u00e1vez, falleci\u00f3 este lunes a los 47 a\u00f1os. Deja un gran legado para la disciplina, colegas y alumnos. 1.160 veces le\u00edda Share this:<\/p>\n","protected":false},"author":1,"featured_media":39876,"comment_status":"open","ping_status":"open","sticky":false,"template":"","format":"standard","meta":[],"categories":[2240,2136,5,6,1],"tags":[4029,1034,1032,3660],"_links":{"self":[{"href":"https:\/\/labestiadeportiva.com\/lbd\/wp-json\/wp\/v2\/posts\/39875"}],"collection":[{"href":"https:\/\/labestiadeportiva.com\/lbd\/wp-json\/wp\/v2\/posts"}],"about":[{"href":"https:\/\/labestiadeportiva.com\/lbd\/wp-json\/wp\/v2\/types\/post"}],"author":[{"embeddable":true,"href":"https:\/\/labestiadeportiva.com\/lbd\/wp-json\/wp\/v2\/users\/1"}],"replies":[{"embeddable":true,"href":"https:\/\/labestiadeportiva.com\/lbd\/wp-json\/wp\/v2\/comments?post=39875"}],"version-history":[{"count":2,"href":"https:\/\/labestiadeportiva.com\/lbd\/wp-json\/wp\/v2\/posts\/39875\/revisions"}],"predecessor-version":[{"id":39929,"href":"https:\/\/labestiadeportiva.com\/lbd\/wp-json\/wp\/v2\/posts\/39875\/revisions\/39929"}],"wp:featuredmedia":[{"embeddable":true,"href":"https:\/\/labestiadeportiva.com\/lbd\/wp-json\/wp\/v2\/media\/39876"}],"wp:attachment":[{"href":"https:\/\/labestiadeportiva.com\/lbd\/wp-json\/wp\/v2\/media?parent=39875"}],"wp:term":[{"taxonomy":"category","embeddable":true,"href":"https:\/\/labestiadeportiva.com\/lbd\/wp-json\/wp\/v2\/categories?post=39875"},{"taxonomy":"post_tag","embeddable":true,"href":"https:\/\/labestiadeportiva.com\/lbd\/wp-json\/wp\/v2\/tags?post=39875"}],"curies":[{"name":"wp","href":"https:\/\/api.w.org\/{rel}","templated":true}]}}