{"id":40050,"date":"2021-10-15T18:25:16","date_gmt":"2021-10-15T21:25:16","guid":{"rendered":"http:\/\/labestiadeportiva.com\/lbd\/?p=40050"},"modified":"2021-10-15T18:30:16","modified_gmt":"2021-10-15T21:30:16","slug":"el-trabajo-apunta-a-los-world-games-y-el-mundial-del-ano-que-viene-audio","status":"publish","type":"post","link":"https:\/\/labestiadeportiva.com\/lbd\/el-trabajo-apunta-a-los-world-games-y-el-mundial-del-ano-que-viene-audio\/","title":{"rendered":"\u00abEl trabajo apunta a los World Games y el Mundial del a\u00f1o que viene\u00bb (Audio)"},"content":{"rendered":"<p><a href=\"http:\/\/labestiadeportiva.com\/lbd\/wp-content\/uploads\/2021\/10\/IMG-20211015-WA0043.jpg\"><img loading=\"lazy\" src=\"http:\/\/labestiadeportiva.com\/lbd\/wp-content\/uploads\/2021\/10\/IMG-20211015-WA0043.jpg\" alt=\"IMG-20211015-WA0043\" width=\"1023\" height=\"1280\" class=\"aligncenter size-full wp-image-40052\" srcset=\"https:\/\/labestiadeportiva.com\/lbd\/wp-content\/uploads\/2021\/10\/IMG-20211015-WA0043.jpg 1023w, https:\/\/labestiadeportiva.com\/lbd\/wp-content\/uploads\/2021\/10\/IMG-20211015-WA0043-240x300.jpg 240w, https:\/\/labestiadeportiva.com\/lbd\/wp-content\/uploads\/2021\/10\/IMG-20211015-WA0043-818x1024.jpg 818w, https:\/\/labestiadeportiva.com\/lbd\/wp-content\/uploads\/2021\/10\/IMG-20211015-WA0043-640x801.jpg 640w\" sizes=\"(max-width: 1023px) 100vw, 1023px\" \/><\/a><br \/>\nContacto con la ushuaiense Araceli Mart\u00ednez. La fueguina radicada en la actualidad en la rionegrina Viedma form\u00f3 parte de los trabajos de la Preselecci\u00f3n Argentina de Beach Handball en el CENARD capitalino. <\/p>\n<p>Detalles de la convocatoria, la ilusi\u00f3n de ganarse un lugar en el plantel definitivo y la continuidad de las acciones con el seleccionado los principales temas de la charla lograda este viernes en la 94.1 FM del Sur.<!--more--><\/p>\n<p><iframe loading=\"lazy\" width=\"560\" height=\"315\" src=\"https:\/\/www.youtube.com\/embed\/0STjsTMg2nQ\" title=\"YouTube video player\" frameborder=\"0\" allow=\"accelerometer; autoplay; clipboard-write; encrypted-media; gyroscope; picture-in-picture\" allowfullscreen><\/iframe><\/p>\n<div class='epvc-post-count'><span class='epvc-eye'><\/span>  <span class=\"epvc-count\"> 1.027<\/span><span class='epvc-label'> veces le\u00edda<\/span><\/div>\n<div class=\"jwsharethis\">\nShare this: \n<br \/>\n<a href=\"mailto:?subject=%C2%ABEl%20trabajo%20apunta%20a%20los%20World%20Games%20y%20el%20Mundial%20del%20a%C3%B1o%20que%20viene%C2%BB%20%28Audio%29&amp;body=https%3A%2F%2Flabestiadeportiva.com%2Flbd%2Fel-trabajo-apunta-a-los-world-games-y-el-mundial-del-ano-que-viene-audio%2F\">\n<img src=\"https:\/\/labestiadeportiva.com\/lbd\/wp-content\/plugins\/jw-share-this\/email.png\" alt=\"Share this page via Email\" \/>\n<\/a>\n<a target=\"_blank\" href=\"http:\/\/www.stumbleupon.com\/submit?url=https%3A%2F%2Flabestiadeportiva.com%2Flbd%2Fel-trabajo-apunta-a-los-world-games-y-el-mundial-del-ano-que-viene-audio%2F&amp;title=%C2%ABEl+trabajo+apunta+a+los+World+Games+y+el+Mundial+del+a%C3%B1o+que+viene%C2%BB+%28Audio%29\">\n<img src=\"https:\/\/labestiadeportiva.com\/lbd\/wp-content\/plugins\/jw-share-this\/su.png\" alt=\"Share this page via Stumble Upon\" \/>\n<\/a>\n<a target=\"_blank\" href=\"http:\/\/digg.com\/submit?url=https%3A%2F%2Flabestiadeportiva.com%2Flbd%2Fel-trabajo-apunta-a-los-world-games-y-el-mundial-del-ano-que-viene-audio%2F&amp;title=%C2%ABEl+trabajo+apunta+a+los+World+Games+y+el+Mundial+del+a%C3%B1o+que+viene%C2%BB+%28Audio%29\">\n<img src=\"https:\/\/labestiadeportiva.com\/lbd\/wp-content\/plugins\/jw-share-this\/digg.png\" alt=\"Share this page via Digg this\" \/>\n<\/a>\n<a target=\"_blank\" href=\"http:\/\/www.facebook.com\/sharer.php?u=https%3A%2F%2Flabestiadeportiva.com%2Flbd%2Fel-trabajo-apunta-a-los-world-games-y-el-mundial-del-ano-que-viene-audio%2F&amp;t=%C2%ABEl+trabajo+apunta+a+los+World+Games+y+el+Mundial+del+a%C3%B1o+que+viene%C2%BB+%28Audio%29\">\n<img src=\"https:\/\/labestiadeportiva.com\/lbd\/wp-content\/plugins\/jw-share-this\/fb.png\" alt=\"Share this page via Facebook\" \/>\n<\/a>\n<a target=\"_blank\" href=\"http:\/\/twitter.com\/intent\/tweet?text=I+like+https%3A%2F%2Flabestiadeportiva.com%2Flbd%2Fel-trabajo-apunta-a-los-world-games-y-el-mundial-del-ano-que-viene-audio%2F&amp;title=%C2%ABEl+trabajo+apunta+a+los+World+Games+y+el+Mundial+del+a%C3%B1o+que+viene%C2%BB+%28Audio%29\">\n<img src=\"https:\/\/labestiadeportiva.com\/lbd\/wp-content\/plugins\/jw-share-this\/twitter.png\" alt=\"Share this page via Twitter\" \/>\n<\/a>\n<\/div>\n","protected":false},"excerpt":{"rendered":"<p>Contacto con la ushuaiense Araceli Mart\u00ednez. La fueguina radicada en la actualidad en la rionegrina Viedma form\u00f3 parte de los trabajos de la Preselecci\u00f3n Argentina de Beach Handball en el CENARD capitalino. Detalles de la convocatoria, la ilusi\u00f3n de ganarse un lugar en el plantel definitivo y la continuidad de las acciones con el seleccionado &hellip; <a href=\"https:\/\/labestiadeportiva.com\/lbd\/el-trabajo-apunta-a-los-world-games-y-el-mundial-del-ano-que-viene-audio\/\" class=\"more-link\">Seguir leyendo <span class=\"screen-reader-text\">\u00abEl trabajo apunta a los World Games y el Mundial del a\u00f1o que viene\u00bb (Audio)<\/span> <span class=\"meta-nav\">&rarr;<\/span><\/a><\/p>\n","protected":false},"author":1,"featured_media":40052,"comment_status":"open","ping_status":"open","sticky":false,"template":"","format":"standard","meta":[],"categories":[2362,5,6,60,1],"tags":[2363,4838,314,3660],"_links":{"self":[{"href":"https:\/\/labestiadeportiva.com\/lbd\/wp-json\/wp\/v2\/posts\/40050"}],"collection":[{"href":"https:\/\/labestiadeportiva.com\/lbd\/wp-json\/wp\/v2\/posts"}],"about":[{"href":"https:\/\/labestiadeportiva.com\/lbd\/wp-json\/wp\/v2\/types\/post"}],"author":[{"embeddable":true,"href":"https:\/\/labestiadeportiva.com\/lbd\/wp-json\/wp\/v2\/users\/1"}],"replies":[{"embeddable":true,"href":"https:\/\/labestiadeportiva.com\/lbd\/wp-json\/wp\/v2\/comments?post=40050"}],"version-history":[{"count":2,"href":"https:\/\/labestiadeportiva.com\/lbd\/wp-json\/wp\/v2\/posts\/40050\/revisions"}],"predecessor-version":[{"id":40053,"href":"https:\/\/labestiadeportiva.com\/lbd\/wp-json\/wp\/v2\/posts\/40050\/revisions\/40053"}],"wp:featuredmedia":[{"embeddable":true,"href":"https:\/\/labestiadeportiva.com\/lbd\/wp-json\/wp\/v2\/media\/40052"}],"wp:attachment":[{"href":"https:\/\/labestiadeportiva.com\/lbd\/wp-json\/wp\/v2\/media?parent=40050"}],"wp:term":[{"taxonomy":"category","embeddable":true,"href":"https:\/\/labestiadeportiva.com\/lbd\/wp-json\/wp\/v2\/categories?post=40050"},{"taxonomy":"post_tag","embeddable":true,"href":"https:\/\/labestiadeportiva.com\/lbd\/wp-json\/wp\/v2\/tags?post=40050"}],"curies":[{"name":"wp","href":"https:\/\/api.w.org\/{rel}","templated":true}]}}