{"id":40060,"date":"2021-10-16T12:47:20","date_gmt":"2021-10-16T15:47:20","guid":{"rendered":"http:\/\/labestiadeportiva.com\/lbd\/?p=40060"},"modified":"2021-10-16T12:57:43","modified_gmt":"2021-10-16T15:57:43","slug":"el-viento-y-la-nieve-pararon-al-rugby","status":"publish","type":"post","link":"https:\/\/labestiadeportiva.com\/lbd\/el-viento-y-la-nieve-pararon-al-rugby\/","title":{"rendered":"El viento y la nieve pararon al rugby"},"content":{"rendered":"<p><a href=\"http:\/\/labestiadeportiva.com\/lbd\/wp-content\/uploads\/2021\/10\/IMG-20211016-WA0028.jpg\"><img loading=\"lazy\" class=\"aligncenter size-full wp-image-40061\" src=\"http:\/\/labestiadeportiva.com\/lbd\/wp-content\/uploads\/2021\/10\/IMG-20211016-WA0028.jpg\" alt=\"IMG-20211016-WA0028\" width=\"1080\" height=\"1080\" srcset=\"https:\/\/labestiadeportiva.com\/lbd\/wp-content\/uploads\/2021\/10\/IMG-20211016-WA0028.jpg 1080w, https:\/\/labestiadeportiva.com\/lbd\/wp-content\/uploads\/2021\/10\/IMG-20211016-WA0028-150x150.jpg 150w, https:\/\/labestiadeportiva.com\/lbd\/wp-content\/uploads\/2021\/10\/IMG-20211016-WA0028-300x300.jpg 300w, https:\/\/labestiadeportiva.com\/lbd\/wp-content\/uploads\/2021\/10\/IMG-20211016-WA0028-1024x1024.jpg 1024w, https:\/\/labestiadeportiva.com\/lbd\/wp-content\/uploads\/2021\/10\/IMG-20211016-WA0028-640x640.jpg 640w\" sizes=\"(max-width: 1080px) 100vw, 1080px\" \/><\/a><br \/>\nLa URTF lo inform\u00f3 oficialmente a trav\u00e9s de un comunicado. La nevada que comenz\u00f3 este s\u00e1bado a la madrugada en la capital sumado a la alerta amarilla por fuertes vientos (con r\u00e1fagas de 100 kil\u00f3metros en el norte de la isla y 90 en Ushuaia) motivaron la decisi\u00f3n. Desde LBD compartimos la informaci\u00f3n del rugby fueguino.<!--more--><\/p>\n<p><a href=\"http:\/\/labestiadeportiva.com\/lbd\/wp-content\/uploads\/2021\/10\/IMG_20211016_125115881_HDR.jpg\"><img loading=\"lazy\" class=\"aligncenter size-full wp-image-40063\" src=\"http:\/\/labestiadeportiva.com\/lbd\/wp-content\/uploads\/2021\/10\/IMG_20211016_125115881_HDR.jpg\" alt=\"IMG_20211016_125115881_HDR\" width=\"4000\" height=\"3000\" srcset=\"https:\/\/labestiadeportiva.com\/lbd\/wp-content\/uploads\/2021\/10\/IMG_20211016_125115881_HDR.jpg 4000w, https:\/\/labestiadeportiva.com\/lbd\/wp-content\/uploads\/2021\/10\/IMG_20211016_125115881_HDR-300x225.jpg 300w, https:\/\/labestiadeportiva.com\/lbd\/wp-content\/uploads\/2021\/10\/IMG_20211016_125115881_HDR-1024x768.jpg 1024w, https:\/\/labestiadeportiva.com\/lbd\/wp-content\/uploads\/2021\/10\/IMG_20211016_125115881_HDR-640x480.jpg 640w\" sizes=\"(max-width: 4000px) 100vw, 4000px\" \/><\/a><\/p>\n<div class='epvc-post-count'><span class='epvc-eye'><\/span>  <span class=\"epvc-count\"> 1.081<\/span><span class='epvc-label'> veces le\u00edda<\/span><\/div>\n<div class=\"jwsharethis\">\nShare this: \n<br \/>\n<a href=\"mailto:?subject=El%20viento%20y%20la%20nieve%20pararon%20al%20rugby&amp;body=https%3A%2F%2Flabestiadeportiva.com%2Flbd%2Fel-viento-y-la-nieve-pararon-al-rugby%2F\">\n<img src=\"https:\/\/labestiadeportiva.com\/lbd\/wp-content\/plugins\/jw-share-this\/email.png\" alt=\"Share this page via Email\" \/>\n<\/a>\n<a target=\"_blank\" href=\"http:\/\/www.stumbleupon.com\/submit?url=https%3A%2F%2Flabestiadeportiva.com%2Flbd%2Fel-viento-y-la-nieve-pararon-al-rugby%2F&amp;title=El+viento+y+la+nieve+pararon+al+rugby\">\n<img src=\"https:\/\/labestiadeportiva.com\/lbd\/wp-content\/plugins\/jw-share-this\/su.png\" alt=\"Share this page via Stumble Upon\" \/>\n<\/a>\n<a target=\"_blank\" href=\"http:\/\/digg.com\/submit?url=https%3A%2F%2Flabestiadeportiva.com%2Flbd%2Fel-viento-y-la-nieve-pararon-al-rugby%2F&amp;title=El+viento+y+la+nieve+pararon+al+rugby\">\n<img src=\"https:\/\/labestiadeportiva.com\/lbd\/wp-content\/plugins\/jw-share-this\/digg.png\" alt=\"Share this page via Digg this\" \/>\n<\/a>\n<a target=\"_blank\" href=\"http:\/\/www.facebook.com\/sharer.php?u=https%3A%2F%2Flabestiadeportiva.com%2Flbd%2Fel-viento-y-la-nieve-pararon-al-rugby%2F&amp;t=El+viento+y+la+nieve+pararon+al+rugby\">\n<img src=\"https:\/\/labestiadeportiva.com\/lbd\/wp-content\/plugins\/jw-share-this\/fb.png\" alt=\"Share this page via Facebook\" \/>\n<\/a>\n<a target=\"_blank\" href=\"http:\/\/twitter.com\/intent\/tweet?text=I+like+https%3A%2F%2Flabestiadeportiva.com%2Flbd%2Fel-viento-y-la-nieve-pararon-al-rugby%2F&amp;title=El+viento+y+la+nieve+pararon+al+rugby\">\n<img src=\"https:\/\/labestiadeportiva.com\/lbd\/wp-content\/plugins\/jw-share-this\/twitter.png\" alt=\"Share this page via Twitter\" \/>\n<\/a>\n<\/div>\n","protected":false},"excerpt":{"rendered":"<p>La URTF lo inform\u00f3 oficialmente a trav\u00e9s de un comunicado. La nevada que comenz\u00f3 este s\u00e1bado a la madrugada en la capital sumado a la alerta amarilla por fuertes vientos (con r\u00e1fagas de 100 kil\u00f3metros en el norte de la isla y 90 en Ushuaia) motivaron la decisi\u00f3n. Desde LBD compartimos la informaci\u00f3n del rugby &hellip; <a href=\"https:\/\/labestiadeportiva.com\/lbd\/el-viento-y-la-nieve-pararon-al-rugby\/\" class=\"more-link\">Seguir leyendo <span class=\"screen-reader-text\">El viento y la nieve pararon al rugby<\/span> <span class=\"meta-nav\">&rarr;<\/span><\/a><\/p>\n","protected":false},"author":1,"featured_media":40061,"comment_status":"open","ping_status":"open","sticky":false,"template":"","format":"standard","meta":[],"categories":[5,1,2461],"tags":[3323,107,1527],"_links":{"self":[{"href":"https:\/\/labestiadeportiva.com\/lbd\/wp-json\/wp\/v2\/posts\/40060"}],"collection":[{"href":"https:\/\/labestiadeportiva.com\/lbd\/wp-json\/wp\/v2\/posts"}],"about":[{"href":"https:\/\/labestiadeportiva.com\/lbd\/wp-json\/wp\/v2\/types\/post"}],"author":[{"embeddable":true,"href":"https:\/\/labestiadeportiva.com\/lbd\/wp-json\/wp\/v2\/users\/1"}],"replies":[{"embeddable":true,"href":"https:\/\/labestiadeportiva.com\/lbd\/wp-json\/wp\/v2\/comments?post=40060"}],"version-history":[{"count":2,"href":"https:\/\/labestiadeportiva.com\/lbd\/wp-json\/wp\/v2\/posts\/40060\/revisions"}],"predecessor-version":[{"id":40064,"href":"https:\/\/labestiadeportiva.com\/lbd\/wp-json\/wp\/v2\/posts\/40060\/revisions\/40064"}],"wp:featuredmedia":[{"embeddable":true,"href":"https:\/\/labestiadeportiva.com\/lbd\/wp-json\/wp\/v2\/media\/40061"}],"wp:attachment":[{"href":"https:\/\/labestiadeportiva.com\/lbd\/wp-json\/wp\/v2\/media?parent=40060"}],"wp:term":[{"taxonomy":"category","embeddable":true,"href":"https:\/\/labestiadeportiva.com\/lbd\/wp-json\/wp\/v2\/categories?post=40060"},{"taxonomy":"post_tag","embeddable":true,"href":"https:\/\/labestiadeportiva.com\/lbd\/wp-json\/wp\/v2\/tags?post=40060"}],"curies":[{"name":"wp","href":"https:\/\/api.w.org\/{rel}","templated":true}]}}