{"id":40383,"date":"2021-11-18T17:17:03","date_gmt":"2021-11-18T20:17:03","guid":{"rendered":"http:\/\/labestiadeportiva.com\/lbd\/?p=40383"},"modified":"2021-11-18T17:30:59","modified_gmt":"2021-11-18T20:30:59","slug":"40383","status":"publish","type":"post","link":"https:\/\/labestiadeportiva.com\/lbd\/40383\/","title":{"rendered":"\u00abCreemos que este a\u00f1o va a ser una fiesta con may\u00fasculas\u00bb (Audio)"},"content":{"rendered":"<p><a href=\"http:\/\/labestiadeportiva.com\/lbd\/wp-content\/uploads\/2021\/11\/IMG-20211118-WA00802.jpg\"><img loading=\"lazy\" src=\"http:\/\/labestiadeportiva.com\/lbd\/wp-content\/uploads\/2021\/11\/IMG-20211118-WA00802.jpg\" alt=\"IMG-20211118-WA0080~2\" width=\"654\" height=\"648\" class=\"aligncenter size-full wp-image-40385\" srcset=\"https:\/\/labestiadeportiva.com\/lbd\/wp-content\/uploads\/2021\/11\/IMG-20211118-WA00802.jpg 654w, https:\/\/labestiadeportiva.com\/lbd\/wp-content\/uploads\/2021\/11\/IMG-20211118-WA00802-150x150.jpg 150w, https:\/\/labestiadeportiva.com\/lbd\/wp-content\/uploads\/2021\/11\/IMG-20211118-WA00802-300x297.jpg 300w, https:\/\/labestiadeportiva.com\/lbd\/wp-content\/uploads\/2021\/11\/IMG-20211118-WA00802-640x634.jpg 640w\" sizes=\"(max-width: 654px) 100vw, 654px\" \/><\/a><\/p>\n<p>El pr\u00f3ximo s\u00e1bado el URC realizar\u00e1 la 17\u00b0 edici\u00f3n del Encuentro Infanto Juvenil \u00abSantiago Lima\u00bb. El referente \u00abTricolor\u00bb Alcides Acosta nos di\u00f3 detalles del evento que se realizar\u00e1 en la cancha principal de la instituci\u00f3n. <\/p>\n<p>Compartimos la entrevista lograda este jueves en la 94.1 FM del Sur.<!--more--><\/p>\n<p><iframe loading=\"lazy\" width=\"560\" height=\"315\" src=\"https:\/\/www.youtube.com\/embed\/CZGc7bXsnEY\" title=\"YouTube video player\" frameborder=\"0\" allow=\"accelerometer; autoplay; clipboard-write; encrypted-media; gyroscope; picture-in-picture\" allowfullscreen><\/iframe><\/p>\n<div class='epvc-post-count'><span class='epvc-eye'><\/span>  <span class=\"epvc-count\"> 1.069<\/span><span class='epvc-label'> veces le\u00edda<\/span><\/div>\n<div class=\"jwsharethis\">\nShare this: \n<br \/>\n<a href=\"mailto:?subject=%C2%ABCreemos%20que%20este%20a%C3%B1o%20va%20a%20ser%20una%20fiesta%20con%20may%C3%BAsculas%C2%BB%20%28Audio%29&amp;body=https%3A%2F%2Flabestiadeportiva.com%2Flbd%2F40383%2F\">\n<img src=\"https:\/\/labestiadeportiva.com\/lbd\/wp-content\/plugins\/jw-share-this\/email.png\" alt=\"Share this page via Email\" \/>\n<\/a>\n<a target=\"_blank\" href=\"http:\/\/www.stumbleupon.com\/submit?url=https%3A%2F%2Flabestiadeportiva.com%2Flbd%2F40383%2F&amp;title=%C2%ABCreemos+que+este+a%C3%B1o+va+a+ser+una+fiesta+con+may%C3%BAsculas%C2%BB+%28Audio%29\">\n<img src=\"https:\/\/labestiadeportiva.com\/lbd\/wp-content\/plugins\/jw-share-this\/su.png\" alt=\"Share this page via Stumble Upon\" \/>\n<\/a>\n<a target=\"_blank\" href=\"http:\/\/digg.com\/submit?url=https%3A%2F%2Flabestiadeportiva.com%2Flbd%2F40383%2F&amp;title=%C2%ABCreemos+que+este+a%C3%B1o+va+a+ser+una+fiesta+con+may%C3%BAsculas%C2%BB+%28Audio%29\">\n<img src=\"https:\/\/labestiadeportiva.com\/lbd\/wp-content\/plugins\/jw-share-this\/digg.png\" alt=\"Share this page via Digg this\" \/>\n<\/a>\n<a target=\"_blank\" href=\"http:\/\/www.facebook.com\/sharer.php?u=https%3A%2F%2Flabestiadeportiva.com%2Flbd%2F40383%2F&amp;t=%C2%ABCreemos+que+este+a%C3%B1o+va+a+ser+una+fiesta+con+may%C3%BAsculas%C2%BB+%28Audio%29\">\n<img src=\"https:\/\/labestiadeportiva.com\/lbd\/wp-content\/plugins\/jw-share-this\/fb.png\" alt=\"Share this page via Facebook\" \/>\n<\/a>\n<a target=\"_blank\" href=\"http:\/\/twitter.com\/intent\/tweet?text=I+like+https%3A%2F%2Flabestiadeportiva.com%2Flbd%2F40383%2F&amp;title=%C2%ABCreemos+que+este+a%C3%B1o+va+a+ser+una+fiesta+con+may%C3%BAsculas%C2%BB+%28Audio%29\">\n<img src=\"https:\/\/labestiadeportiva.com\/lbd\/wp-content\/plugins\/jw-share-this\/twitter.png\" alt=\"Share this page via Twitter\" \/>\n<\/a>\n<\/div>\n","protected":false},"excerpt":{"rendered":"<p>El pr\u00f3ximo s\u00e1bado el URC realizar\u00e1 la 17\u00b0 edici\u00f3n del Encuentro Infanto Juvenil \u00abSantiago Lima\u00bb. El referente \u00abTricolor\u00bb Alcides Acosta nos di\u00f3 detalles del evento que se realizar\u00e1 en la cancha principal de la instituci\u00f3n. Compartimos la entrevista lograda este jueves en la 94.1 FM del Sur. 1.069 veces le\u00edda Share this:<\/p>\n","protected":false},"author":1,"featured_media":40385,"comment_status":"open","ping_status":"open","sticky":false,"template":"","format":"standard","meta":[],"categories":[5,4639,60,1,2632],"tags":[],"_links":{"self":[{"href":"https:\/\/labestiadeportiva.com\/lbd\/wp-json\/wp\/v2\/posts\/40383"}],"collection":[{"href":"https:\/\/labestiadeportiva.com\/lbd\/wp-json\/wp\/v2\/posts"}],"about":[{"href":"https:\/\/labestiadeportiva.com\/lbd\/wp-json\/wp\/v2\/types\/post"}],"author":[{"embeddable":true,"href":"https:\/\/labestiadeportiva.com\/lbd\/wp-json\/wp\/v2\/users\/1"}],"replies":[{"embeddable":true,"href":"https:\/\/labestiadeportiva.com\/lbd\/wp-json\/wp\/v2\/comments?post=40383"}],"version-history":[{"count":3,"href":"https:\/\/labestiadeportiva.com\/lbd\/wp-json\/wp\/v2\/posts\/40383\/revisions"}],"predecessor-version":[{"id":40387,"href":"https:\/\/labestiadeportiva.com\/lbd\/wp-json\/wp\/v2\/posts\/40383\/revisions\/40387"}],"wp:featuredmedia":[{"embeddable":true,"href":"https:\/\/labestiadeportiva.com\/lbd\/wp-json\/wp\/v2\/media\/40385"}],"wp:attachment":[{"href":"https:\/\/labestiadeportiva.com\/lbd\/wp-json\/wp\/v2\/media?parent=40383"}],"wp:term":[{"taxonomy":"category","embeddable":true,"href":"https:\/\/labestiadeportiva.com\/lbd\/wp-json\/wp\/v2\/categories?post=40383"},{"taxonomy":"post_tag","embeddable":true,"href":"https:\/\/labestiadeportiva.com\/lbd\/wp-json\/wp\/v2\/tags?post=40383"}],"curies":[{"name":"wp","href":"https:\/\/api.w.org\/{rel}","templated":true}]}}