{"id":40763,"date":"2022-01-02T22:27:48","date_gmt":"2022-01-03T01:27:48","guid":{"rendered":"http:\/\/labestiadeportiva.com\/lbd\/?p=40763"},"modified":"2022-01-02T22:27:48","modified_gmt":"2022-01-03T01:27:48","slug":"al-attiyah-reina-en-el-caos","status":"publish","type":"post","link":"https:\/\/labestiadeportiva.com\/lbd\/al-attiyah-reina-en-el-caos\/","title":{"rendered":"Al Attiyah reina en el caos"},"content":{"rendered":"<p>Por Daniel Campos (Corresponsal LBD en Palma de Mallorca, Espa\u00f1a)<\/p>\n<p><a href=\"http:\/\/labestiadeportiva.com\/lbd\/wp-content\/uploads\/2022\/01\/nasser-201.jpg\"><img loading=\"lazy\" src=\"http:\/\/labestiadeportiva.com\/lbd\/wp-content\/uploads\/2022\/01\/nasser-201.jpg\" alt=\"nasser 201\" width=\"1200\" height=\"675\" class=\"aligncenter size-full wp-image-40764\" srcset=\"https:\/\/labestiadeportiva.com\/lbd\/wp-content\/uploads\/2022\/01\/nasser-201.jpg 1200w, https:\/\/labestiadeportiva.com\/lbd\/wp-content\/uploads\/2022\/01\/nasser-201-300x169.jpg 300w, https:\/\/labestiadeportiva.com\/lbd\/wp-content\/uploads\/2022\/01\/nasser-201-1024x576.jpg 1024w, https:\/\/labestiadeportiva.com\/lbd\/wp-content\/uploads\/2022\/01\/nasser-201-640x360.jpg 640w\" sizes=\"(max-width: 1200px) 100vw, 1200px\" \/><\/a><br \/>\nEl piloto del equipo Toyota Gazoo Racing se impuso en la primera etapa del Rally Dakar que se disputa en Arabia Saudita, donde la m\u00e1xima dificultad a la que se enfrentaron la mayor\u00eda de pilotos, ha sido la navegaci\u00f3n. <!--more--><\/p>\n<p>En una etapa cronometrada de 333 kil\u00f3metros de recorrido, muchos competidores, cerca del kil\u00f3metro 258 no pudieron encontrar un way point de control. <\/p>\n<p>En el apartado de coches y motos, las dificultades se han sumado a varios problemas mec\u00e1nicos. <\/p>\n<p>El vencedor del a\u00f1o pasado, Peterhansel, sufri\u00f3 un fuerte golpe con una roca y arranc\u00f3 el tren trasero de su Audi, cayendo hasta la 14\u00ba posici\u00f3n en la clasificaci\u00f3n general, dando as\u00ed por perdida toda opci\u00f3n de triunfo. <\/p>\n<p>Mientras su compa\u00f1ero de equipo, el espa\u00f1ol Carlos Sainz, perdi\u00f3 dos horas con respecto al l\u00edder de la general, y tambi\u00e9n ve muy complicado luchar por la victoria. <\/p>\n<p><a href=\"http:\/\/labestiadeportiva.com\/lbd\/wp-content\/uploads\/2022\/01\/rally-dakar-2022-etapa-1a-motos-2.jpg\"><img loading=\"lazy\" src=\"http:\/\/labestiadeportiva.com\/lbd\/wp-content\/uploads\/2022\/01\/rally-dakar-2022-etapa-1a-motos-2.jpg\" alt=\"rally-dakar-2022-etapa-1a-motos-2\" width=\"1440\" height=\"845\" class=\"aligncenter size-full wp-image-40765\" srcset=\"https:\/\/labestiadeportiva.com\/lbd\/wp-content\/uploads\/2022\/01\/rally-dakar-2022-etapa-1a-motos-2.jpg 1440w, https:\/\/labestiadeportiva.com\/lbd\/wp-content\/uploads\/2022\/01\/rally-dakar-2022-etapa-1a-motos-2-300x176.jpg 300w, https:\/\/labestiadeportiva.com\/lbd\/wp-content\/uploads\/2022\/01\/rally-dakar-2022-etapa-1a-motos-2-1024x601.jpg 1024w, https:\/\/labestiadeportiva.com\/lbd\/wp-content\/uploads\/2022\/01\/rally-dakar-2022-etapa-1a-motos-2-640x376.jpg 640w\" sizes=\"(max-width: 1440px) 100vw, 1440px\" \/><\/a><br \/>\nEn dos ruedas, se confirma el buen andar del australiano Daniel Sanders del Gasgas Racing Team, quien suma sus segunda victoria de etapa, venciendo tambi\u00e9n en el pr\u00f3logo, y demostrando su gran progresi\u00f3n. <\/p>\n<p>Recordemos que en su debut en este rally, acab\u00f3 cuarto y en este 2022 quiere sumar su primer entorchado en el desierto. <\/p>\n<p>En Quads, el lituano Laisvydas Kancius sac\u00f3 partido del caos producido por los fallos en navegaci\u00f3n de los principales candidatos, y lleg\u00f3 primero a la meta de la Ha\u00b4il, donde la representaci\u00f3n argentina tuvo suerte dispar, por ejemplo Manuel Andujar tuvo problemas con el inyector de quads y cay\u00f3 hasta la d\u00e9cima posici\u00f3n en la general. <\/p>\n<p>En la categor\u00eda que re\u00fane a los buggies, en SxS, la dupla polaca Domzala-Marton con un Can \u2013Am, cumplimentaron la etapa en cuatro horas y media. <\/p>\n<p>Los reyes del desierto, los camiones siguen dando espect\u00e1culo y el equipo oficial ruso, Kamaz dominan un a\u00f1o m\u00e1s, Dmitry Sotnikov a los mandos del cami\u00f3n n\u00famero 500, tras poco m\u00e1s de seis horas, cruz\u00f3 la l\u00ednea de meta de la etapa bucle de Ha\u00b4il.<\/p>\n<p>La segunda etapa que tendr\u00e1 lugar este lunes, llega a las dunas, en un recorrido total de 568 kil\u00f3metros, con un especial cronometrado de 338. <\/p>\n<p>Estaba previsto que ser\u00eda la primera etapa marat\u00f3n sin asistencia pero debido las condiciones meteorol\u00f3gicas ha sido cancelada.   <\/p>\n<p><a href=\"http:\/\/labestiadeportiva.com\/lbd\/wp-content\/uploads\/2022\/01\/peter-2022.jpg\"><img loading=\"lazy\" src=\"http:\/\/labestiadeportiva.com\/lbd\/wp-content\/uploads\/2022\/01\/peter-2022.jpg\" alt=\"peter 2022\" width=\"1000\" height=\"667\" class=\"aligncenter size-full wp-image-40766\" srcset=\"https:\/\/labestiadeportiva.com\/lbd\/wp-content\/uploads\/2022\/01\/peter-2022.jpg 1000w, https:\/\/labestiadeportiva.com\/lbd\/wp-content\/uploads\/2022\/01\/peter-2022-300x200.jpg 300w, https:\/\/labestiadeportiva.com\/lbd\/wp-content\/uploads\/2022\/01\/peter-2022-640x427.jpg 640w\" sizes=\"(max-width: 1000px) 100vw, 1000px\" \/><\/a><\/p>\n<p>Coches<br \/>\n1\u00ba Nasser Al-Attiyah-Toyota  03:30:53<br \/>\n2\u00ba S. Loeb-Prodrive  a 12:44<br \/>\n3\u00ba M. Prokop \u2013 Ford  a 22:39<br \/>\n4\u00ba L. E. \u00c1lvarez \u2013Toyota  a 27:42<br \/>\n6\u00ba S. Halpern-Mini  a 29:37<br \/>\n12\u00ba O. Terranova-Bahrain Raid a 49:24<br \/>\n14\u00ba J. Yacopini-Toyota  a 55:22 <\/p>\n<p>Motos<br \/>\n1\u00ba D. Sanders-Gasgas   4:38:40<br \/>\n2\u00ba P. Quintanilla-Honda  a 3:07<br \/>\n3\u00ba M. Walkner-KTM   a 11:06<br \/>\n14\u00ba K. Benavides-KTM   a 36:22<br \/>\n32\u00ba D. G. Llanos-X Raids Team  a 58:01<br \/>\n38\u00ba L. Benavides-Husqvarna  a 1:03:31<br \/>\n52\u00ba D. Noras-Husqvarna      a 1:37:17<br \/>\n61\u00ba J. D. Taruseli-X Raids Team a 1:53:30<br \/>\n137\u00ba M. Notti-Man Team           a 4:13:27<\/p>\n<p>Quads<br \/>\n1\u00ba L. Kancius-Yamaha   6:15:37<br \/>\n2\u00ba G. Enrico-Yamaha    a 6:10<br \/>\n3\u00ba P. Coppetti-Yamaha  a 9:36<br \/>\n4\u00ba F. Moreno-Yamaha    a 23:42<br \/>\n10\u00ba M. Andujar-Yamaha  a 41:59<br \/>\n13\u00ba C. Verza-Yamaha    a 2:44:51<\/p>\n<p>SXS<br \/>\n1\u00ba Domzala-Marton-Can- Am   4:37:26<br \/>\n2\u00ba Jones-Gugelmin-Can- Am   a 01:58<br \/>\n3\u00ba Oliveira-Justo-Can- Am   a 04:02<br \/>\n10\u00ba Zille-Cesana-Can-Am     a 49:54<br \/>\n23\u00ba Brabeck-Sasso-Team Casteu a 1:37 <\/p>\n<p>Camiones<br \/>\n1\u00ba D. Sotnikov-Kamaz   4:06:22<br \/>\n2\u00ba E. Nikolaev-Kam     a 0:31<br \/>\n3\u00ba A. Loprais-Prag     a 9:58<br \/>\n26\u00ba Pato Silva-Puma Energy Team a 3:32:28  <\/p>\n<div class='epvc-post-count'><span class='epvc-eye'><\/span>  <span class=\"epvc-count\"> 1.036<\/span><span class='epvc-label'> veces le\u00edda<\/span><\/div>\n<div class=\"jwsharethis\">\nShare this: \n<br \/>\n<a href=\"mailto:?subject=Al%20Attiyah%20reina%20en%20el%20caos&amp;body=https%3A%2F%2Flabestiadeportiva.com%2Flbd%2Fal-attiyah-reina-en-el-caos%2F\">\n<img src=\"https:\/\/labestiadeportiva.com\/lbd\/wp-content\/plugins\/jw-share-this\/email.png\" alt=\"Share this page via Email\" \/>\n<\/a>\n<a target=\"_blank\" href=\"http:\/\/www.stumbleupon.com\/submit?url=https%3A%2F%2Flabestiadeportiva.com%2Flbd%2Fal-attiyah-reina-en-el-caos%2F&amp;title=Al+Attiyah+reina+en+el+caos\">\n<img src=\"https:\/\/labestiadeportiva.com\/lbd\/wp-content\/plugins\/jw-share-this\/su.png\" alt=\"Share this page via Stumble Upon\" \/>\n<\/a>\n<a target=\"_blank\" href=\"http:\/\/digg.com\/submit?url=https%3A%2F%2Flabestiadeportiva.com%2Flbd%2Fal-attiyah-reina-en-el-caos%2F&amp;title=Al+Attiyah+reina+en+el+caos\">\n<img src=\"https:\/\/labestiadeportiva.com\/lbd\/wp-content\/plugins\/jw-share-this\/digg.png\" alt=\"Share this page via Digg this\" \/>\n<\/a>\n<a target=\"_blank\" href=\"http:\/\/www.facebook.com\/sharer.php?u=https%3A%2F%2Flabestiadeportiva.com%2Flbd%2Fal-attiyah-reina-en-el-caos%2F&amp;t=Al+Attiyah+reina+en+el+caos\">\n<img src=\"https:\/\/labestiadeportiva.com\/lbd\/wp-content\/plugins\/jw-share-this\/fb.png\" alt=\"Share this page via Facebook\" \/>\n<\/a>\n<a target=\"_blank\" href=\"http:\/\/twitter.com\/intent\/tweet?text=I+like+https%3A%2F%2Flabestiadeportiva.com%2Flbd%2Fal-attiyah-reina-en-el-caos%2F&amp;title=Al+Attiyah+reina+en+el+caos\">\n<img src=\"https:\/\/labestiadeportiva.com\/lbd\/wp-content\/plugins\/jw-share-this\/twitter.png\" alt=\"Share this page via Twitter\" \/>\n<\/a>\n<\/div>\n","protected":false},"excerpt":{"rendered":"<p>Por Daniel Campos (Corresponsal LBD en Palma de Mallorca, Espa\u00f1a) El piloto del equipo Toyota Gazoo Racing se impuso en la primera etapa del Rally Dakar que se disputa en Arabia Saudita, donde la m\u00e1xima dificultad a la que se enfrentaron la mayor\u00eda de pilotos, ha sido la navegaci\u00f3n. 1.036 veces le\u00edda Share this:<\/p>\n","protected":false},"author":1,"featured_media":40764,"comment_status":"open","ping_status":"open","sticky":false,"template":"","format":"standard","meta":[],"categories":[2176,4687,4,1],"tags":[2045,154,256,3660],"_links":{"self":[{"href":"https:\/\/labestiadeportiva.com\/lbd\/wp-json\/wp\/v2\/posts\/40763"}],"collection":[{"href":"https:\/\/labestiadeportiva.com\/lbd\/wp-json\/wp\/v2\/posts"}],"about":[{"href":"https:\/\/labestiadeportiva.com\/lbd\/wp-json\/wp\/v2\/types\/post"}],"author":[{"embeddable":true,"href":"https:\/\/labestiadeportiva.com\/lbd\/wp-json\/wp\/v2\/users\/1"}],"replies":[{"embeddable":true,"href":"https:\/\/labestiadeportiva.com\/lbd\/wp-json\/wp\/v2\/comments?post=40763"}],"version-history":[{"count":1,"href":"https:\/\/labestiadeportiva.com\/lbd\/wp-json\/wp\/v2\/posts\/40763\/revisions"}],"predecessor-version":[{"id":40767,"href":"https:\/\/labestiadeportiva.com\/lbd\/wp-json\/wp\/v2\/posts\/40763\/revisions\/40767"}],"wp:featuredmedia":[{"embeddable":true,"href":"https:\/\/labestiadeportiva.com\/lbd\/wp-json\/wp\/v2\/media\/40764"}],"wp:attachment":[{"href":"https:\/\/labestiadeportiva.com\/lbd\/wp-json\/wp\/v2\/media?parent=40763"}],"wp:term":[{"taxonomy":"category","embeddable":true,"href":"https:\/\/labestiadeportiva.com\/lbd\/wp-json\/wp\/v2\/categories?post=40763"},{"taxonomy":"post_tag","embeddable":true,"href":"https:\/\/labestiadeportiva.com\/lbd\/wp-json\/wp\/v2\/tags?post=40763"}],"curies":[{"name":"wp","href":"https:\/\/api.w.org\/{rel}","templated":true}]}}