{"id":40833,"date":"2022-01-10T16:27:27","date_gmt":"2022-01-10T19:27:27","guid":{"rendered":"http:\/\/labestiadeportiva.com\/lbd\/?p=40833"},"modified":"2022-01-10T16:27:27","modified_gmt":"2022-01-10T19:27:27","slug":"mercado-de-verano","status":"publish","type":"post","link":"https:\/\/labestiadeportiva.com\/lbd\/mercado-de-verano\/","title":{"rendered":"Mercado de verano"},"content":{"rendered":"<p>Por Javier Nicol\u00e1s Baroli (Corresponsal LBD en R\u00edo Gallegos)<\/p>\n<p><a href=\"http:\/\/labestiadeportiva.com\/lbd\/wp-content\/uploads\/2022\/01\/IMG-20220110-WA0063.jpg\"><img loading=\"lazy\" src=\"http:\/\/labestiadeportiva.com\/lbd\/wp-content\/uploads\/2022\/01\/IMG-20220110-WA0063.jpg\" alt=\"IMG-20220110-WA0063\" width=\"1080\" height=\"1352\" class=\"aligncenter size-full wp-image-40834\" srcset=\"https:\/\/labestiadeportiva.com\/lbd\/wp-content\/uploads\/2022\/01\/IMG-20220110-WA0063.jpg 1080w, https:\/\/labestiadeportiva.com\/lbd\/wp-content\/uploads\/2022\/01\/IMG-20220110-WA0063-240x300.jpg 240w, https:\/\/labestiadeportiva.com\/lbd\/wp-content\/uploads\/2022\/01\/IMG-20220110-WA0063-818x1024.jpg 818w, https:\/\/labestiadeportiva.com\/lbd\/wp-content\/uploads\/2022\/01\/IMG-20220110-WA0063-640x801.jpg 640w\" sizes=\"(max-width: 1080px) 100vw, 1080px\" \/><\/a><br \/>\nEl f\u00fatbol Argentino no se toma vacaciones. Pases, negociaciones y rumores de posibles llegadas, le ponen condimentos a la previa del inicio del torneo argentino. El resumen en LBD.<!--more--><\/p>\n<p>Sin descanso, el f\u00fatbol Argentino suma p\u00e1ginas en los distintos medios nacionales. Sin llegadas concretas pero con todas las miradas puestas en Europa, Boca Juniors va con todo en la b\u00fasqueda de \u00abPipa\u00bb Benedetto, actualmente en el Elche de Espa\u00f1a pero con deseo concreto de volver a nuestro pa\u00eds. <\/p>\n<p>No es sencillo pero desde el entorno Xeneize son optimistas. Otro de los que est\u00e1 al caer es el ex Independiente, Nicolas Figal que llegar\u00eda de la MLS. <\/p>\n<p>River Plate, \u00faltimo campe\u00f3n del f\u00fatbol argentino abroch\u00f3 la llegada de Tomas Pochettino, volante que viene de jugar en la MLS y previo a ello en Talleres de C\u00f3rdoba. Con la pol\u00edtica austera y certera de Marcelo Gallardo, se aguarda por la llegada de Juanfer Quinteros y de Emanuel Mammana. <\/p>\n<p>El Racing de Fernando Gago cerr\u00f3 la llegada de Edwin Cardona, convirti\u00e9ndose en uno de los grandes refuerzos del mercado de pases. Se hizo uso de la opci\u00f3n por Copetti y Chancalay y se espera por la llegada de alg\u00fan volante central o un centro delantero. <\/p>\n<p>Independiente concret\u00f3 la llegada de Eduardo Dom\u00ednguez como Entrenador, quien llega proveniente de Colon de Santa Fe. Se aguarda la llegada de jugadores que se ve demorada por el complejo escenario econ\u00f3mico del club.<\/p>\n<div class='epvc-post-count'><span class='epvc-eye'><\/span>  <span class=\"epvc-count\"> 1.345<\/span><span class='epvc-label'> veces le\u00edda<\/span><\/div>\n<div class=\"jwsharethis\">\nShare this: \n<br \/>\n<a href=\"mailto:?subject=Mercado%20de%20verano&amp;body=https%3A%2F%2Flabestiadeportiva.com%2Flbd%2Fmercado-de-verano%2F\">\n<img src=\"https:\/\/labestiadeportiva.com\/lbd\/wp-content\/plugins\/jw-share-this\/email.png\" alt=\"Share this page via Email\" \/>\n<\/a>\n<a target=\"_blank\" href=\"http:\/\/www.stumbleupon.com\/submit?url=https%3A%2F%2Flabestiadeportiva.com%2Flbd%2Fmercado-de-verano%2F&amp;title=Mercado+de+verano\">\n<img src=\"https:\/\/labestiadeportiva.com\/lbd\/wp-content\/plugins\/jw-share-this\/su.png\" alt=\"Share this page via Stumble Upon\" \/>\n<\/a>\n<a target=\"_blank\" href=\"http:\/\/digg.com\/submit?url=https%3A%2F%2Flabestiadeportiva.com%2Flbd%2Fmercado-de-verano%2F&amp;title=Mercado+de+verano\">\n<img src=\"https:\/\/labestiadeportiva.com\/lbd\/wp-content\/plugins\/jw-share-this\/digg.png\" alt=\"Share this page via Digg this\" \/>\n<\/a>\n<a target=\"_blank\" href=\"http:\/\/www.facebook.com\/sharer.php?u=https%3A%2F%2Flabestiadeportiva.com%2Flbd%2Fmercado-de-verano%2F&amp;t=Mercado+de+verano\">\n<img src=\"https:\/\/labestiadeportiva.com\/lbd\/wp-content\/plugins\/jw-share-this\/fb.png\" alt=\"Share this page via Facebook\" \/>\n<\/a>\n<a target=\"_blank\" href=\"http:\/\/twitter.com\/intent\/tweet?text=I+like+https%3A%2F%2Flabestiadeportiva.com%2Flbd%2Fmercado-de-verano%2F&amp;title=Mercado+de+verano\">\n<img src=\"https:\/\/labestiadeportiva.com\/lbd\/wp-content\/plugins\/jw-share-this\/twitter.png\" alt=\"Share this page via Twitter\" \/>\n<\/a>\n<\/div>\n","protected":false},"excerpt":{"rendered":"<p>Por Javier Nicol\u00e1s Baroli (Corresponsal LBD en R\u00edo Gallegos) El f\u00fatbol Argentino no se toma vacaciones. Pases, negociaciones y rumores de posibles llegadas, le ponen condimentos a la previa del inicio del torneo argentino. El resumen en LBD. 1.345 veces le\u00edda Share this:<\/p>\n","protected":false},"author":1,"featured_media":0,"comment_status":"open","ping_status":"open","sticky":false,"template":"","format":"standard","meta":[],"categories":[6,1987,1],"tags":[17,3894,3660,798],"_links":{"self":[{"href":"https:\/\/labestiadeportiva.com\/lbd\/wp-json\/wp\/v2\/posts\/40833"}],"collection":[{"href":"https:\/\/labestiadeportiva.com\/lbd\/wp-json\/wp\/v2\/posts"}],"about":[{"href":"https:\/\/labestiadeportiva.com\/lbd\/wp-json\/wp\/v2\/types\/post"}],"author":[{"embeddable":true,"href":"https:\/\/labestiadeportiva.com\/lbd\/wp-json\/wp\/v2\/users\/1"}],"replies":[{"embeddable":true,"href":"https:\/\/labestiadeportiva.com\/lbd\/wp-json\/wp\/v2\/comments?post=40833"}],"version-history":[{"count":1,"href":"https:\/\/labestiadeportiva.com\/lbd\/wp-json\/wp\/v2\/posts\/40833\/revisions"}],"predecessor-version":[{"id":40835,"href":"https:\/\/labestiadeportiva.com\/lbd\/wp-json\/wp\/v2\/posts\/40833\/revisions\/40835"}],"wp:attachment":[{"href":"https:\/\/labestiadeportiva.com\/lbd\/wp-json\/wp\/v2\/media?parent=40833"}],"wp:term":[{"taxonomy":"category","embeddable":true,"href":"https:\/\/labestiadeportiva.com\/lbd\/wp-json\/wp\/v2\/categories?post=40833"},{"taxonomy":"post_tag","embeddable":true,"href":"https:\/\/labestiadeportiva.com\/lbd\/wp-json\/wp\/v2\/tags?post=40833"}],"curies":[{"name":"wp","href":"https:\/\/api.w.org\/{rel}","templated":true}]}}