{"id":40904,"date":"2022-01-16T12:35:58","date_gmt":"2022-01-16T15:35:58","guid":{"rendered":"http:\/\/labestiadeportiva.com\/lbd\/?p=40904"},"modified":"2022-01-16T12:39:51","modified_gmt":"2022-01-16T15:39:51","slug":"fin-de-la-novela","status":"publish","type":"post","link":"https:\/\/labestiadeportiva.com\/lbd\/fin-de-la-novela\/","title":{"rendered":"Fin de la novela"},"content":{"rendered":"<p>Por Javier Nicol\u00e1s Baroli (Corresponsal LBD en R\u00edo Gallegos)<\/p>\n<p><a href=\"http:\/\/labestiadeportiva.com\/lbd\/wp-content\/uploads\/2022\/01\/Screenshot_20220116-1238143.png\"><img loading=\"lazy\" src=\"http:\/\/labestiadeportiva.com\/lbd\/wp-content\/uploads\/2022\/01\/Screenshot_20220116-1238143.png\" alt=\"Screenshot_20220116-123814~3\" width=\"720\" height=\"472\" class=\"aligncenter size-full wp-image-40906\" srcset=\"https:\/\/labestiadeportiva.com\/lbd\/wp-content\/uploads\/2022\/01\/Screenshot_20220116-1238143.png 720w, https:\/\/labestiadeportiva.com\/lbd\/wp-content\/uploads\/2022\/01\/Screenshot_20220116-1238143-300x197.png 300w, https:\/\/labestiadeportiva.com\/lbd\/wp-content\/uploads\/2022\/01\/Screenshot_20220116-1238143-640x420.png 640w\" sizes=\"(max-width: 720px) 100vw, 720px\" \/><\/a><br \/>\nEsc\u00e1ndalo mundial sin precedentes. Novak Djokovic perdi\u00f3 la batalla legal frente a Australia y fue deportado. La decisi\u00f3n fue tomada de manera un\u00e1nime por los tres jueces del Tribunal Federal, quienes analizaron el recurso presentado por la defensa del tenista.<!--more--><\/p>\n<p>La novela que tuvo en vilo al mundo lleg\u00f3 a su fin. Podr\u00edamos decir que fue derrota 6\/0 6\/0 para el Serbio ante la justicia de Australia. <\/p>\n<p>Es que el tenista no encontr\u00f3 lugar a su planteo ante la justicia de ese pa\u00eds por lo que\u00a0fue deportado y en el plano deportivo, no podr\u00e1 defender su t\u00edtulo en el Abierto de Australia. <\/p>\n<p>Seg\u00fan medios locales, el tenista\u00a0abandon\u00f3 el pa\u00eds en un vuelo con destino a Dub\u00e1i, operado por las aerol\u00ednea Emirates, que parti\u00f3 desde el aeropuerto de Tullamarine de Melbourne alrededor de las 22.50 hora local. <\/p>\n<p>Tras la desici\u00f3n un\u00e1nime de los tres miembros del jurado, Novak se\u00f1al\u00f3 estar \u201cprofundamente decepcionado\u201d por la cancelaci\u00f3n de su visado en Australia. Adem\u00e1s la justicia de ese pa\u00eds determin\u00f3 que Djokovic se enfrenta a una prohibici\u00f3n de regresar al pa\u00eds durante tres a\u00f1os. <\/p>\n<p>En otro de los p\u00e1rrafos de la sentencia por parte del tribunal australiano se argument\u00f3 que Djokovic podr\u00eda \u201calentar a la gente a emularlo\u201d en la violaci\u00f3n de las medidas contra el Covid-19. <\/p>\n<p>Fin de una novela que puso en el tapete una discusi\u00f3n que corri\u00f3 de plano lo deportivo para reavivar un debate que, m\u00e1s all\u00e1 de las posiciones, debe adecuarse a las leyes de cada pa\u00eds como, al parecer, el Serbio no quiso hacer en Australia.<\/p>\n<div class='epvc-post-count'><span class='epvc-eye'><\/span>  <span class=\"epvc-count\"> 1.082<\/span><span class='epvc-label'> veces le\u00edda<\/span><\/div>\n<div class=\"jwsharethis\">\nShare this: \n<br \/>\n<a href=\"mailto:?subject=Fin%20de%20la%20novela&amp;body=https%3A%2F%2Flabestiadeportiva.com%2Flbd%2Ffin-de-la-novela%2F\">\n<img src=\"https:\/\/labestiadeportiva.com\/lbd\/wp-content\/plugins\/jw-share-this\/email.png\" alt=\"Share this page via Email\" \/>\n<\/a>\n<a target=\"_blank\" href=\"http:\/\/www.stumbleupon.com\/submit?url=https%3A%2F%2Flabestiadeportiva.com%2Flbd%2Ffin-de-la-novela%2F&amp;title=Fin+de+la+novela\">\n<img src=\"https:\/\/labestiadeportiva.com\/lbd\/wp-content\/plugins\/jw-share-this\/su.png\" alt=\"Share this page via Stumble Upon\" \/>\n<\/a>\n<a target=\"_blank\" href=\"http:\/\/digg.com\/submit?url=https%3A%2F%2Flabestiadeportiva.com%2Flbd%2Ffin-de-la-novela%2F&amp;title=Fin+de+la+novela\">\n<img src=\"https:\/\/labestiadeportiva.com\/lbd\/wp-content\/plugins\/jw-share-this\/digg.png\" alt=\"Share this page via Digg this\" \/>\n<\/a>\n<a target=\"_blank\" href=\"http:\/\/www.facebook.com\/sharer.php?u=https%3A%2F%2Flabestiadeportiva.com%2Flbd%2Ffin-de-la-novela%2F&amp;t=Fin+de+la+novela\">\n<img src=\"https:\/\/labestiadeportiva.com\/lbd\/wp-content\/plugins\/jw-share-this\/fb.png\" alt=\"Share this page via Facebook\" \/>\n<\/a>\n<a target=\"_blank\" href=\"http:\/\/twitter.com\/intent\/tweet?text=I+like+https%3A%2F%2Flabestiadeportiva.com%2Flbd%2Ffin-de-la-novela%2F&amp;title=Fin+de+la+novela\">\n<img src=\"https:\/\/labestiadeportiva.com\/lbd\/wp-content\/plugins\/jw-share-this\/twitter.png\" alt=\"Share this page via Twitter\" \/>\n<\/a>\n<\/div>\n","protected":false},"excerpt":{"rendered":"<p>Por Javier Nicol\u00e1s Baroli (Corresponsal LBD en R\u00edo Gallegos) Esc\u00e1ndalo mundial sin precedentes. Novak Djokovic perdi\u00f3 la batalla legal frente a Australia y fue deportado. La decisi\u00f3n fue tomada de manera un\u00e1nime por los tres jueces del Tribunal Federal, quienes analizaron el recurso presentado por la defensa del tenista. 1.082 veces le\u00edda Share this:<\/p>\n","protected":false},"author":1,"featured_media":40906,"comment_status":"open","ping_status":"open","sticky":false,"template":"","format":"standard","meta":[],"categories":[4,1,39],"tags":[992,4228,3660,4835],"_links":{"self":[{"href":"https:\/\/labestiadeportiva.com\/lbd\/wp-json\/wp\/v2\/posts\/40904"}],"collection":[{"href":"https:\/\/labestiadeportiva.com\/lbd\/wp-json\/wp\/v2\/posts"}],"about":[{"href":"https:\/\/labestiadeportiva.com\/lbd\/wp-json\/wp\/v2\/types\/post"}],"author":[{"embeddable":true,"href":"https:\/\/labestiadeportiva.com\/lbd\/wp-json\/wp\/v2\/users\/1"}],"replies":[{"embeddable":true,"href":"https:\/\/labestiadeportiva.com\/lbd\/wp-json\/wp\/v2\/comments?post=40904"}],"version-history":[{"count":3,"href":"https:\/\/labestiadeportiva.com\/lbd\/wp-json\/wp\/v2\/posts\/40904\/revisions"}],"predecessor-version":[{"id":40908,"href":"https:\/\/labestiadeportiva.com\/lbd\/wp-json\/wp\/v2\/posts\/40904\/revisions\/40908"}],"wp:featuredmedia":[{"embeddable":true,"href":"https:\/\/labestiadeportiva.com\/lbd\/wp-json\/wp\/v2\/media\/40906"}],"wp:attachment":[{"href":"https:\/\/labestiadeportiva.com\/lbd\/wp-json\/wp\/v2\/media?parent=40904"}],"wp:term":[{"taxonomy":"category","embeddable":true,"href":"https:\/\/labestiadeportiva.com\/lbd\/wp-json\/wp\/v2\/categories?post=40904"},{"taxonomy":"post_tag","embeddable":true,"href":"https:\/\/labestiadeportiva.com\/lbd\/wp-json\/wp\/v2\/tags?post=40904"}],"curies":[{"name":"wp","href":"https:\/\/api.w.org\/{rel}","templated":true}]}}