{"id":40909,"date":"2022-01-18T12:22:22","date_gmt":"2022-01-18T15:22:22","guid":{"rendered":"http:\/\/labestiadeportiva.com\/lbd\/?p=40909"},"modified":"2022-01-18T13:09:46","modified_gmt":"2022-01-18T16:09:46","slug":"cerramos-el-primer-periodo-con-88-inscriptos-audio","status":"publish","type":"post","link":"https:\/\/labestiadeportiva.com\/lbd\/cerramos-el-primer-periodo-con-88-inscriptos-audio\/","title":{"rendered":"\u00abCerramos el primer per\u00edodo con 88 inscriptos\u00bb  (Audio)"},"content":{"rendered":"<p><a href=\"http:\/\/labestiadeportiva.com\/lbd\/wp-content\/uploads\/2022\/01\/FB_IMG_1642513723833.jpg\"><img loading=\"lazy\" src=\"http:\/\/labestiadeportiva.com\/lbd\/wp-content\/uploads\/2022\/01\/FB_IMG_1642513723833.jpg\" alt=\"FB_IMG_1642513723833\" width=\"720\" height=\"720\" class=\"aligncenter size-full wp-image-40911\" srcset=\"https:\/\/labestiadeportiva.com\/lbd\/wp-content\/uploads\/2022\/01\/FB_IMG_1642513723833.jpg 720w, https:\/\/labestiadeportiva.com\/lbd\/wp-content\/uploads\/2022\/01\/FB_IMG_1642513723833-150x150.jpg 150w, https:\/\/labestiadeportiva.com\/lbd\/wp-content\/uploads\/2022\/01\/FB_IMG_1642513723833-300x300.jpg 300w, https:\/\/labestiadeportiva.com\/lbd\/wp-content\/uploads\/2022\/01\/FB_IMG_1642513723833-640x640.jpg 640w\" sizes=\"(max-width: 720px) 100vw, 720px\" \/><\/a><br \/>\nContacto con Mario Palavecino, integrante de la Comisi\u00f3n Normalizadora del Moto Club RG. Reuniones de cara a la edici\u00f3n n\u00famero 38 de la VTDF que llegar\u00e1 el 24, 25, 26 y 27 de marzo. La segunda parte de las inscripciones ser\u00e1 el 10 y 11 de febrero con un valor de $20.000 por piloto.<\/p>\n<p>Compartimos la entrevista lograda este lunes en la 94.1 FM del Sur.<!--more--><\/p>\n<p><iframe loading=\"lazy\" width=\"560\" height=\"315\" src=\"https:\/\/www.youtube.com\/embed\/wRtwvwp8aaA\" title=\"YouTube video player\" frameborder=\"0\" allow=\"accelerometer; autoplay; clipboard-write; encrypted-media; gyroscope; picture-in-picture\" allowfullscreen><\/iframe><\/p>\n<div class='epvc-post-count'><span class='epvc-eye'><\/span>  <span class=\"epvc-count\"> 1.086<\/span><span class='epvc-label'> veces le\u00edda<\/span><\/div>\n<div class=\"jwsharethis\">\nShare this: \n<br \/>\n<a href=\"mailto:?subject=%C2%ABCerramos%20el%20primer%20per%C3%ADodo%20con%2088%20inscriptos%C2%BB%20%20%28Audio%29&amp;body=https%3A%2F%2Flabestiadeportiva.com%2Flbd%2Fcerramos-el-primer-periodo-con-88-inscriptos-audio%2F\">\n<img src=\"https:\/\/labestiadeportiva.com\/lbd\/wp-content\/plugins\/jw-share-this\/email.png\" alt=\"Share this page via Email\" \/>\n<\/a>\n<a target=\"_blank\" href=\"http:\/\/www.stumbleupon.com\/submit?url=https%3A%2F%2Flabestiadeportiva.com%2Flbd%2Fcerramos-el-primer-periodo-con-88-inscriptos-audio%2F&amp;title=%C2%ABCerramos+el+primer+per%C3%ADodo+con+88+inscriptos%C2%BB++%28Audio%29\">\n<img src=\"https:\/\/labestiadeportiva.com\/lbd\/wp-content\/plugins\/jw-share-this\/su.png\" alt=\"Share this page via Stumble Upon\" \/>\n<\/a>\n<a target=\"_blank\" href=\"http:\/\/digg.com\/submit?url=https%3A%2F%2Flabestiadeportiva.com%2Flbd%2Fcerramos-el-primer-periodo-con-88-inscriptos-audio%2F&amp;title=%C2%ABCerramos+el+primer+per%C3%ADodo+con+88+inscriptos%C2%BB++%28Audio%29\">\n<img src=\"https:\/\/labestiadeportiva.com\/lbd\/wp-content\/plugins\/jw-share-this\/digg.png\" alt=\"Share this page via Digg this\" \/>\n<\/a>\n<a target=\"_blank\" href=\"http:\/\/www.facebook.com\/sharer.php?u=https%3A%2F%2Flabestiadeportiva.com%2Flbd%2Fcerramos-el-primer-periodo-con-88-inscriptos-audio%2F&amp;t=%C2%ABCerramos+el+primer+per%C3%ADodo+con+88+inscriptos%C2%BB++%28Audio%29\">\n<img src=\"https:\/\/labestiadeportiva.com\/lbd\/wp-content\/plugins\/jw-share-this\/fb.png\" alt=\"Share this page via Facebook\" \/>\n<\/a>\n<a target=\"_blank\" href=\"http:\/\/twitter.com\/intent\/tweet?text=I+like+https%3A%2F%2Flabestiadeportiva.com%2Flbd%2Fcerramos-el-primer-periodo-con-88-inscriptos-audio%2F&amp;title=%C2%ABCerramos+el+primer+per%C3%ADodo+con+88+inscriptos%C2%BB++%28Audio%29\">\n<img src=\"https:\/\/labestiadeportiva.com\/lbd\/wp-content\/plugins\/jw-share-this\/twitter.png\" alt=\"Share this page via Twitter\" \/>\n<\/a>\n<\/div>\n","protected":false},"excerpt":{"rendered":"<p>Contacto con Mario Palavecino, integrante de la Comisi\u00f3n Normalizadora del Moto Club RG. Reuniones de cara a la edici\u00f3n n\u00famero 38 de la VTDF que llegar\u00e1 el 24, 25, 26 y 27 de marzo. La segunda parte de las inscripciones ser\u00e1 el 10 y 11 de febrero con un valor de $20.000 por piloto. Compartimos &hellip; <a href=\"https:\/\/labestiadeportiva.com\/lbd\/cerramos-el-primer-periodo-con-88-inscriptos-audio\/\" class=\"more-link\">Seguir leyendo <span class=\"screen-reader-text\">\u00abCerramos el primer per\u00edodo con 88 inscriptos\u00bb  (Audio)<\/span> <span class=\"meta-nav\">&rarr;<\/span><\/a><\/p>\n","protected":false},"author":1,"featured_media":0,"comment_status":"open","ping_status":"open","sticky":false,"template":"","format":"standard","meta":[],"categories":[5,6,60,2159,1,4706],"tags":[4707,71,4708,1362],"_links":{"self":[{"href":"https:\/\/labestiadeportiva.com\/lbd\/wp-json\/wp\/v2\/posts\/40909"}],"collection":[{"href":"https:\/\/labestiadeportiva.com\/lbd\/wp-json\/wp\/v2\/posts"}],"about":[{"href":"https:\/\/labestiadeportiva.com\/lbd\/wp-json\/wp\/v2\/types\/post"}],"author":[{"embeddable":true,"href":"https:\/\/labestiadeportiva.com\/lbd\/wp-json\/wp\/v2\/users\/1"}],"replies":[{"embeddable":true,"href":"https:\/\/labestiadeportiva.com\/lbd\/wp-json\/wp\/v2\/comments?post=40909"}],"version-history":[{"count":2,"href":"https:\/\/labestiadeportiva.com\/lbd\/wp-json\/wp\/v2\/posts\/40909\/revisions"}],"predecessor-version":[{"id":40912,"href":"https:\/\/labestiadeportiva.com\/lbd\/wp-json\/wp\/v2\/posts\/40909\/revisions\/40912"}],"wp:attachment":[{"href":"https:\/\/labestiadeportiva.com\/lbd\/wp-json\/wp\/v2\/media?parent=40909"}],"wp:term":[{"taxonomy":"category","embeddable":true,"href":"https:\/\/labestiadeportiva.com\/lbd\/wp-json\/wp\/v2\/categories?post=40909"},{"taxonomy":"post_tag","embeddable":true,"href":"https:\/\/labestiadeportiva.com\/lbd\/wp-json\/wp\/v2\/tags?post=40909"}],"curies":[{"name":"wp","href":"https:\/\/api.w.org\/{rel}","templated":true}]}}