{"id":40986,"date":"2022-02-01T13:12:01","date_gmt":"2022-02-01T16:12:01","guid":{"rendered":"http:\/\/labestiadeportiva.com\/lbd\/?p=40986"},"modified":"2022-02-01T13:24:59","modified_gmt":"2022-02-01T16:24:59","slug":"con-corte-de-ruta-y-auxilios-fijos-audio","status":"publish","type":"post","link":"https:\/\/labestiadeportiva.com\/lbd\/con-corte-de-ruta-y-auxilios-fijos-audio\/","title":{"rendered":"Con corte de ruta y auxilios fijos (Audio)"},"content":{"rendered":"<p><a href=\"http:\/\/labestiadeportiva.com\/lbd\/wp-content\/uploads\/2022\/02\/IMG-20220131-WA0043.jpg\"><img loading=\"lazy\" src=\"http:\/\/labestiadeportiva.com\/lbd\/wp-content\/uploads\/2022\/02\/IMG-20220131-WA0043.jpg\" alt=\"IMG-20220131-WA0043\" width=\"552\" height=\"1280\" class=\"aligncenter size-full wp-image-40989\" srcset=\"https:\/\/labestiadeportiva.com\/lbd\/wp-content\/uploads\/2022\/02\/IMG-20220131-WA0043.jpg 552w, https:\/\/labestiadeportiva.com\/lbd\/wp-content\/uploads\/2022\/02\/IMG-20220131-WA0043-129x300.jpg 129w, https:\/\/labestiadeportiva.com\/lbd\/wp-content\/uploads\/2022\/02\/IMG-20220131-WA0043-442x1024.jpg 442w\" sizes=\"(max-width: 552px) 100vw, 552px\" \/><\/a><br \/>\nContin\u00faan las reuniones de cara a la edici\u00f3n n\u00famero 38 de la VTDF. Desde LBD nos contactamos con uno de los integrantes de la Comisi\u00f3n Normalizadora del Moto Club RG, Lalo Melogno, qui\u00e9n nos puso al d\u00eda de las novedades de la competencia que llegar\u00e1 el 24,25,26 y 27 de marzo.<\/p>\n<p>Compartimos la entrevista lograda este lunes en la 94.1 FM del Sur.<!--more--><\/p>\n<p><iframe loading=\"lazy\" width=\"560\" height=\"315\" src=\"https:\/\/www.youtube.com\/embed\/PkTetrrX2hA\" title=\"YouTube video player\" frameborder=\"0\" allow=\"accelerometer; autoplay; clipboard-write; encrypted-media; gyroscope; picture-in-picture\" allowfullscreen><\/iframe><\/p>\n<div class='epvc-post-count'><span class='epvc-eye'><\/span>  <span class=\"epvc-count\"> 1.016<\/span><span class='epvc-label'> veces le\u00edda<\/span><\/div>\n<div class=\"jwsharethis\">\nShare this: \n<br \/>\n<a href=\"mailto:?subject=Con%20corte%20de%20ruta%20y%20auxilios%20fijos%20%28Audio%29&amp;body=https%3A%2F%2Flabestiadeportiva.com%2Flbd%2Fcon-corte-de-ruta-y-auxilios-fijos-audio%2F\">\n<img src=\"https:\/\/labestiadeportiva.com\/lbd\/wp-content\/plugins\/jw-share-this\/email.png\" alt=\"Share this page via Email\" \/>\n<\/a>\n<a target=\"_blank\" href=\"http:\/\/www.stumbleupon.com\/submit?url=https%3A%2F%2Flabestiadeportiva.com%2Flbd%2Fcon-corte-de-ruta-y-auxilios-fijos-audio%2F&amp;title=Con+corte+de+ruta+y+auxilios+fijos+%28Audio%29\">\n<img src=\"https:\/\/labestiadeportiva.com\/lbd\/wp-content\/plugins\/jw-share-this\/su.png\" alt=\"Share this page via Stumble Upon\" \/>\n<\/a>\n<a target=\"_blank\" href=\"http:\/\/digg.com\/submit?url=https%3A%2F%2Flabestiadeportiva.com%2Flbd%2Fcon-corte-de-ruta-y-auxilios-fijos-audio%2F&amp;title=Con+corte+de+ruta+y+auxilios+fijos+%28Audio%29\">\n<img src=\"https:\/\/labestiadeportiva.com\/lbd\/wp-content\/plugins\/jw-share-this\/digg.png\" alt=\"Share this page via Digg this\" \/>\n<\/a>\n<a target=\"_blank\" href=\"http:\/\/www.facebook.com\/sharer.php?u=https%3A%2F%2Flabestiadeportiva.com%2Flbd%2Fcon-corte-de-ruta-y-auxilios-fijos-audio%2F&amp;t=Con+corte+de+ruta+y+auxilios+fijos+%28Audio%29\">\n<img src=\"https:\/\/labestiadeportiva.com\/lbd\/wp-content\/plugins\/jw-share-this\/fb.png\" alt=\"Share this page via Facebook\" \/>\n<\/a>\n<a target=\"_blank\" href=\"http:\/\/twitter.com\/intent\/tweet?text=I+like+https%3A%2F%2Flabestiadeportiva.com%2Flbd%2Fcon-corte-de-ruta-y-auxilios-fijos-audio%2F&amp;title=Con+corte+de+ruta+y+auxilios+fijos+%28Audio%29\">\n<img src=\"https:\/\/labestiadeportiva.com\/lbd\/wp-content\/plugins\/jw-share-this\/twitter.png\" alt=\"Share this page via Twitter\" \/>\n<\/a>\n<\/div>\n","protected":false},"excerpt":{"rendered":"<p>Contin\u00faan las reuniones de cara a la edici\u00f3n n\u00famero 38 de la VTDF. Desde LBD nos contactamos con uno de los integrantes de la Comisi\u00f3n Normalizadora del Moto Club RG, Lalo Melogno, qui\u00e9n nos puso al d\u00eda de las novedades de la competencia que llegar\u00e1 el 24,25,26 y 27 de marzo. Compartimos la entrevista lograda &hellip; <a href=\"https:\/\/labestiadeportiva.com\/lbd\/con-corte-de-ruta-y-auxilios-fijos-audio\/\" class=\"more-link\">Seguir leyendo <span class=\"screen-reader-text\">Con corte de ruta y auxilios fijos (Audio)<\/span> <span class=\"meta-nav\">&rarr;<\/span><\/a><\/p>\n","protected":false},"author":1,"featured_media":0,"comment_status":"open","ping_status":"open","sticky":false,"template":"","format":"standard","meta":[],"categories":[5,4,6,60,2159,1,4706],"tags":[2502,4719,71,3660,1362],"_links":{"self":[{"href":"https:\/\/labestiadeportiva.com\/lbd\/wp-json\/wp\/v2\/posts\/40986"}],"collection":[{"href":"https:\/\/labestiadeportiva.com\/lbd\/wp-json\/wp\/v2\/posts"}],"about":[{"href":"https:\/\/labestiadeportiva.com\/lbd\/wp-json\/wp\/v2\/types\/post"}],"author":[{"embeddable":true,"href":"https:\/\/labestiadeportiva.com\/lbd\/wp-json\/wp\/v2\/users\/1"}],"replies":[{"embeddable":true,"href":"https:\/\/labestiadeportiva.com\/lbd\/wp-json\/wp\/v2\/comments?post=40986"}],"version-history":[{"count":3,"href":"https:\/\/labestiadeportiva.com\/lbd\/wp-json\/wp\/v2\/posts\/40986\/revisions"}],"predecessor-version":[{"id":40990,"href":"https:\/\/labestiadeportiva.com\/lbd\/wp-json\/wp\/v2\/posts\/40986\/revisions\/40990"}],"wp:attachment":[{"href":"https:\/\/labestiadeportiva.com\/lbd\/wp-json\/wp\/v2\/media?parent=40986"}],"wp:term":[{"taxonomy":"category","embeddable":true,"href":"https:\/\/labestiadeportiva.com\/lbd\/wp-json\/wp\/v2\/categories?post=40986"},{"taxonomy":"post_tag","embeddable":true,"href":"https:\/\/labestiadeportiva.com\/lbd\/wp-json\/wp\/v2\/tags?post=40986"}],"curies":[{"name":"wp","href":"https:\/\/api.w.org\/{rel}","templated":true}]}}