{"id":41131,"date":"2022-02-25T11:34:27","date_gmt":"2022-02-25T14:34:27","guid":{"rendered":"http:\/\/labestiadeportiva.com\/lbd\/?p=41131"},"modified":"2022-02-25T20:13:23","modified_gmt":"2022-02-25T23:13:23","slug":"arranca-el-karting-provincial","status":"publish","type":"post","link":"https:\/\/labestiadeportiva.com\/lbd\/arranca-el-karting-provincial\/","title":{"rendered":"Arranca el Karting Provincial"},"content":{"rendered":"<p><a href=\"http:\/\/labestiadeportiva.com\/lbd\/wp-content\/uploads\/2022\/02\/FB_IMG_16457920897421.jpg\"><img loading=\"lazy\" class=\"aligncenter size-medium wp-image-41156\" src=\"http:\/\/labestiadeportiva.com\/lbd\/wp-content\/uploads\/2022\/02\/FB_IMG_16457920897421-300x300.jpg\" alt=\"FB_IMG_1645792089742\" width=\"300\" height=\"300\" srcset=\"https:\/\/labestiadeportiva.com\/lbd\/wp-content\/uploads\/2022\/02\/FB_IMG_16457920897421-300x300.jpg 300w, https:\/\/labestiadeportiva.com\/lbd\/wp-content\/uploads\/2022\/02\/FB_IMG_16457920897421-150x150.jpg 150w, https:\/\/labestiadeportiva.com\/lbd\/wp-content\/uploads\/2022\/02\/FB_IMG_16457920897421-640x640.jpg 640w, https:\/\/labestiadeportiva.com\/lbd\/wp-content\/uploads\/2022\/02\/FB_IMG_16457920897421.jpg 720w\" sizes=\"(max-width: 300px) 100vw, 300px\" \/><\/a><br \/>\nDurante este fin de semana se iniciar\u00e1 la temporada de la mano de APKU 2000 y AFK. M\u00e1s de 40 autos estar\u00e1n presentes en el kart\u00f3dromo capitalino. Se competir\u00e1 en 4 categor\u00edas, Stihl 60, Cajeros 4 T m\u00e1s Sudan Junior y Senior. Desde LBD te brindamos cronograma de competencia y listado de inscriptos <!--more--><\/p>\n<p><a href=\"http:\/\/labestiadeportiva.com\/lbd\/wp-content\/uploads\/2022\/02\/Screenshot_20220225-0933042.png\"><img loading=\"lazy\" class=\"alignnone size-medium wp-image-41132\" src=\"http:\/\/labestiadeportiva.com\/lbd\/wp-content\/uploads\/2022\/02\/Screenshot_20220225-0933042-185x300.png\" alt=\"Screenshot_20220225-093304~2\" width=\"185\" height=\"300\" srcset=\"https:\/\/labestiadeportiva.com\/lbd\/wp-content\/uploads\/2022\/02\/Screenshot_20220225-0933042-185x300.png 185w, https:\/\/labestiadeportiva.com\/lbd\/wp-content\/uploads\/2022\/02\/Screenshot_20220225-0933042-633x1024.png 633w, https:\/\/labestiadeportiva.com\/lbd\/wp-content\/uploads\/2022\/02\/Screenshot_20220225-0933042-640x1036.png 640w, https:\/\/labestiadeportiva.com\/lbd\/wp-content\/uploads\/2022\/02\/Screenshot_20220225-0933042.png 720w\" sizes=\"(max-width: 185px) 100vw, 185px\" \/><\/a><\/p>\n<p><a href=\"http:\/\/labestiadeportiva.com\/lbd\/wp-content\/uploads\/2022\/02\/Screenshot_20220225-0933182.png\"><img loading=\"lazy\" class=\"alignnone size-medium wp-image-41133\" src=\"http:\/\/labestiadeportiva.com\/lbd\/wp-content\/uploads\/2022\/02\/Screenshot_20220225-0933182-228x300.png\" alt=\"Screenshot_20220225-093318~2\" width=\"228\" height=\"300\" srcset=\"https:\/\/labestiadeportiva.com\/lbd\/wp-content\/uploads\/2022\/02\/Screenshot_20220225-0933182-228x300.png 228w, https:\/\/labestiadeportiva.com\/lbd\/wp-content\/uploads\/2022\/02\/Screenshot_20220225-0933182-640x841.png 640w, https:\/\/labestiadeportiva.com\/lbd\/wp-content\/uploads\/2022\/02\/Screenshot_20220225-0933182.png 710w\" sizes=\"(max-width: 228px) 100vw, 228px\" \/><\/a><\/p>\n<p><a href=\"http:\/\/labestiadeportiva.com\/lbd\/wp-content\/uploads\/2022\/02\/Screenshot_20220225-0933433.png\"><img loading=\"lazy\" class=\"alignnone size-medium wp-image-41134\" src=\"http:\/\/labestiadeportiva.com\/lbd\/wp-content\/uploads\/2022\/02\/Screenshot_20220225-0933433-227x300.png\" alt=\"Screenshot_20220225-093343~3\" width=\"227\" height=\"300\" srcset=\"https:\/\/labestiadeportiva.com\/lbd\/wp-content\/uploads\/2022\/02\/Screenshot_20220225-0933433-227x300.png 227w, https:\/\/labestiadeportiva.com\/lbd\/wp-content\/uploads\/2022\/02\/Screenshot_20220225-0933433-640x847.png 640w, https:\/\/labestiadeportiva.com\/lbd\/wp-content\/uploads\/2022\/02\/Screenshot_20220225-0933433.png 706w\" sizes=\"(max-width: 227px) 100vw, 227px\" \/><\/a><\/p>\n<p><a href=\"http:\/\/labestiadeportiva.com\/lbd\/wp-content\/uploads\/2022\/02\/Screenshot_20220225-0934192.png\"><img loading=\"lazy\" class=\"alignnone size-medium wp-image-41135\" src=\"http:\/\/labestiadeportiva.com\/lbd\/wp-content\/uploads\/2022\/02\/Screenshot_20220225-0934192-159x300.png\" alt=\"Screenshot_20220225-093419~2\" width=\"159\" height=\"300\" srcset=\"https:\/\/labestiadeportiva.com\/lbd\/wp-content\/uploads\/2022\/02\/Screenshot_20220225-0934192-159x300.png 159w, https:\/\/labestiadeportiva.com\/lbd\/wp-content\/uploads\/2022\/02\/Screenshot_20220225-0934192-543x1024.png 543w, https:\/\/labestiadeportiva.com\/lbd\/wp-content\/uploads\/2022\/02\/Screenshot_20220225-0934192-640x1207.png 640w, https:\/\/labestiadeportiva.com\/lbd\/wp-content\/uploads\/2022\/02\/Screenshot_20220225-0934192.png 715w\" sizes=\"(max-width: 159px) 100vw, 159px\" \/><\/a><\/p>\n<p><a href=\"http:\/\/labestiadeportiva.com\/lbd\/wp-content\/uploads\/2022\/02\/Screenshot_20220225-0935082.png\"><img loading=\"lazy\" class=\"alignnone size-medium wp-image-41136\" src=\"http:\/\/labestiadeportiva.com\/lbd\/wp-content\/uploads\/2022\/02\/Screenshot_20220225-0935082-254x300.png\" alt=\"Screenshot_20220225-093508~2\" width=\"254\" height=\"300\" srcset=\"https:\/\/labestiadeportiva.com\/lbd\/wp-content\/uploads\/2022\/02\/Screenshot_20220225-0935082-254x300.png 254w, https:\/\/labestiadeportiva.com\/lbd\/wp-content\/uploads\/2022\/02\/Screenshot_20220225-0935082-640x756.png 640w, https:\/\/labestiadeportiva.com\/lbd\/wp-content\/uploads\/2022\/02\/Screenshot_20220225-0935082.png 720w\" sizes=\"(max-width: 254px) 100vw, 254px\" \/><\/a><\/p>\n<p><a href=\"http:\/\/labestiadeportiva.com\/lbd\/wp-content\/uploads\/2022\/02\/IMG-20220225-WA00073.jpg\"><img loading=\"lazy\" class=\"alignnone size-medium wp-image-41140\" src=\"http:\/\/labestiadeportiva.com\/lbd\/wp-content\/uploads\/2022\/02\/IMG-20220225-WA00073-289x300.jpg\" alt=\"IMG-20220225-WA0007~3\" width=\"289\" height=\"300\" srcset=\"https:\/\/labestiadeportiva.com\/lbd\/wp-content\/uploads\/2022\/02\/IMG-20220225-WA00073-289x300.jpg 289w, https:\/\/labestiadeportiva.com\/lbd\/wp-content\/uploads\/2022\/02\/IMG-20220225-WA00073.jpg 576w\" sizes=\"(max-width: 289px) 100vw, 289px\" \/><\/a><\/p>\n<div class='epvc-post-count'><span class='epvc-eye'><\/span>  <span class=\"epvc-count\"> 1.100<\/span><span class='epvc-label'> veces le\u00edda<\/span><\/div>\n<div class=\"jwsharethis\">\nShare this: \n<br \/>\n<a href=\"mailto:?subject=Arranca%20el%20Karting%20Provincial&amp;body=https%3A%2F%2Flabestiadeportiva.com%2Flbd%2Farranca-el-karting-provincial%2F\">\n<img src=\"https:\/\/labestiadeportiva.com\/lbd\/wp-content\/plugins\/jw-share-this\/email.png\" alt=\"Share this page via Email\" \/>\n<\/a>\n<a target=\"_blank\" href=\"http:\/\/www.stumbleupon.com\/submit?url=https%3A%2F%2Flabestiadeportiva.com%2Flbd%2Farranca-el-karting-provincial%2F&amp;title=Arranca+el+Karting+Provincial\">\n<img src=\"https:\/\/labestiadeportiva.com\/lbd\/wp-content\/plugins\/jw-share-this\/su.png\" alt=\"Share this page via Stumble Upon\" \/>\n<\/a>\n<a target=\"_blank\" href=\"http:\/\/digg.com\/submit?url=https%3A%2F%2Flabestiadeportiva.com%2Flbd%2Farranca-el-karting-provincial%2F&amp;title=Arranca+el+Karting+Provincial\">\n<img src=\"https:\/\/labestiadeportiva.com\/lbd\/wp-content\/plugins\/jw-share-this\/digg.png\" alt=\"Share this page via Digg this\" \/>\n<\/a>\n<a target=\"_blank\" href=\"http:\/\/www.facebook.com\/sharer.php?u=https%3A%2F%2Flabestiadeportiva.com%2Flbd%2Farranca-el-karting-provincial%2F&amp;t=Arranca+el+Karting+Provincial\">\n<img src=\"https:\/\/labestiadeportiva.com\/lbd\/wp-content\/plugins\/jw-share-this\/fb.png\" alt=\"Share this page via Facebook\" \/>\n<\/a>\n<a target=\"_blank\" href=\"http:\/\/twitter.com\/intent\/tweet?text=I+like+https%3A%2F%2Flabestiadeportiva.com%2Flbd%2Farranca-el-karting-provincial%2F&amp;title=Arranca+el+Karting+Provincial\">\n<img src=\"https:\/\/labestiadeportiva.com\/lbd\/wp-content\/plugins\/jw-share-this\/twitter.png\" alt=\"Share this page via Twitter\" \/>\n<\/a>\n<\/div>\n","protected":false},"excerpt":{"rendered":"<p>Durante este fin de semana se iniciar\u00e1 la temporada de la mano de APKU 2000 y AFK. M\u00e1s de 40 autos estar\u00e1n presentes en el kart\u00f3dromo capitalino. Se competir\u00e1 en 4 categor\u00edas, Stihl 60, Cajeros 4 T m\u00e1s Sudan Junior y Senior. Desde LBD te brindamos cronograma de competencia y listado de inscriptos 1.100 veces &hellip; <a href=\"https:\/\/labestiadeportiva.com\/lbd\/arranca-el-karting-provincial\/\" class=\"more-link\">Seguir leyendo <span class=\"screen-reader-text\">Arranca el Karting Provincial<\/span> <span class=\"meta-nav\">&rarr;<\/span><\/a><\/p>\n","protected":false},"author":1,"featured_media":0,"comment_status":"open","ping_status":"open","sticky":false,"template":"","format":"standard","meta":[],"categories":[5,2152,1],"tags":[389,280,4732],"_links":{"self":[{"href":"https:\/\/labestiadeportiva.com\/lbd\/wp-json\/wp\/v2\/posts\/41131"}],"collection":[{"href":"https:\/\/labestiadeportiva.com\/lbd\/wp-json\/wp\/v2\/posts"}],"about":[{"href":"https:\/\/labestiadeportiva.com\/lbd\/wp-json\/wp\/v2\/types\/post"}],"author":[{"embeddable":true,"href":"https:\/\/labestiadeportiva.com\/lbd\/wp-json\/wp\/v2\/users\/1"}],"replies":[{"embeddable":true,"href":"https:\/\/labestiadeportiva.com\/lbd\/wp-json\/wp\/v2\/comments?post=41131"}],"version-history":[{"count":5,"href":"https:\/\/labestiadeportiva.com\/lbd\/wp-json\/wp\/v2\/posts\/41131\/revisions"}],"predecessor-version":[{"id":41158,"href":"https:\/\/labestiadeportiva.com\/lbd\/wp-json\/wp\/v2\/posts\/41131\/revisions\/41158"}],"wp:attachment":[{"href":"https:\/\/labestiadeportiva.com\/lbd\/wp-json\/wp\/v2\/media?parent=41131"}],"wp:term":[{"taxonomy":"category","embeddable":true,"href":"https:\/\/labestiadeportiva.com\/lbd\/wp-json\/wp\/v2\/categories?post=41131"},{"taxonomy":"post_tag","embeddable":true,"href":"https:\/\/labestiadeportiva.com\/lbd\/wp-json\/wp\/v2\/tags?post=41131"}],"curies":[{"name":"wp","href":"https:\/\/api.w.org\/{rel}","templated":true}]}}