{"id":41216,"date":"2022-03-04T23:42:59","date_gmt":"2022-03-05T02:42:59","guid":{"rendered":"http:\/\/labestiadeportiva.com\/lbd\/?p=41216"},"modified":"2022-03-04T23:42:59","modified_gmt":"2022-03-05T02:42:59","slug":"correr-y-disfrutar-del-entorno-en-el-fin-del-mundo","status":"publish","type":"post","link":"https:\/\/labestiadeportiva.com\/lbd\/correr-y-disfrutar-del-entorno-en-el-fin-del-mundo\/","title":{"rendered":"Correr y disfrutar del entorno en el Fin del Mundo"},"content":{"rendered":"<p><a href=\"http:\/\/labestiadeportiva.com\/lbd\/wp-content\/uploads\/2022\/03\/FB_IMG_1646441287918.jpg\"><img loading=\"lazy\" src=\"http:\/\/labestiadeportiva.com\/lbd\/wp-content\/uploads\/2022\/03\/FB_IMG_1646441287918.jpg\" alt=\"FB_IMG_1646441287918\" width=\"720\" height=\"480\" class=\"aligncenter size-full wp-image-41217\" srcset=\"https:\/\/labestiadeportiva.com\/lbd\/wp-content\/uploads\/2022\/03\/FB_IMG_1646441287918.jpg 720w, https:\/\/labestiadeportiva.com\/lbd\/wp-content\/uploads\/2022\/03\/FB_IMG_1646441287918-300x200.jpg 300w, https:\/\/labestiadeportiva.com\/lbd\/wp-content\/uploads\/2022\/03\/FB_IMG_1646441287918-640x427.jpg 640w\" sizes=\"(max-width: 720px) 100vw, 720px\" \/><\/a><br \/>\nEn el marco del Ushuaia Trail Race 2022 m\u00e1s de 1300 participantes disfrutaron de la capital fueguina, recorriendo lugares destacados como el Glaciar Martial, la Pista Wallner, el Ca\u00f1ad\u00f3n de la Oveja transitando diferentes tipos de senderos con vistas panor\u00e1micas de la ciudad y el Canal Beagle.<!--more--><\/p>\n<p>La carrera se inaugur\u00f3 el s\u00e1bado 26 con la largada de los 50 K a las 7 de la ma\u00f1ana en la base de la Reserva Natural del Glaciar Martial, asimismo cont\u00f3 con las distancias de 10 y 25 K quienes se pusieron en marcha a las 8 y 9 horas, todos con circuitos puramente de monta\u00f1a.<\/p>\n<p>Los bosques fueron protagonistas en gran parte de los recorridos, donde las especies m\u00e1s caracter\u00edsticas son la lenga, el \u00f1ire y el coihue, \u00e1rboles aut\u00f3ctonos de la regi\u00f3n, para luego salir de la vegetaci\u00f3n y recorrer senderos y filos con vistas incomparables.<\/p>\n<p><a href=\"http:\/\/labestiadeportiva.com\/lbd\/wp-content\/uploads\/2022\/03\/IMG-20220304-WA0052.jpg\"><img loading=\"lazy\" src=\"http:\/\/labestiadeportiva.com\/lbd\/wp-content\/uploads\/2022\/03\/IMG-20220304-WA0052.jpg\" alt=\"IMG-20220304-WA0052\" width=\"1280\" height=\"764\" class=\"aligncenter size-full wp-image-41218\" srcset=\"https:\/\/labestiadeportiva.com\/lbd\/wp-content\/uploads\/2022\/03\/IMG-20220304-WA0052.jpg 1280w, https:\/\/labestiadeportiva.com\/lbd\/wp-content\/uploads\/2022\/03\/IMG-20220304-WA0052-300x179.jpg 300w, https:\/\/labestiadeportiva.com\/lbd\/wp-content\/uploads\/2022\/03\/IMG-20220304-WA0052-1024x611.jpg 1024w, https:\/\/labestiadeportiva.com\/lbd\/wp-content\/uploads\/2022\/03\/IMG-20220304-WA0052-640x382.jpg 640w\" sizes=\"(max-width: 1280px) 100vw, 1280px\" \/><\/a><br \/>\nEl turismo y el deporte se conjugaron por varios d\u00edas en la regi\u00f3n ya que los atletas adem\u00e1s de participar de la prueba, aprovecharon para realizar excursiones disfrutando de los paisajes que brinda Tierra del Fuego acompa\u00f1ados por un muy buen clima.<\/p>\n<p>En varones dentro de los 50 K, despu\u00e9s de haber logrado el segundo lugar en la edici\u00f3n anterior, la victoria fue para Diego Sim\u00f3n, con un tiempo de 5 horas, 58 minutos y 19 segundos, delante de Braian Montes Viera y Dar\u00edo \u00abHilacha\u00bb Guzm\u00e1n, cr\u00e9ditos fueguinos que culminaron segundo y tercero respectivamente.<\/p>\n<p>Daiana Espierrez, la reconocida atleta y entrenadora de Santa Rosa, La Pampa, debutando en la ultra distancia lleg\u00f3 primera en los 50 K bajando el r\u00e9cord del circuito al registrar 7 horas, 38 minutos y 56 segundos.<\/p>\n<p><a href=\"http:\/\/labestiadeportiva.com\/lbd\/wp-content\/uploads\/2022\/03\/FB_IMG_1646441362138.jpg\"><img loading=\"lazy\" src=\"http:\/\/labestiadeportiva.com\/lbd\/wp-content\/uploads\/2022\/03\/FB_IMG_1646441362138.jpg\" alt=\"FB_IMG_1646441362138\" width=\"720\" height=\"1080\" class=\"aligncenter size-full wp-image-41219\" srcset=\"https:\/\/labestiadeportiva.com\/lbd\/wp-content\/uploads\/2022\/03\/FB_IMG_1646441362138.jpg 720w, https:\/\/labestiadeportiva.com\/lbd\/wp-content\/uploads\/2022\/03\/FB_IMG_1646441362138-200x300.jpg 200w, https:\/\/labestiadeportiva.com\/lbd\/wp-content\/uploads\/2022\/03\/FB_IMG_1646441362138-683x1024.jpg 683w, https:\/\/labestiadeportiva.com\/lbd\/wp-content\/uploads\/2022\/03\/FB_IMG_1646441362138-640x960.jpg 640w\" sizes=\"(max-width: 720px) 100vw, 720px\" \/><\/a><br \/>\nLos 25 K, fueron para Hugo Rodr\u00edguez y Florencia Iuorno, mientras que en los 10 metros el lugar m\u00e1s alto en el podio fue para los atletas locales Agust\u00edn Rojo y Sol Badorrey.<\/p>\n<p>Debido a las caracter\u00edsticas topogr\u00e1ficas en las que se compite en este tipo de competencias de monta\u00f1a, es importante que los participantes eval\u00faen la informaci\u00f3n de los recorridos para conocer la exigencia de cada distancia y de esta manera decidir en cu\u00e1l inscribirse dependiendo de la experiencia, estado f\u00edsico y grado de desaf\u00edo que quieran afrontar.<\/p>\n<p>El evento organizado por Beagle Eventos Deportivos dirigido por Javier Austin destaca que es una de las carreras de trail Running m\u00e1s exigentes de la Argentina y muchos de los corredores se inscriben motivados por competir en el Fin del Mundo.<\/p>\n<p><a href=\"http:\/\/labestiadeportiva.com\/lbd\/wp-content\/uploads\/2022\/03\/IMG-20220304-WA0053.jpg\"><img loading=\"lazy\" src=\"http:\/\/labestiadeportiva.com\/lbd\/wp-content\/uploads\/2022\/03\/IMG-20220304-WA0053.jpg\" alt=\"IMG-20220304-WA0053\" width=\"1280\" height=\"829\" class=\"aligncenter size-full wp-image-41220\" srcset=\"https:\/\/labestiadeportiva.com\/lbd\/wp-content\/uploads\/2022\/03\/IMG-20220304-WA0053.jpg 1280w, https:\/\/labestiadeportiva.com\/lbd\/wp-content\/uploads\/2022\/03\/IMG-20220304-WA0053-300x194.jpg 300w, https:\/\/labestiadeportiva.com\/lbd\/wp-content\/uploads\/2022\/03\/IMG-20220304-WA0053-1024x663.jpg 1024w, https:\/\/labestiadeportiva.com\/lbd\/wp-content\/uploads\/2022\/03\/IMG-20220304-WA0053-640x415.jpg 640w\" sizes=\"(max-width: 1280px) 100vw, 1280px\" \/><\/a><br \/>\n\u201cSiempre invitamos a participar a atletas nacionales, pero tambi\u00e9n convocamos a los internacionales, que son muy atra\u00eddos por el destino patag\u00f3nico\u201d, agreg\u00f3.<\/p>\n<p>El director de Promoci\u00f3n Tur\u00edstica del INFUETUR, Mart\u00edn Bianchi sostuvo:<\/p>\n<p>\u201cfue una excelente jornada de deporte y aventura en un d\u00eda maravilloso, seguramente ser\u00e1 un recuerdo inolvidable para todos los turistas que eligieron este evento para conocer el Fin del Mundo\u201d.<\/p>\n<p>En esta edici\u00f3n desde un primer momento acompa\u00f1aron a Ushuaia Trail Race el INFUETUR, Visit Ushuaia, Secretar\u00eda de Deportes y Juventud Provincial, Gobierno de Tierra del Fuego, Municipalidad de Ushuaia, IPRA, SALPA Indumentaria, Quiniela Fueguina, RG Seguros, Banco de Tierra del Fuego, Gatorade, Equipe CO, Cerro Martial Parque del Fin del Mundo. <\/p>\n<p>Asimismo los organizadores destacaron la participaci\u00f3n especial de Parques Nacionales, Gendarmer\u00eda Nacional y Bim 4, que edici\u00f3n tras edici\u00f3n apoyan con sus servicios. <\/p>\n<p><a href=\"http:\/\/labestiadeportiva.com\/lbd\/wp-content\/uploads\/2022\/03\/FB_IMG_1646441298481.jpg\"><img loading=\"lazy\" src=\"http:\/\/labestiadeportiva.com\/lbd\/wp-content\/uploads\/2022\/03\/FB_IMG_1646441298481.jpg\" alt=\"FB_IMG_1646441298481\" width=\"720\" height=\"1080\" class=\"aligncenter size-full wp-image-41221\" srcset=\"https:\/\/labestiadeportiva.com\/lbd\/wp-content\/uploads\/2022\/03\/FB_IMG_1646441298481.jpg 720w, https:\/\/labestiadeportiva.com\/lbd\/wp-content\/uploads\/2022\/03\/FB_IMG_1646441298481-200x300.jpg 200w, https:\/\/labestiadeportiva.com\/lbd\/wp-content\/uploads\/2022\/03\/FB_IMG_1646441298481-683x1024.jpg 683w, https:\/\/labestiadeportiva.com\/lbd\/wp-content\/uploads\/2022\/03\/FB_IMG_1646441298481-640x960.jpg 640w\" sizes=\"(max-width: 720px) 100vw, 720px\" \/><\/a><br \/>\nAsimismo en esta oportunidad agradecieron<br \/>\nespecialmente a \u00abCoco\u00bb Beltrame qui\u00e9n siempre predispuesto y atento a para poner a disposici\u00f3n su predio para realizar la largada\/llegada de esta tan importante carrera.<\/p>\n<p>Finalmente a la hora de los testimonios de los atletas participantes coincidieron en la buena atenci\u00f3n del staff adem\u00e1s de su presencia y solidaridad en todas las etapas de la carrera.<br \/>\n<a href=\"http:\/\/labestiadeportiva.com\/lbd\/wp-content\/uploads\/2022\/03\/FB_IMG_1646441330982.jpg\"><img loading=\"lazy\" src=\"http:\/\/labestiadeportiva.com\/lbd\/wp-content\/uploads\/2022\/03\/FB_IMG_1646441330982.jpg\" alt=\"FB_IMG_1646441330982\" width=\"720\" height=\"1080\" class=\"aligncenter size-full wp-image-41222\" srcset=\"https:\/\/labestiadeportiva.com\/lbd\/wp-content\/uploads\/2022\/03\/FB_IMG_1646441330982.jpg 720w, https:\/\/labestiadeportiva.com\/lbd\/wp-content\/uploads\/2022\/03\/FB_IMG_1646441330982-200x300.jpg 200w, https:\/\/labestiadeportiva.com\/lbd\/wp-content\/uploads\/2022\/03\/FB_IMG_1646441330982-683x1024.jpg 683w, https:\/\/labestiadeportiva.com\/lbd\/wp-content\/uploads\/2022\/03\/FB_IMG_1646441330982-640x960.jpg 640w\" sizes=\"(max-width: 720px) 100vw, 720px\" \/><\/a><\/p>\n<div class='epvc-post-count'><span class='epvc-eye'><\/span>  <span class=\"epvc-count\"> 1.163<\/span><span class='epvc-label'> veces le\u00edda<\/span><\/div>\n<div class=\"jwsharethis\">\nShare this: \n<br \/>\n<a href=\"mailto:?subject=Correr%20y%20disfrutar%20del%20entorno%20en%20el%20Fin%20del%20Mundo&amp;body=https%3A%2F%2Flabestiadeportiva.com%2Flbd%2Fcorrer-y-disfrutar-del-entorno-en-el-fin-del-mundo%2F\">\n<img src=\"https:\/\/labestiadeportiva.com\/lbd\/wp-content\/plugins\/jw-share-this\/email.png\" alt=\"Share this page via Email\" \/>\n<\/a>\n<a target=\"_blank\" href=\"http:\/\/www.stumbleupon.com\/submit?url=https%3A%2F%2Flabestiadeportiva.com%2Flbd%2Fcorrer-y-disfrutar-del-entorno-en-el-fin-del-mundo%2F&amp;title=Correr+y+disfrutar+del+entorno+en+el+Fin+del+Mundo\">\n<img src=\"https:\/\/labestiadeportiva.com\/lbd\/wp-content\/plugins\/jw-share-this\/su.png\" alt=\"Share this page via Stumble Upon\" \/>\n<\/a>\n<a target=\"_blank\" href=\"http:\/\/digg.com\/submit?url=https%3A%2F%2Flabestiadeportiva.com%2Flbd%2Fcorrer-y-disfrutar-del-entorno-en-el-fin-del-mundo%2F&amp;title=Correr+y+disfrutar+del+entorno+en+el+Fin+del+Mundo\">\n<img src=\"https:\/\/labestiadeportiva.com\/lbd\/wp-content\/plugins\/jw-share-this\/digg.png\" alt=\"Share this page via Digg this\" \/>\n<\/a>\n<a target=\"_blank\" href=\"http:\/\/www.facebook.com\/sharer.php?u=https%3A%2F%2Flabestiadeportiva.com%2Flbd%2Fcorrer-y-disfrutar-del-entorno-en-el-fin-del-mundo%2F&amp;t=Correr+y+disfrutar+del+entorno+en+el+Fin+del+Mundo\">\n<img src=\"https:\/\/labestiadeportiva.com\/lbd\/wp-content\/plugins\/jw-share-this\/fb.png\" alt=\"Share this page via Facebook\" \/>\n<\/a>\n<a target=\"_blank\" href=\"http:\/\/twitter.com\/intent\/tweet?text=I+like+https%3A%2F%2Flabestiadeportiva.com%2Flbd%2Fcorrer-y-disfrutar-del-entorno-en-el-fin-del-mundo%2F&amp;title=Correr+y+disfrutar+del+entorno+en+el+Fin+del+Mundo\">\n<img src=\"https:\/\/labestiadeportiva.com\/lbd\/wp-content\/plugins\/jw-share-this\/twitter.png\" alt=\"Share this page via Twitter\" \/>\n<\/a>\n<\/div>\n","protected":false},"excerpt":{"rendered":"<p>En el marco del Ushuaia Trail Race 2022 m\u00e1s de 1300 participantes disfrutaron de la capital fueguina, recorriendo lugares destacados como el Glaciar Martial, la Pista Wallner, el Ca\u00f1ad\u00f3n de la Oveja transitando diferentes tipos de senderos con vistas panor\u00e1micas de la ciudad y el Canal Beagle. 1.163 veces le\u00edda Share this:<\/p>\n","protected":false},"author":1,"featured_media":0,"comment_status":"open","ping_status":"open","sticky":false,"template":"","format":"standard","meta":[],"categories":[3088,22,5,4,6,1,4405],"tags":[3660,4381,4738],"_links":{"self":[{"href":"https:\/\/labestiadeportiva.com\/lbd\/wp-json\/wp\/v2\/posts\/41216"}],"collection":[{"href":"https:\/\/labestiadeportiva.com\/lbd\/wp-json\/wp\/v2\/posts"}],"about":[{"href":"https:\/\/labestiadeportiva.com\/lbd\/wp-json\/wp\/v2\/types\/post"}],"author":[{"embeddable":true,"href":"https:\/\/labestiadeportiva.com\/lbd\/wp-json\/wp\/v2\/users\/1"}],"replies":[{"embeddable":true,"href":"https:\/\/labestiadeportiva.com\/lbd\/wp-json\/wp\/v2\/comments?post=41216"}],"version-history":[{"count":1,"href":"https:\/\/labestiadeportiva.com\/lbd\/wp-json\/wp\/v2\/posts\/41216\/revisions"}],"predecessor-version":[{"id":41223,"href":"https:\/\/labestiadeportiva.com\/lbd\/wp-json\/wp\/v2\/posts\/41216\/revisions\/41223"}],"wp:attachment":[{"href":"https:\/\/labestiadeportiva.com\/lbd\/wp-json\/wp\/v2\/media?parent=41216"}],"wp:term":[{"taxonomy":"category","embeddable":true,"href":"https:\/\/labestiadeportiva.com\/lbd\/wp-json\/wp\/v2\/categories?post=41216"},{"taxonomy":"post_tag","embeddable":true,"href":"https:\/\/labestiadeportiva.com\/lbd\/wp-json\/wp\/v2\/tags?post=41216"}],"curies":[{"name":"wp","href":"https:\/\/api.w.org\/{rel}","templated":true}]}}