{"id":4122,"date":"2013-04-30T13:51:17","date_gmt":"2013-04-30T13:51:17","guid":{"rendered":"http:\/\/labestiadeportiva.com\/lbd\/?p=4122"},"modified":"2013-04-30T13:51:17","modified_gmt":"2013-04-30T13:51:17","slug":"sin-solucion","status":"publish","type":"post","link":"https:\/\/labestiadeportiva.com\/lbd\/sin-solucion\/","title":{"rendered":"Sin soluci\u00f3n"},"content":{"rendered":"<p class=\"MsoNormal\" style=\"margin-bottom: .0001pt;\"><a href=\"http:\/\/labestiadeportiva.com\/lbd\/wp-content\/uploads\/2013\/04\/Garro-3.jpg\"><img loading=\"lazy\" class=\"alignleft size-medium wp-image-4123\" title=\"Garro (3)\" src=\"http:\/\/labestiadeportiva.com\/lbd\/wp-content\/uploads\/2013\/04\/Garro-3-300x186.jpg\" alt=\"\" width=\"300\" height=\"186\" srcset=\"https:\/\/labestiadeportiva.com\/lbd\/wp-content\/uploads\/2013\/04\/Garro-3-300x186.jpg 300w, https:\/\/labestiadeportiva.com\/lbd\/wp-content\/uploads\/2013\/04\/Garro-3.jpg 640w\" sizes=\"(max-width: 300px) 100vw, 300px\" \/><\/a>El fueguino Lucas Garro padeci\u00f3 problemas graves en su embrague durante todo el fin de semana y no pudo volver a demostrar el gran funcionamiento de los entrenamientos ni sumar puntos para el campeonato. Fuente y foto Prensa Lucas Garro.<\/p>\n<p class=\"MsoNormal\" style=\"margin-bottom: .0001pt;\">El domingo 28 se desarroll\u00f3 la final de la tercera fecha del Turismo Pista Clase 2 sobre el trazado del aut\u00f3dromo \u201cParque Ciudad de Rio Cuarto\u201d de la ciudad hom\u00f3nima donde Lucas Garro, piloto de Ushuaia, Tierra del Fuego, estuvo compitiendo con el Fiat Uno N\u00b0 8 que es atendido por Dacal Racing.<!--morePara leer Click Aqu\u00ed--><\/p>\n<p class=\"MsoNormal\" style=\"margin-bottom: .0001pt;\">La rotura del embrague en las pruebas clasificatorias de ayer hab\u00edan dejado poco margen para el error luego de que en la serie poco se pudo remontar con el mismo problema latente e impidiendo que el potencial quedase expuesto en la pista. De todos modos, el fueguino no se desanim\u00f3 e intent\u00f3 ir lo m\u00e1s adelante posible.<\/p>\n<p class=\"MsoNormal\" style=\"margin-bottom: .0001pt;\">En la final, donde deb\u00eda largar muy retrasado, mantuvo el objetivo pero la p\u00e9rdida de potencia en todos los sectores debido a la \u201cpatinada\u201d del embrague lo dejaron con las manos vac\u00edas, transitando el circuito como se pod\u00eda. Al final de cuentas fue 27\u00ba, sin sumar puntos para el certamen pero descargando 20 kilos de la anterior victoria en La Plata, lo que posibilita llegar a Buenos Aires con m\u00e1s chances de pelear la punta.<\/p>\n<p class=\"MsoNormal\" style=\"margin-bottom: .0001pt;\">Al respecto, quien sigue liderando las posiciones de la divisional menor dijo: <span style=\"color: #0000ff;\">\u201cFue un domingo complicado. Nos patin\u00f3 el embrague desde la largada y no pudimos hacer nada. Lo tomamos como una fecha descarte donde descargamos 20 kilos para Buenos Aires. Ahora iremos a sumar fuerte all\u00e1 y en La Plata, dos circuitos donde creemos que tenemos potencial para andar bien arriba. Carreras son carreras y en R\u00edo Cuarto la suerte no estuvo de nuestro lado\u201d.<\/span><\/p>\n<p class=\"MsoNormal\" style=\"margin-bottom: .0001pt;\">La pr\u00f3xima fecha se disputar\u00e1 sobre el circuito n\u00famero 8 del aut\u00f3dromo \u201cOscar y Juan G\u00e1lvez\u201d del 17 al 19 de Mayo.<\/p>\n<p class=\"MsoNormal\" style=\"margin-bottom: .0001pt;\">Lucas Garro y equipo agradecen a sus sponsors: Carbess, Club Lasserre, Concesionario LASAC, Constru Sec, Con Vial Fue SA, Cosmos, El Diario del Fin del Mundo, Insumos Industriales, Polirrubro Fede, Promat SRL, PVC Dise\u00f1o, Sartini Gas, Sky Glass y Tierra Fueguina SRL. Asimismo, a toda la gente de Tierra del Fuego, familia, amigos y a Dacal Racing por el auto que entrega en pista.<\/p>\n<p class=\"MsoNormal\" style=\"margin-bottom: .0001pt;\"><span style=\"color: #0000ff;\">Las principales posiciones del campeonato TP Clase 2<\/span><\/p>\n<p class=\"MsoNormal\" style=\"margin-bottom: .0001pt;\"><span style=\"color: #ff0000;\">1\u00ba Garro 73<\/span>; 2\u00ba Lastau 54; 3\u00ba Cruzado 54; 4\u00ba L. Bessone 42 y <span style=\"color: #ff0000;\">5\u00ba Yerobi 41<\/span>.<\/p>\n<div class='epvc-post-count'><span class='epvc-eye'><\/span>  <span class=\"epvc-count\"> 1.042<\/span><span class='epvc-label'> veces le\u00edda<\/span><\/div>\n<div class=\"jwsharethis\">\nShare this: \n<br \/>\n<a href=\"mailto:?subject=Sin%20soluci%C3%B3n&amp;body=https%3A%2F%2Flabestiadeportiva.com%2Flbd%2Fsin-solucion%2F\">\n<img src=\"https:\/\/labestiadeportiva.com\/lbd\/wp-content\/plugins\/jw-share-this\/email.png\" alt=\"Share this page via Email\" \/>\n<\/a>\n<a target=\"_blank\" href=\"http:\/\/www.stumbleupon.com\/submit?url=https%3A%2F%2Flabestiadeportiva.com%2Flbd%2Fsin-solucion%2F&amp;title=Sin+soluci%C3%B3n\">\n<img src=\"https:\/\/labestiadeportiva.com\/lbd\/wp-content\/plugins\/jw-share-this\/su.png\" alt=\"Share this page via Stumble Upon\" \/>\n<\/a>\n<a target=\"_blank\" href=\"http:\/\/digg.com\/submit?url=https%3A%2F%2Flabestiadeportiva.com%2Flbd%2Fsin-solucion%2F&amp;title=Sin+soluci%C3%B3n\">\n<img src=\"https:\/\/labestiadeportiva.com\/lbd\/wp-content\/plugins\/jw-share-this\/digg.png\" alt=\"Share this page via Digg this\" \/>\n<\/a>\n<a target=\"_blank\" href=\"http:\/\/www.facebook.com\/sharer.php?u=https%3A%2F%2Flabestiadeportiva.com%2Flbd%2Fsin-solucion%2F&amp;t=Sin+soluci%C3%B3n\">\n<img src=\"https:\/\/labestiadeportiva.com\/lbd\/wp-content\/plugins\/jw-share-this\/fb.png\" alt=\"Share this page via Facebook\" \/>\n<\/a>\n<a target=\"_blank\" href=\"http:\/\/twitter.com\/intent\/tweet?text=I+like+https%3A%2F%2Flabestiadeportiva.com%2Flbd%2Fsin-solucion%2F&amp;title=Sin+soluci%C3%B3n\">\n<img src=\"https:\/\/labestiadeportiva.com\/lbd\/wp-content\/plugins\/jw-share-this\/twitter.png\" alt=\"Share this page via Twitter\" \/>\n<\/a>\n<\/div>\n","protected":false},"excerpt":{"rendered":"<p>El fueguino Lucas Garro padeci\u00f3 problemas graves en su embrague durante todo el fin de semana y no pudo volver a demostrar el gran funcionamiento de los entrenamientos ni sumar puntos para el campeonato. Fuente y foto Prensa Lucas Garro. El domingo 28 se desarroll\u00f3 la final de la tercera fecha del Turismo Pista Clase &hellip; <a href=\"https:\/\/labestiadeportiva.com\/lbd\/sin-solucion\/\" class=\"more-link\">Seguir leyendo <span class=\"screen-reader-text\">Sin soluci\u00f3n<\/span> <span class=\"meta-nav\">&rarr;<\/span><\/a><\/p>\n","protected":false},"author":1,"featured_media":4123,"comment_status":"open","ping_status":"open","sticky":false,"template":"","format":"standard","meta":[],"categories":[5,6,1],"tags":[524,525],"_links":{"self":[{"href":"https:\/\/labestiadeportiva.com\/lbd\/wp-json\/wp\/v2\/posts\/4122"}],"collection":[{"href":"https:\/\/labestiadeportiva.com\/lbd\/wp-json\/wp\/v2\/posts"}],"about":[{"href":"https:\/\/labestiadeportiva.com\/lbd\/wp-json\/wp\/v2\/types\/post"}],"author":[{"embeddable":true,"href":"https:\/\/labestiadeportiva.com\/lbd\/wp-json\/wp\/v2\/users\/1"}],"replies":[{"embeddable":true,"href":"https:\/\/labestiadeportiva.com\/lbd\/wp-json\/wp\/v2\/comments?post=4122"}],"version-history":[{"count":1,"href":"https:\/\/labestiadeportiva.com\/lbd\/wp-json\/wp\/v2\/posts\/4122\/revisions"}],"predecessor-version":[{"id":4124,"href":"https:\/\/labestiadeportiva.com\/lbd\/wp-json\/wp\/v2\/posts\/4122\/revisions\/4124"}],"wp:featuredmedia":[{"embeddable":true,"href":"https:\/\/labestiadeportiva.com\/lbd\/wp-json\/wp\/v2\/media\/4123"}],"wp:attachment":[{"href":"https:\/\/labestiadeportiva.com\/lbd\/wp-json\/wp\/v2\/media?parent=4122"}],"wp:term":[{"taxonomy":"category","embeddable":true,"href":"https:\/\/labestiadeportiva.com\/lbd\/wp-json\/wp\/v2\/categories?post=4122"},{"taxonomy":"post_tag","embeddable":true,"href":"https:\/\/labestiadeportiva.com\/lbd\/wp-json\/wp\/v2\/tags?post=4122"}],"curies":[{"name":"wp","href":"https:\/\/api.w.org\/{rel}","templated":true}]}}