{"id":4131,"date":"2013-04-30T21:34:36","date_gmt":"2013-04-30T21:34:36","guid":{"rendered":"http:\/\/labestiadeportiva.com\/lbd\/?p=4131"},"modified":"2013-04-30T21:34:36","modified_gmt":"2013-04-30T21:34:36","slug":"no-le-pierde-pisada-a-magallanes","status":"publish","type":"post","link":"https:\/\/labestiadeportiva.com\/lbd\/no-le-pierde-pisada-a-magallanes\/","title":{"rendered":"No le pierde pisada a Magallanes"},"content":{"rendered":"<p class=\"MsoNormal\"><span lang=\"ES\">Por Germ\u00e1n Fuentes (Futsal Federado para LBD)<\/span><\/p>\n<p class=\"MsoNormal\"><span lang=\"ES\"><a href=\"http:\/\/labestiadeportiva.com\/lbd\/wp-content\/uploads\/2013\/04\/MG_2341.jpg\"><img loading=\"lazy\" class=\"alignleft size-medium wp-image-4132\" title=\"_MG_2341\" src=\"http:\/\/labestiadeportiva.com\/lbd\/wp-content\/uploads\/2013\/04\/MG_2341-300x165.jpg\" alt=\"\" width=\"300\" height=\"165\" srcset=\"https:\/\/labestiadeportiva.com\/lbd\/wp-content\/uploads\/2013\/04\/MG_2341-300x165.jpg 300w, https:\/\/labestiadeportiva.com\/lbd\/wp-content\/uploads\/2013\/04\/MG_2341.jpg 640w\" sizes=\"(max-width: 300px) 100vw, 300px\" \/><\/a>\u00d3ptica Social gole\u00f3 y aprovech\u00f3 la igualdad entre Defensores y Magallanes Blanco, para despegarse de este \u00faltimo y ser el \u00fanico escolta del Azul, que sorte\u00f3 a un rival dur\u00edsimo como Deportivo Austral \u201cC\u201d.<\/span><\/p>\n<p class=\"MsoNormal\"><span lang=\"ES\">A priori el elenco de Pedro Zeballes pod\u00eda ser uno de los pocos que aprovechara la falta de las dos m\u00e1ximas figuras del gigante fueguino, Marcelo \u201cChelo\u201d S\u00e1nchez y Mauricio Mart\u00ednez.<!--morePara leer Click Aqu\u00ed--> <\/span><\/p>\n<p class=\"MsoNormal\"><span lang=\"ES\">Termin\u00f3 sin llevarse nada pero realiz\u00f3 un gran partido sabiendo bien cu\u00e1les eran los momentos en los que ten\u00eda que golpear, mantuvo a su cuarteto replegado y saliendo muy r\u00e1pido en las contras.<\/span><\/p>\n<p class=\"MsoNormal\"><span lang=\"ES\">De la mano de Brian Fuentes y Maximiliano Casasola armaban las salidas a toda velocidad haciendo as\u00ed un partido de ida y vuelta que cuando se escuch\u00f3 la chicharra de los primeros 20 minutos se dejaba vislumbrar con un 4 a 4 parcial.<\/span><\/p>\n<p class=\"MsoNormal\"><span lang=\"ES\">Para la segunda parte Alejandro Vel\u00e1zquez meti\u00f3 mano en su equipo inicial y cambi\u00f3 todo: Mauricio Ch\u00e1vez, Angel \u201cPepe\u201d Vargas, Dar\u00edo Parafioriti, Daniel Pereyra y Juan Jos\u00e9 Bareiro salieron a poner la cara por su club.<\/span><\/p>\n<p class=\"MsoNormal\"><span lang=\"ES\">Pese a la apuesta por la experiencia de Vel\u00e1zquez el choque sigui\u00f3 siendo parejo pero como los \u00faltimos encuentros, Hugo M\u00fa\u00f1oz, desequilibrante, goleador y pensante, le dio el triunfo a Magallanes Azul con dos grandes jugadas cuando el 5-6 dominaba y se escapaban los minutos como agua entre las manos. Una formidable habilitaci\u00f3n para que Fausto Moreno anote de cabeza y una veloz apilada de pie a pie que termin\u00f3 con pase al segundo palo para que Gustavo Castillo ponga el 7 a 6 definitivo.<\/span><\/p>\n<p class=\"MsoNormal\"><a href=\"http:\/\/labestiadeportiva.com\/lbd\/wp-content\/uploads\/2013\/04\/MG_2328.jpg\"><img loading=\"lazy\" class=\"aligncenter size-medium wp-image-4133\" title=\"_MG_2328\" src=\"http:\/\/labestiadeportiva.com\/lbd\/wp-content\/uploads\/2013\/04\/MG_2328-300x183.jpg\" alt=\"\" width=\"300\" height=\"183\" srcset=\"https:\/\/labestiadeportiva.com\/lbd\/wp-content\/uploads\/2013\/04\/MG_2328-300x183.jpg 300w, https:\/\/labestiadeportiva.com\/lbd\/wp-content\/uploads\/2013\/04\/MG_2328.jpg 640w\" sizes=\"(max-width: 300px) 100vw, 300px\" \/><\/a><span lang=\"ES\">Ahora Magallanes deber\u00e1 esperar para ver c\u00f3mo evolucionan sus arqueros, Ch\u00e1vez y Javier Ortega, que sufrieron esguinces de rodilla y de tobillo, respectivamente, para lo que pueden apelar a llamar a uno de los 4 que tiene el Blanco en su plantel.<\/span><\/p>\n<p class=\"MsoNormal\"><span lang=\"ES\">\u00d3ptica Social aplast\u00f3 11 a 2 a un Comercio que ven\u00eda queriendo levantar pero que no supo c\u00f3mo hacer para frenar a este equipo que ya demuestra estar entre lo mejor del futsal ushuaiense y que debe mirar a Magallanes como principal competidor.<\/span><\/p>\n<p class=\"MsoNormal\"><span lang=\"ES\">Los primeros 8\/9 minutos fueron intensos en la posesi\u00f3n de pelota y en la presi\u00f3n que ejercieron los de Jos\u00e9 \u00c1lvarez. Hasta ese momento era un tr\u00e1mite parejo, pero todav\u00eda no hab\u00edan entrado las dos figuras que tiene Mart\u00edn Bonvehi, Richard Remolcoy y Mat\u00edas Avenda\u00f1o, quienes a los breves instantes de entrar ya dibujaron el primer tanto que convirti\u00f3 \u201cEl Lagarto\u201d.<\/span><\/p>\n<p class=\"MsoNormal\"><span lang=\"ES\">De ah\u00ed en m\u00e1s fue un monologo de los blancos. El mejor de Comercio, Luciano Nicollielo y el goleador Franco Llamas no aparec\u00edan y se hac\u00eda dif\u00edcil de esa manera.<\/span><\/p>\n<p class=\"MsoNormal\"><span lang=\"ES\">Mientras que del otro lado una apilada del pivot de \u00d3ptica que termin\u00f3 empujando Mat\u00edas Ojeda y un gol del mismo Avenda\u00f1o convirtiendo tras pase de Remolcoy que hab\u00eda desairado a la defensa rival fueron los dos goles que terminaron de sentenciar la victoria porque aunque sobraban 5 minutos y todo el ep\u00edlogo ya los de \u00c1lvarez se notaban perdidos en el \u201cCochocho\u201d Vargas.<\/span><\/p>\n<p class=\"MsoNormal\"><span lang=\"ES\">Para los segundos 20 minutos Bonvehi decidi\u00f3 rotar el cuarteto, inclusive al arquero ya que entr\u00f3 \u201cEl Hueso\u201d Grigera.<\/span><\/p>\n<p class=\"MsoNormal\"><span lang=\"ES\">Remolcoy volvi\u00f3 a romper el partido cuando ingres\u00f3 generando al igual que en la parte inicial una tras otra jugadas peligrosas para \u00d3ptica, que el mi\u00e9rcoles 1 de mayo tendr\u00e1 un choque muy duro contra Magallanes Blanco.<\/span><\/p>\n<p class=\"MsoNormal\"><span lang=\"ES\">Previamente, Defensores Azul empataba 2 a 2 contra los de Ulloa que lograron la igualdad en el final con dos buenas definiciones de Daniel Mercorelli muy cerca del cierre del encuentro. <\/span><\/p>\n<p class=\"MsoNormal\"><span lang=\"ES\">\u00a0Por su parte, los dos \u00faltimos de la tabla, Deportivo Austral \u201cA\u201d y \u201cB\u201d, chocaron con victoria de este \u00faltimo por 6 a 5 con excelente actuaci\u00f3n de su capit\u00e1n Sergio Rodr\u00edguez, qui\u00e9n marc\u00f3 3 goles.<\/span><\/p>\n<p class=\"MsoNormal\"><span lang=\"ES\">El s\u00e1bado hab\u00eda igualado HAF \u201cB\u201d 5 a 5<span style=\"mso-spacerun: yes;\">\u00a0 <\/span>ante Ateneo Verde, que tuvo a Franco Gonz\u00e1lez, convocado por la selecci\u00f3n de Ushuaia, como figura del partido.<\/span><\/p>\n<p class=\"MsoNormal\"><a href=\"http:\/\/labestiadeportiva.com\/lbd\/wp-content\/uploads\/2013\/04\/MG_2355.jpg\"><img loading=\"lazy\" class=\"aligncenter size-medium wp-image-4134\" title=\"_MG_2355\" src=\"http:\/\/labestiadeportiva.com\/lbd\/wp-content\/uploads\/2013\/04\/MG_2355-300x171.jpg\" alt=\"\" width=\"300\" height=\"171\" srcset=\"https:\/\/labestiadeportiva.com\/lbd\/wp-content\/uploads\/2013\/04\/MG_2355-300x171.jpg 300w, https:\/\/labestiadeportiva.com\/lbd\/wp-content\/uploads\/2013\/04\/MG_2355.jpg 640w\" sizes=\"(max-width: 300px) 100vw, 300px\" \/><\/a><\/p>\n<p class=\"MsoNormal\"><span lang=\"ES\">Tabla del certamen:<\/span><\/p>\n<p class=\"MsoNormal\"><span style=\"color: #ff0000;\" lang=\"ES\">1-Mag. Azul 6 12<\/span><\/p>\n<p class=\"MsoNormal\"><span style=\"color: #0000ff;\" lang=\"ES\">2- \u00d3ptica Soc. \u201cA\u201d 6 10<\/span><\/p>\n<p class=\"MsoNormal\"><span lang=\"ES\">3- Mag. Bco. 6 9<\/span><\/p>\n<p class=\"MsoNormal\"><span lang=\"ES\">4- Def. Azul 6 7<\/span><\/p>\n<p class=\"MsoNormal\"><span lang=\"ES\">5- Dep. Austral \u201cC\u201d 6 6<\/span><\/p>\n<p class=\"MsoNormal\"><span lang=\"ES\">6- Comercio 6 6<\/span><\/p>\n<p class=\"MsoNormal\"><span lang=\"ES\">7- HAF \u201cB\u201d 6 4<\/span><\/p>\n<p class=\"MsoNormal\"><span lang=\"ES\">8- Ateneo Verde 6 3<\/span><\/p>\n<p class=\"MsoNormal\"><span lang=\"ES\">9- Dep. Austral \u201cB\u201d 6 2<\/span><\/p>\n<p class=\"MsoNormal\"><span lang=\"ES\">10- Dep. Austral \u201cA\u201d 6 0<\/span><\/p>\n<p class=\"MsoNormal\"><span lang=\"ES\">\u00a0<\/span><\/p>\n<p class=\"MsoNormal\"><span lang=\"ES\">\u00a0<\/span><\/p>\n<p class=\"MsoNormal\"><span lang=\"ES\">\u00a0<\/span><\/p>\n<div class='epvc-post-count'><span class='epvc-eye'><\/span>  <span class=\"epvc-count\"> 1.205<\/span><span class='epvc-label'> veces le\u00edda<\/span><\/div>\n<div class=\"jwsharethis\">\nShare this: \n<br \/>\n<a href=\"mailto:?subject=No%20le%20pierde%20pisada%20a%20Magallanes&amp;body=https%3A%2F%2Flabestiadeportiva.com%2Flbd%2Fno-le-pierde-pisada-a-magallanes%2F\">\n<img src=\"https:\/\/labestiadeportiva.com\/lbd\/wp-content\/plugins\/jw-share-this\/email.png\" alt=\"Share this page via Email\" \/>\n<\/a>\n<a target=\"_blank\" href=\"http:\/\/www.stumbleupon.com\/submit?url=https%3A%2F%2Flabestiadeportiva.com%2Flbd%2Fno-le-pierde-pisada-a-magallanes%2F&amp;title=No+le+pierde+pisada+a+Magallanes\">\n<img src=\"https:\/\/labestiadeportiva.com\/lbd\/wp-content\/plugins\/jw-share-this\/su.png\" alt=\"Share this page via Stumble Upon\" \/>\n<\/a>\n<a target=\"_blank\" href=\"http:\/\/digg.com\/submit?url=https%3A%2F%2Flabestiadeportiva.com%2Flbd%2Fno-le-pierde-pisada-a-magallanes%2F&amp;title=No+le+pierde+pisada+a+Magallanes\">\n<img src=\"https:\/\/labestiadeportiva.com\/lbd\/wp-content\/plugins\/jw-share-this\/digg.png\" alt=\"Share this page via Digg this\" \/>\n<\/a>\n<a target=\"_blank\" href=\"http:\/\/www.facebook.com\/sharer.php?u=https%3A%2F%2Flabestiadeportiva.com%2Flbd%2Fno-le-pierde-pisada-a-magallanes%2F&amp;t=No+le+pierde+pisada+a+Magallanes\">\n<img src=\"https:\/\/labestiadeportiva.com\/lbd\/wp-content\/plugins\/jw-share-this\/fb.png\" alt=\"Share this page via Facebook\" \/>\n<\/a>\n<a target=\"_blank\" href=\"http:\/\/twitter.com\/intent\/tweet?text=I+like+https%3A%2F%2Flabestiadeportiva.com%2Flbd%2Fno-le-pierde-pisada-a-magallanes%2F&amp;title=No+le+pierde+pisada+a+Magallanes\">\n<img src=\"https:\/\/labestiadeportiva.com\/lbd\/wp-content\/plugins\/jw-share-this\/twitter.png\" alt=\"Share this page via Twitter\" \/>\n<\/a>\n<\/div>\n","protected":false},"excerpt":{"rendered":"<p>Por Germ\u00e1n Fuentes (Futsal Federado para LBD) \u00d3ptica Social gole\u00f3 y aprovech\u00f3 la igualdad entre Defensores y Magallanes Blanco, para despegarse de este \u00faltimo y ser el \u00fanico escolta del Azul, que sorte\u00f3 a un rival dur\u00edsimo como Deportivo Austral \u201cC\u201d. A priori el elenco de Pedro Zeballes pod\u00eda ser uno de los pocos que &hellip; <a href=\"https:\/\/labestiadeportiva.com\/lbd\/no-le-pierde-pisada-a-magallanes\/\" class=\"more-link\">Seguir leyendo <span class=\"screen-reader-text\">No le pierde pisada a Magallanes<\/span> <span class=\"meta-nav\">&rarr;<\/span><\/a><\/p>\n","protected":false},"author":1,"featured_media":4132,"comment_status":"open","ping_status":"open","sticky":false,"template":"","format":"standard","meta":[],"categories":[5,1],"tags":[215,4833],"_links":{"self":[{"href":"https:\/\/labestiadeportiva.com\/lbd\/wp-json\/wp\/v2\/posts\/4131"}],"collection":[{"href":"https:\/\/labestiadeportiva.com\/lbd\/wp-json\/wp\/v2\/posts"}],"about":[{"href":"https:\/\/labestiadeportiva.com\/lbd\/wp-json\/wp\/v2\/types\/post"}],"author":[{"embeddable":true,"href":"https:\/\/labestiadeportiva.com\/lbd\/wp-json\/wp\/v2\/users\/1"}],"replies":[{"embeddable":true,"href":"https:\/\/labestiadeportiva.com\/lbd\/wp-json\/wp\/v2\/comments?post=4131"}],"version-history":[{"count":1,"href":"https:\/\/labestiadeportiva.com\/lbd\/wp-json\/wp\/v2\/posts\/4131\/revisions"}],"predecessor-version":[{"id":4135,"href":"https:\/\/labestiadeportiva.com\/lbd\/wp-json\/wp\/v2\/posts\/4131\/revisions\/4135"}],"wp:featuredmedia":[{"embeddable":true,"href":"https:\/\/labestiadeportiva.com\/lbd\/wp-json\/wp\/v2\/media\/4132"}],"wp:attachment":[{"href":"https:\/\/labestiadeportiva.com\/lbd\/wp-json\/wp\/v2\/media?parent=4131"}],"wp:term":[{"taxonomy":"category","embeddable":true,"href":"https:\/\/labestiadeportiva.com\/lbd\/wp-json\/wp\/v2\/categories?post=4131"},{"taxonomy":"post_tag","embeddable":true,"href":"https:\/\/labestiadeportiva.com\/lbd\/wp-json\/wp\/v2\/tags?post=4131"}],"curies":[{"name":"wp","href":"https:\/\/api.w.org\/{rel}","templated":true}]}}