{"id":4140,"date":"2013-05-01T04:16:38","date_gmt":"2013-05-01T04:16:38","guid":{"rendered":"http:\/\/labestiadeportiva.com\/lbd\/?p=4140"},"modified":"2013-05-01T04:16:38","modified_gmt":"2013-05-01T04:16:38","slug":"camioneroslos-cuervos-el-domingo-a-las-15","status":"publish","type":"post","link":"https:\/\/labestiadeportiva.com\/lbd\/camioneroslos-cuervos-el-domingo-a-las-15\/","title":{"rendered":"Camioneros\/Los Cuervos el domingo a las 15"},"content":{"rendered":"<p class=\"MsoNormal\"><a href=\"http:\/\/labestiadeportiva.com\/lbd\/wp-content\/uploads\/2013\/05\/MG_0636.jpg\"><img loading=\"lazy\" class=\"alignleft size-medium wp-image-4141\" title=\"_MG_0636\" src=\"http:\/\/labestiadeportiva.com\/lbd\/wp-content\/uploads\/2013\/05\/MG_0636-300x274.jpg\" alt=\"\" width=\"300\" height=\"274\" srcset=\"https:\/\/labestiadeportiva.com\/lbd\/wp-content\/uploads\/2013\/05\/MG_0636-300x274.jpg 300w, https:\/\/labestiadeportiva.com\/lbd\/wp-content\/uploads\/2013\/05\/MG_0636.jpg 525w\" sizes=\"(max-width: 300px) 100vw, 300px\" \/><\/a>Finalmente y luego de la reuni\u00f3n de este martes por la tarde noche realizada por los dirigentes de la Liga Ushuaiense en la \u201cCasita del F\u00fatbol\u201d quedo confirmado el cambio de d\u00eda y horario para el trascendental juego <span style=\"mso-spacerun: yes;\">\u00a0<\/span>entre los dos m\u00e1ximos candidatos a quedarse con el presente torneo de primera divisi\u00f3n \u201cA\u201d.<!--morePara leer Click Aqu\u00ed--><\/p>\n<p class=\"MsoNormal\">Como se rumoreaba en el ambiente futbolero hace ya un par de d\u00edas el encuentro programado originalmente para este jueves a las 21.15, que completar\u00eda la fecha 17, se jugar\u00e1 tres d\u00edas despu\u00e9s de lo previsto.<\/p>\n<p class=\"MsoNormal\">El argumento principal esgrimido por los integrantes de la Comisi\u00f3n Directiva de la Liga Ushuaiense fue que encontraban inconveniente el realizar dicho partido de noche pues estimaban que el mismo ser\u00eda seguido por una interesante cantidad de p\u00fablico, principalmente transportista.<\/p>\n<p class=\"MsoNormal\">Hasta donde pudimos saber la gente azulgrana no ten\u00eda inconveniente de jugar entre semana y hasta lo prefer\u00eda, de cualquier forma los muchachos de Aducci <span style=\"mso-spacerun: yes;\">\u00a0<\/span>est\u00e1n listos para salir al sint\u00e9tico municipal cuando la Liga lo disponga.<\/p>\n<p class=\"MsoNormal\">De esta forma la definici\u00f3n del presente torneo oficial de 1\u00b0 divisi\u00f3n \u201cA\u201d \u201cFeliciano Genes\u201d se extender\u00e1 siete d\u00edas m\u00e1s, esperemos que el tiempo acompa\u00f1e hasta el fin de semana del 11 y 12 de mayo cuando supuestamente sabremos qui\u00e9n<span style=\"mso-spacerun: yes;\">\u00a0 <\/span>ser\u00e1 el nuevo campe\u00f3n y subcampe\u00f3n de la Liga y por ende representantes ushuaienses en el TDI 2014. <span style=\"mso-spacerun: yes;\">\u00a0<\/span><span style=\"mso-spacerun: yes;\">\u00a0<\/span><\/p>\n<div class='epvc-post-count'><span class='epvc-eye'><\/span>  <span class=\"epvc-count\"> 1.319<\/span><span class='epvc-label'> veces le\u00edda<\/span><\/div>\n<div class=\"jwsharethis\">\nShare this: \n<br \/>\n<a href=\"mailto:?subject=Camioneros%2FLos%20Cuervos%20el%20domingo%20a%20las%2015&amp;body=https%3A%2F%2Flabestiadeportiva.com%2Flbd%2Fcamioneroslos-cuervos-el-domingo-a-las-15%2F\">\n<img src=\"https:\/\/labestiadeportiva.com\/lbd\/wp-content\/plugins\/jw-share-this\/email.png\" alt=\"Share this page via Email\" \/>\n<\/a>\n<a target=\"_blank\" href=\"http:\/\/www.stumbleupon.com\/submit?url=https%3A%2F%2Flabestiadeportiva.com%2Flbd%2Fcamioneroslos-cuervos-el-domingo-a-las-15%2F&amp;title=Camioneros%2FLos+Cuervos+el+domingo+a+las+15\">\n<img src=\"https:\/\/labestiadeportiva.com\/lbd\/wp-content\/plugins\/jw-share-this\/su.png\" alt=\"Share this page via Stumble Upon\" \/>\n<\/a>\n<a target=\"_blank\" href=\"http:\/\/digg.com\/submit?url=https%3A%2F%2Flabestiadeportiva.com%2Flbd%2Fcamioneroslos-cuervos-el-domingo-a-las-15%2F&amp;title=Camioneros%2FLos+Cuervos+el+domingo+a+las+15\">\n<img src=\"https:\/\/labestiadeportiva.com\/lbd\/wp-content\/plugins\/jw-share-this\/digg.png\" alt=\"Share this page via Digg this\" \/>\n<\/a>\n<a target=\"_blank\" href=\"http:\/\/www.facebook.com\/sharer.php?u=https%3A%2F%2Flabestiadeportiva.com%2Flbd%2Fcamioneroslos-cuervos-el-domingo-a-las-15%2F&amp;t=Camioneros%2FLos+Cuervos+el+domingo+a+las+15\">\n<img src=\"https:\/\/labestiadeportiva.com\/lbd\/wp-content\/plugins\/jw-share-this\/fb.png\" alt=\"Share this page via Facebook\" \/>\n<\/a>\n<a target=\"_blank\" href=\"http:\/\/twitter.com\/intent\/tweet?text=I+like+https%3A%2F%2Flabestiadeportiva.com%2Flbd%2Fcamioneroslos-cuervos-el-domingo-a-las-15%2F&amp;title=Camioneros%2FLos+Cuervos+el+domingo+a+las+15\">\n<img src=\"https:\/\/labestiadeportiva.com\/lbd\/wp-content\/plugins\/jw-share-this\/twitter.png\" alt=\"Share this page via Twitter\" \/>\n<\/a>\n<\/div>\n","protected":false},"excerpt":{"rendered":"<p>Finalmente y luego de la reuni\u00f3n de este martes por la tarde noche realizada por los dirigentes de la Liga Ushuaiense en la \u201cCasita del F\u00fatbol\u201d quedo confirmado el cambio de d\u00eda y horario para el trascendental juego \u00a0entre los dos m\u00e1ximos candidatos a quedarse con el presente torneo de primera divisi\u00f3n \u201cA\u201d. 1.319 veces &hellip; <a href=\"https:\/\/labestiadeportiva.com\/lbd\/camioneroslos-cuervos-el-domingo-a-las-15\/\" class=\"more-link\">Seguir leyendo <span class=\"screen-reader-text\">Camioneros\/Los Cuervos el domingo a las 15<\/span> <span class=\"meta-nav\">&rarr;<\/span><\/a><\/p>\n","protected":false},"author":1,"featured_media":4141,"comment_status":"open","ping_status":"open","sticky":false,"template":"","format":"standard","meta":[],"categories":[5,1],"tags":[297,586,17,48],"_links":{"self":[{"href":"https:\/\/labestiadeportiva.com\/lbd\/wp-json\/wp\/v2\/posts\/4140"}],"collection":[{"href":"https:\/\/labestiadeportiva.com\/lbd\/wp-json\/wp\/v2\/posts"}],"about":[{"href":"https:\/\/labestiadeportiva.com\/lbd\/wp-json\/wp\/v2\/types\/post"}],"author":[{"embeddable":true,"href":"https:\/\/labestiadeportiva.com\/lbd\/wp-json\/wp\/v2\/users\/1"}],"replies":[{"embeddable":true,"href":"https:\/\/labestiadeportiva.com\/lbd\/wp-json\/wp\/v2\/comments?post=4140"}],"version-history":[{"count":1,"href":"https:\/\/labestiadeportiva.com\/lbd\/wp-json\/wp\/v2\/posts\/4140\/revisions"}],"predecessor-version":[{"id":4142,"href":"https:\/\/labestiadeportiva.com\/lbd\/wp-json\/wp\/v2\/posts\/4140\/revisions\/4142"}],"wp:featuredmedia":[{"embeddable":true,"href":"https:\/\/labestiadeportiva.com\/lbd\/wp-json\/wp\/v2\/media\/4141"}],"wp:attachment":[{"href":"https:\/\/labestiadeportiva.com\/lbd\/wp-json\/wp\/v2\/media?parent=4140"}],"wp:term":[{"taxonomy":"category","embeddable":true,"href":"https:\/\/labestiadeportiva.com\/lbd\/wp-json\/wp\/v2\/categories?post=4140"},{"taxonomy":"post_tag","embeddable":true,"href":"https:\/\/labestiadeportiva.com\/lbd\/wp-json\/wp\/v2\/tags?post=4140"}],"curies":[{"name":"wp","href":"https:\/\/api.w.org\/{rel}","templated":true}]}}