{"id":4143,"date":"2013-05-02T14:32:21","date_gmt":"2013-05-02T14:32:21","guid":{"rendered":"http:\/\/labestiadeportiva.com\/lbd\/?p=4143"},"modified":"2013-05-02T14:32:21","modified_gmt":"2013-05-02T14:32:21","slug":"auf-wiedersehen-madrid-y-barca","status":"publish","type":"post","link":"https:\/\/labestiadeportiva.com\/lbd\/auf-wiedersehen-madrid-y-barca\/","title":{"rendered":"Auf  Wiedersehen Madrid y Bar\u00e7a"},"content":{"rendered":"<p class=\"MsoNormal\"><span lang=\"ES\">Por Daniel Campos (Corresponsal LBD en Palma de Mallorca, Espa\u00f1a)<\/span><\/p>\n<p><span lang=\"ES\"><a href=\"http:\/\/labestiadeportiva.com\/lbd\/wp-content\/uploads\/2013\/05\/ROB.jpg\"><img loading=\"lazy\" class=\"alignleft size-full wp-image-4144\" title=\"ROB\" src=\"http:\/\/labestiadeportiva.com\/lbd\/wp-content\/uploads\/2013\/05\/ROB.jpg\" alt=\"\" width=\"300\" height=\"192\" \/><\/a>Triste despedida del f\u00fatbol espa\u00f1ol de la Liga de Campeones, sus dos representantes eliminados y humillados en su propia casa, algunos por goleada, peor no pod\u00eda ser. <\/span><\/p>\n<p><span lang=\"ES\">El Real Madrid lo intent\u00f3 pero no pudo, ni \u00e9pica ni remontada como suele decirse en Espa\u00f1a, el Borussia aguant\u00f3 el embate de los \u00faltimos diez<span style=\"mso-spacerun: yes;\">\u00a0 <\/span>minutos del conjunto blanco, aunque durante todo el partido lucho, por vencer el cerrojo alem\u00e1n.<!--morePara leer Click Aqu\u00ed--> <\/span><\/p>\n<p><span lang=\"ES\">Fue tras el gol de Benzema, a siete minutos del final que despert\u00f3 el equipo de Mourinho y crey\u00f3 en sus posibilidades. Luego Ramos, en el minuto 88 puso el 2 a 0, un tanto m\u00e1s y el pasaje a Wembley estaba servido, aunque Howard Webb, adicion\u00f3 cinco minutos m\u00e1s, pero ya fue demasiado tarde. <\/span><\/p>\n<p><span lang=\"ES\">El Borussia sabore\u00f3 la derrota m\u00e1s dulce y tras 16 a\u00f1os vuelve a una final europea. El pr\u00f3ximo 25 de mayo en Wembley, lo espera el otro finalista germano, el Bayern de Munich, que venci\u00f3 por 3 a 0 al Barcelona. En el Camp Nou, tambi\u00e9n estaban preparados para la fiesta, pero todo se qued\u00f3 en eso, en<span style=\"mso-spacerun: yes;\">\u00a0 <\/span>preparativos. <\/span><\/p>\n<p><span lang=\"ES\">A las bajas confirmadas de Busquets, Mascherano y Puyol se sum\u00f3 la de Leo Messi. Sorpresa para la afici\u00f3n local y para el Bayern. Las molestias del jugador argentino continuaban y se quedo en el banquillo. Pero con Messi o sin \u00e9l, el partido se jug\u00f3 igual. <\/span><\/p>\n<p><span lang=\"ES\">El conjunto alem\u00e1n lejos de aferrase a su amplia ventaja de la eliminatoria sali\u00f3 dispuesto a llevarse el encuentro. As\u00ed lo hicieron, el marcador lo abri\u00f3 Robben con un excelente disparo cruzado de zurda, V\u00e1ldes no tuvo nada que hacer, luego Piqu\u00e9 en contra puso el 2 a 0 y M\u00fcller de cabeza sell\u00f3 el match. <\/span><\/p>\n<p><span lang=\"ES\">De esta manera, el Bayern y el Borussia se han ganado el derecho de disputar la final de la Champions en Londres a fines de mayo y es la primera vez que dos equipos de la Bundesliga lo logran. <span style=\"mso-spacerun: yes;\">\u00a0\u00a0<\/span><\/span><\/p>\n<p><a href=\"http:\/\/labestiadeportiva.com\/lbd\/wp-content\/uploads\/2013\/05\/RMBD.jpg\"><img loading=\"lazy\" class=\"aligncenter size-full wp-image-4145\" title=\"RMBD\" src=\"http:\/\/labestiadeportiva.com\/lbd\/wp-content\/uploads\/2013\/05\/RMBD.jpg\" alt=\"\" width=\"300\" height=\"228\" \/><\/a><\/p>\n<div class='epvc-post-count'><span class='epvc-eye'><\/span>  <span class=\"epvc-count\"> 1.343<\/span><span class='epvc-label'> veces le\u00edda<\/span><\/div>\n<div class=\"jwsharethis\">\nShare this: \n<br \/>\n<a href=\"mailto:?subject=Auf%20%20Wiedersehen%20Madrid%20y%20Bar%C3%A7a&amp;body=https%3A%2F%2Flabestiadeportiva.com%2Flbd%2Fauf-wiedersehen-madrid-y-barca%2F\">\n<img src=\"https:\/\/labestiadeportiva.com\/lbd\/wp-content\/plugins\/jw-share-this\/email.png\" alt=\"Share this page via Email\" \/>\n<\/a>\n<a target=\"_blank\" href=\"http:\/\/www.stumbleupon.com\/submit?url=https%3A%2F%2Flabestiadeportiva.com%2Flbd%2Fauf-wiedersehen-madrid-y-barca%2F&amp;title=Auf++Wiedersehen+Madrid+y+Bar%C3%A7a\">\n<img src=\"https:\/\/labestiadeportiva.com\/lbd\/wp-content\/plugins\/jw-share-this\/su.png\" alt=\"Share this page via Stumble Upon\" \/>\n<\/a>\n<a target=\"_blank\" href=\"http:\/\/digg.com\/submit?url=https%3A%2F%2Flabestiadeportiva.com%2Flbd%2Fauf-wiedersehen-madrid-y-barca%2F&amp;title=Auf++Wiedersehen+Madrid+y+Bar%C3%A7a\">\n<img src=\"https:\/\/labestiadeportiva.com\/lbd\/wp-content\/plugins\/jw-share-this\/digg.png\" alt=\"Share this page via Digg this\" \/>\n<\/a>\n<a target=\"_blank\" href=\"http:\/\/www.facebook.com\/sharer.php?u=https%3A%2F%2Flabestiadeportiva.com%2Flbd%2Fauf-wiedersehen-madrid-y-barca%2F&amp;t=Auf++Wiedersehen+Madrid+y+Bar%C3%A7a\">\n<img src=\"https:\/\/labestiadeportiva.com\/lbd\/wp-content\/plugins\/jw-share-this\/fb.png\" alt=\"Share this page via Facebook\" \/>\n<\/a>\n<a target=\"_blank\" href=\"http:\/\/twitter.com\/intent\/tweet?text=I+like+https%3A%2F%2Flabestiadeportiva.com%2Flbd%2Fauf-wiedersehen-madrid-y-barca%2F&amp;title=Auf++Wiedersehen+Madrid+y+Bar%C3%A7a\">\n<img src=\"https:\/\/labestiadeportiva.com\/lbd\/wp-content\/plugins\/jw-share-this\/twitter.png\" alt=\"Share this page via Twitter\" \/>\n<\/a>\n<\/div>\n","protected":false},"excerpt":{"rendered":"<p>Por Daniel Campos (Corresponsal LBD en Palma de Mallorca, Espa\u00f1a) Triste despedida del f\u00fatbol espa\u00f1ol de la Liga de Campeones, sus dos representantes eliminados y humillados en su propia casa, algunos por goleada, peor no pod\u00eda ser. El Real Madrid lo intent\u00f3 pero no pudo, ni \u00e9pica ni remontada como suele decirse en Espa\u00f1a, el &hellip; <a href=\"https:\/\/labestiadeportiva.com\/lbd\/auf-wiedersehen-madrid-y-barca\/\" class=\"more-link\">Seguir leyendo <span class=\"screen-reader-text\">Auf  Wiedersehen Madrid y Bar\u00e7a<\/span> <span class=\"meta-nav\">&rarr;<\/span><\/a><\/p>\n","protected":false},"author":1,"featured_media":4144,"comment_status":"open","ping_status":"open","sticky":false,"template":"","format":"standard","meta":[],"categories":[4,1],"tags":[104,4830],"_links":{"self":[{"href":"https:\/\/labestiadeportiva.com\/lbd\/wp-json\/wp\/v2\/posts\/4143"}],"collection":[{"href":"https:\/\/labestiadeportiva.com\/lbd\/wp-json\/wp\/v2\/posts"}],"about":[{"href":"https:\/\/labestiadeportiva.com\/lbd\/wp-json\/wp\/v2\/types\/post"}],"author":[{"embeddable":true,"href":"https:\/\/labestiadeportiva.com\/lbd\/wp-json\/wp\/v2\/users\/1"}],"replies":[{"embeddable":true,"href":"https:\/\/labestiadeportiva.com\/lbd\/wp-json\/wp\/v2\/comments?post=4143"}],"version-history":[{"count":2,"href":"https:\/\/labestiadeportiva.com\/lbd\/wp-json\/wp\/v2\/posts\/4143\/revisions"}],"predecessor-version":[{"id":4147,"href":"https:\/\/labestiadeportiva.com\/lbd\/wp-json\/wp\/v2\/posts\/4143\/revisions\/4147"}],"wp:featuredmedia":[{"embeddable":true,"href":"https:\/\/labestiadeportiva.com\/lbd\/wp-json\/wp\/v2\/media\/4144"}],"wp:attachment":[{"href":"https:\/\/labestiadeportiva.com\/lbd\/wp-json\/wp\/v2\/media?parent=4143"}],"wp:term":[{"taxonomy":"category","embeddable":true,"href":"https:\/\/labestiadeportiva.com\/lbd\/wp-json\/wp\/v2\/categories?post=4143"},{"taxonomy":"post_tag","embeddable":true,"href":"https:\/\/labestiadeportiva.com\/lbd\/wp-json\/wp\/v2\/tags?post=4143"}],"curies":[{"name":"wp","href":"https:\/\/api.w.org\/{rel}","templated":true}]}}