{"id":41470,"date":"2022-03-29T08:36:01","date_gmt":"2022-03-29T11:36:01","guid":{"rendered":"http:\/\/labestiadeportiva.com\/lbd\/?p=41470"},"modified":"2022-03-29T16:33:09","modified_gmt":"2022-03-29T19:33:09","slug":"terrible-challenger-daniel","status":"publish","type":"post","link":"https:\/\/labestiadeportiva.com\/lbd\/terrible-challenger-daniel\/","title":{"rendered":"\u00abTerrible\u00bb Challenger Daniel! (Audio)"},"content":{"rendered":"<p><a href=\"http:\/\/labestiadeportiva.com\/lbd\/wp-content\/uploads\/2022\/03\/FB_IMG_1648483871261.jpg\"><img loading=\"lazy\" src=\"http:\/\/labestiadeportiva.com\/lbd\/wp-content\/uploads\/2022\/03\/FB_IMG_1648483871261-300x198.jpg\" alt=\"FB_IMG_1648483871261\" width=\"300\" height=\"198\" class=\"aligncenter size-medium wp-image-41472\" srcset=\"https:\/\/labestiadeportiva.com\/lbd\/wp-content\/uploads\/2022\/03\/FB_IMG_1648483871261-300x198.jpg 300w, https:\/\/labestiadeportiva.com\/lbd\/wp-content\/uploads\/2022\/03\/FB_IMG_1648483871261-640x423.jpg 640w, https:\/\/labestiadeportiva.com\/lbd\/wp-content\/uploads\/2022\/03\/FB_IMG_1648483871261.jpg 720w\" sizes=\"(max-width: 300px) 100vw, 300px\" \/><\/a><br \/>\nEl piloto ushuaiense Daniel \u00abTerrible\u00bb C\u00e1rdenas se qued\u00f3 con la 38\u00ba edici\u00f3n de la VTDF en forma contundente. Domin\u00f3 su segmento, ATV \u00c9lite, y la clasificaci\u00f3n general de los Quads. Quinta victoria alternada para el capitalino quien se adjudic\u00f3 la tan ansiada Copa Challenger.<\/p>\n<p>Extensa charla con LBD donde nos confi\u00f3 que su pr\u00f3ximo objetivo es intentar superar al m\u00e1s ganador de \u00abLa Vuelta\u00bb en cuatric\u00edclos Esteban \u00abPoroto\u00bb Bronzovich. Compartimos la entrevista lograda este lunes en la 94.1 FM del Sur.<!--more--><\/p>\n<p><iframe loading=\"lazy\" width=\"560\" height=\"315\" src=\"https:\/\/www.youtube.com\/embed\/MBm83ohuLCc\" title=\"YouTube video player\" frameborder=\"0\" allow=\"accelerometer; autoplay; clipboard-write; encrypted-media; gyroscope; picture-in-picture\" allowfullscreen><\/iframe><\/p>\n<div class='epvc-post-count'><span class='epvc-eye'><\/span>  <span class=\"epvc-count\"> 1.165<\/span><span class='epvc-label'> veces le\u00edda<\/span><\/div>\n<div class=\"jwsharethis\">\nShare this: \n<br \/>\n<a href=\"mailto:?subject=%C2%ABTerrible%C2%BB%20Challenger%20Daniel%21%20%28Audio%29&amp;body=https%3A%2F%2Flabestiadeportiva.com%2Flbd%2Fterrible-challenger-daniel%2F\">\n<img src=\"https:\/\/labestiadeportiva.com\/lbd\/wp-content\/plugins\/jw-share-this\/email.png\" alt=\"Share this page via Email\" \/>\n<\/a>\n<a target=\"_blank\" href=\"http:\/\/www.stumbleupon.com\/submit?url=https%3A%2F%2Flabestiadeportiva.com%2Flbd%2Fterrible-challenger-daniel%2F&amp;title=%C2%ABTerrible%C2%BB+Challenger+Daniel%21+%28Audio%29\">\n<img src=\"https:\/\/labestiadeportiva.com\/lbd\/wp-content\/plugins\/jw-share-this\/su.png\" alt=\"Share this page via Stumble Upon\" \/>\n<\/a>\n<a target=\"_blank\" href=\"http:\/\/digg.com\/submit?url=https%3A%2F%2Flabestiadeportiva.com%2Flbd%2Fterrible-challenger-daniel%2F&amp;title=%C2%ABTerrible%C2%BB+Challenger+Daniel%21+%28Audio%29\">\n<img src=\"https:\/\/labestiadeportiva.com\/lbd\/wp-content\/plugins\/jw-share-this\/digg.png\" alt=\"Share this page via Digg this\" \/>\n<\/a>\n<a target=\"_blank\" href=\"http:\/\/www.facebook.com\/sharer.php?u=https%3A%2F%2Flabestiadeportiva.com%2Flbd%2Fterrible-challenger-daniel%2F&amp;t=%C2%ABTerrible%C2%BB+Challenger+Daniel%21+%28Audio%29\">\n<img src=\"https:\/\/labestiadeportiva.com\/lbd\/wp-content\/plugins\/jw-share-this\/fb.png\" alt=\"Share this page via Facebook\" \/>\n<\/a>\n<a target=\"_blank\" href=\"http:\/\/twitter.com\/intent\/tweet?text=I+like+https%3A%2F%2Flabestiadeportiva.com%2Flbd%2Fterrible-challenger-daniel%2F&amp;title=%C2%ABTerrible%C2%BB+Challenger+Daniel%21+%28Audio%29\">\n<img src=\"https:\/\/labestiadeportiva.com\/lbd\/wp-content\/plugins\/jw-share-this\/twitter.png\" alt=\"Share this page via Twitter\" \/>\n<\/a>\n<\/div>\n","protected":false},"excerpt":{"rendered":"<p>El piloto ushuaiense Daniel \u00abTerrible\u00bb C\u00e1rdenas se qued\u00f3 con la 38\u00ba edici\u00f3n de la VTDF en forma contundente. Domin\u00f3 su segmento, ATV \u00c9lite, y la clasificaci\u00f3n general de los Quads. Quinta victoria alternada para el capitalino quien se adjudic\u00f3 la tan ansiada Copa Challenger. Extensa charla con LBD donde nos confi\u00f3 que su pr\u00f3ximo objetivo &hellip; <a href=\"https:\/\/labestiadeportiva.com\/lbd\/terrible-challenger-daniel\/\" class=\"more-link\">Seguir leyendo <span class=\"screen-reader-text\">\u00abTerrible\u00bb Challenger Daniel! (Audio)<\/span> <span class=\"meta-nav\">&rarr;<\/span><\/a><\/p>\n","protected":false},"author":1,"featured_media":0,"comment_status":"open","ping_status":"open","sticky":false,"template":"","format":"standard","meta":[],"categories":[5,6,60,2159,1,4706],"tags":[2502,3557,71,1362],"_links":{"self":[{"href":"https:\/\/labestiadeportiva.com\/lbd\/wp-json\/wp\/v2\/posts\/41470"}],"collection":[{"href":"https:\/\/labestiadeportiva.com\/lbd\/wp-json\/wp\/v2\/posts"}],"about":[{"href":"https:\/\/labestiadeportiva.com\/lbd\/wp-json\/wp\/v2\/types\/post"}],"author":[{"embeddable":true,"href":"https:\/\/labestiadeportiva.com\/lbd\/wp-json\/wp\/v2\/users\/1"}],"replies":[{"embeddable":true,"href":"https:\/\/labestiadeportiva.com\/lbd\/wp-json\/wp\/v2\/comments?post=41470"}],"version-history":[{"count":3,"href":"https:\/\/labestiadeportiva.com\/lbd\/wp-json\/wp\/v2\/posts\/41470\/revisions"}],"predecessor-version":[{"id":41478,"href":"https:\/\/labestiadeportiva.com\/lbd\/wp-json\/wp\/v2\/posts\/41470\/revisions\/41478"}],"wp:attachment":[{"href":"https:\/\/labestiadeportiva.com\/lbd\/wp-json\/wp\/v2\/media?parent=41470"}],"wp:term":[{"taxonomy":"category","embeddable":true,"href":"https:\/\/labestiadeportiva.com\/lbd\/wp-json\/wp\/v2\/categories?post=41470"},{"taxonomy":"post_tag","embeddable":true,"href":"https:\/\/labestiadeportiva.com\/lbd\/wp-json\/wp\/v2\/tags?post=41470"}],"curies":[{"name":"wp","href":"https:\/\/api.w.org\/{rel}","templated":true}]}}