{"id":41533,"date":"2022-04-05T17:15:11","date_gmt":"2022-04-05T20:15:11","guid":{"rendered":"http:\/\/labestiadeportiva.com\/lbd\/?p=41533"},"modified":"2022-04-05T17:20:21","modified_gmt":"2022-04-05T20:20:21","slug":"el-hockey-pista-federado-arranca-en-ushuaia-audio","status":"publish","type":"post","link":"https:\/\/labestiadeportiva.com\/lbd\/el-hockey-pista-federado-arranca-en-ushuaia-audio\/","title":{"rendered":"El hockey pista federado arranca en Ushuaia (Audio)"},"content":{"rendered":"<p><a href=\"http:\/\/labestiadeportiva.com\/lbd\/wp-content\/uploads\/2022\/04\/Screenshot_20220405-1716533.png\"><img loading=\"lazy\" src=\"http:\/\/labestiadeportiva.com\/lbd\/wp-content\/uploads\/2022\/04\/Screenshot_20220405-1716533.png\" alt=\"Screenshot_20220405-171653~3\" width=\"720\" height=\"476\" class=\"aligncenter size-full wp-image-41535\" srcset=\"https:\/\/labestiadeportiva.com\/lbd\/wp-content\/uploads\/2022\/04\/Screenshot_20220405-1716533.png 720w, https:\/\/labestiadeportiva.com\/lbd\/wp-content\/uploads\/2022\/04\/Screenshot_20220405-1716533-300x198.png 300w, https:\/\/labestiadeportiva.com\/lbd\/wp-content\/uploads\/2022\/04\/Screenshot_20220405-1716533-640x423.png 640w\" sizes=\"(max-width: 720px) 100vw, 720px\" \/><\/a><br \/>\nSer\u00e1 el pr\u00f3ximo fin de semana. As\u00ed lo confirm\u00f3 el Presidente de la Federaci\u00f3n Ignacio Cichero. Asimismo nos adelant\u00f3 que la capital provincial ser\u00e1 sede del Argentino de Clubes en el mes de Mayo. <\/p>\n<p>Compartimos la entrevista lograda este martes en la 94.1 FM del Sur.<!--more--><\/p>\n<p><iframe loading=\"lazy\" width=\"560\" height=\"315\" src=\"https:\/\/www.youtube.com\/embed\/AfAWVvBaTzg\" title=\"YouTube video player\" frameborder=\"0\" allow=\"accelerometer; autoplay; clipboard-write; encrypted-media; gyroscope; picture-in-picture\" allowfullscreen><\/iframe><\/p>\n<div class='epvc-post-count'><span class='epvc-eye'><\/span>  <span class=\"epvc-count\"> 1.136<\/span><span class='epvc-label'> veces le\u00edda<\/span><\/div>\n<div class=\"jwsharethis\">\nShare this: \n<br \/>\n<a href=\"mailto:?subject=El%20hockey%20pista%20federado%20arranca%20en%20Ushuaia%20%28Audio%29&amp;body=https%3A%2F%2Flabestiadeportiva.com%2Flbd%2Fel-hockey-pista-federado-arranca-en-ushuaia-audio%2F\">\n<img src=\"https:\/\/labestiadeportiva.com\/lbd\/wp-content\/plugins\/jw-share-this\/email.png\" alt=\"Share this page via Email\" \/>\n<\/a>\n<a target=\"_blank\" href=\"http:\/\/www.stumbleupon.com\/submit?url=https%3A%2F%2Flabestiadeportiva.com%2Flbd%2Fel-hockey-pista-federado-arranca-en-ushuaia-audio%2F&amp;title=El+hockey+pista+federado+arranca+en+Ushuaia+%28Audio%29\">\n<img src=\"https:\/\/labestiadeportiva.com\/lbd\/wp-content\/plugins\/jw-share-this\/su.png\" alt=\"Share this page via Stumble Upon\" \/>\n<\/a>\n<a target=\"_blank\" href=\"http:\/\/digg.com\/submit?url=https%3A%2F%2Flabestiadeportiva.com%2Flbd%2Fel-hockey-pista-federado-arranca-en-ushuaia-audio%2F&amp;title=El+hockey+pista+federado+arranca+en+Ushuaia+%28Audio%29\">\n<img src=\"https:\/\/labestiadeportiva.com\/lbd\/wp-content\/plugins\/jw-share-this\/digg.png\" alt=\"Share this page via Digg this\" \/>\n<\/a>\n<a target=\"_blank\" href=\"http:\/\/www.facebook.com\/sharer.php?u=https%3A%2F%2Flabestiadeportiva.com%2Flbd%2Fel-hockey-pista-federado-arranca-en-ushuaia-audio%2F&amp;t=El+hockey+pista+federado+arranca+en+Ushuaia+%28Audio%29\">\n<img src=\"https:\/\/labestiadeportiva.com\/lbd\/wp-content\/plugins\/jw-share-this\/fb.png\" alt=\"Share this page via Facebook\" \/>\n<\/a>\n<a target=\"_blank\" href=\"http:\/\/twitter.com\/intent\/tweet?text=I+like+https%3A%2F%2Flabestiadeportiva.com%2Flbd%2Fel-hockey-pista-federado-arranca-en-ushuaia-audio%2F&amp;title=El+hockey+pista+federado+arranca+en+Ushuaia+%28Audio%29\">\n<img src=\"https:\/\/labestiadeportiva.com\/lbd\/wp-content\/plugins\/jw-share-this\/twitter.png\" alt=\"Share this page via Twitter\" \/>\n<\/a>\n<\/div>\n","protected":false},"excerpt":{"rendered":"<p>Ser\u00e1 el pr\u00f3ximo fin de semana. As\u00ed lo confirm\u00f3 el Presidente de la Federaci\u00f3n Ignacio Cichero. Asimismo nos adelant\u00f3 que la capital provincial ser\u00e1 sede del Argentino de Clubes en el mes de Mayo. Compartimos la entrevista lograda este martes en la 94.1 FM del Sur. 1.136 veces le\u00edda Share this:<\/p>\n","protected":false},"author":1,"featured_media":0,"comment_status":"open","ping_status":"open","sticky":false,"template":"","format":"standard","meta":[],"categories":[5,60,2325,1],"tags":[1024,4838,45,32],"_links":{"self":[{"href":"https:\/\/labestiadeportiva.com\/lbd\/wp-json\/wp\/v2\/posts\/41533"}],"collection":[{"href":"https:\/\/labestiadeportiva.com\/lbd\/wp-json\/wp\/v2\/posts"}],"about":[{"href":"https:\/\/labestiadeportiva.com\/lbd\/wp-json\/wp\/v2\/types\/post"}],"author":[{"embeddable":true,"href":"https:\/\/labestiadeportiva.com\/lbd\/wp-json\/wp\/v2\/users\/1"}],"replies":[{"embeddable":true,"href":"https:\/\/labestiadeportiva.com\/lbd\/wp-json\/wp\/v2\/comments?post=41533"}],"version-history":[{"count":2,"href":"https:\/\/labestiadeportiva.com\/lbd\/wp-json\/wp\/v2\/posts\/41533\/revisions"}],"predecessor-version":[{"id":41536,"href":"https:\/\/labestiadeportiva.com\/lbd\/wp-json\/wp\/v2\/posts\/41533\/revisions\/41536"}],"wp:attachment":[{"href":"https:\/\/labestiadeportiva.com\/lbd\/wp-json\/wp\/v2\/media?parent=41533"}],"wp:term":[{"taxonomy":"category","embeddable":true,"href":"https:\/\/labestiadeportiva.com\/lbd\/wp-json\/wp\/v2\/categories?post=41533"},{"taxonomy":"post_tag","embeddable":true,"href":"https:\/\/labestiadeportiva.com\/lbd\/wp-json\/wp\/v2\/tags?post=41533"}],"curies":[{"name":"wp","href":"https:\/\/api.w.org\/{rel}","templated":true}]}}