{"id":41643,"date":"2022-04-25T17:14:47","date_gmt":"2022-04-25T20:14:47","guid":{"rendered":"http:\/\/labestiadeportiva.com\/lbd\/?p=41643"},"modified":"2022-04-25T17:22:00","modified_gmt":"2022-04-25T20:22:00","slug":"fausto-renata-y-lucas-presentes-en-san-luis-audio","status":"publish","type":"post","link":"https:\/\/labestiadeportiva.com\/lbd\/fausto-renata-y-lucas-presentes-en-san-luis-audio\/","title":{"rendered":"Fausto, Renata y Lucas presentes en San Luis (Audio)"},"content":{"rendered":"<p><a href=\"http:\/\/labestiadeportiva.com\/lbd\/wp-content\/uploads\/2022\/04\/IMG-20220424-WA00272.jpg\"><img loading=\"lazy\" src=\"http:\/\/labestiadeportiva.com\/lbd\/wp-content\/uploads\/2022\/04\/IMG-20220424-WA00272-135x300.jpg\" alt=\"IMG-20220424-WA0027~2\" width=\"135\" height=\"300\" class=\"aligncenter size-medium wp-image-41646\" srcset=\"https:\/\/labestiadeportiva.com\/lbd\/wp-content\/uploads\/2022\/04\/IMG-20220424-WA00272-135x300.jpg 135w, https:\/\/labestiadeportiva.com\/lbd\/wp-content\/uploads\/2022\/04\/IMG-20220424-WA00272-461x1024.jpg 461w, https:\/\/labestiadeportiva.com\/lbd\/wp-content\/uploads\/2022\/04\/IMG-20220424-WA00272-640x1422.jpg 640w, https:\/\/labestiadeportiva.com\/lbd\/wp-content\/uploads\/2022\/04\/IMG-20220424-WA00272.jpg 720w\" sizes=\"(max-width: 135px) 100vw, 135px\" \/><\/a><br \/>\nDurante el fin de semana se realiz\u00f3 el Campeonato Nacional U20 de atletismo en tierra puntana. All\u00ed estuvieron los ushuaienses Fausto Peralta y la cumplea\u00f1era Renata Godoy, acompa\u00f1ados por el entrenador Lucas Doffo.<\/p>\n<p>De regreso a la provincia realizaron un peque\u00f1o an\u00e1lisis de lo sucedido en competencia. Una vez m\u00e1s \u00abReny\u00bb se subi\u00f3 a un podio nacional siendo segunda en Salto en Largo y primera en los 400 metros con Vallas. <\/p>\n<p>Compartimos los audios exclusivos logrados este lunes en la 99.9 Radio Provincia.<!--more--><\/p>\n<p><iframe loading=\"lazy\" width=\"560\" height=\"315\" src=\"https:\/\/www.youtube.com\/embed\/Ef1YkHY9s4g\" title=\"YouTube video player\" frameborder=\"0\" allow=\"accelerometer; autoplay; clipboard-write; encrypted-media; gyroscope; picture-in-picture\" allowfullscreen><\/iframe><\/p>\n<div class='epvc-post-count'><span class='epvc-eye'><\/span>  <span class=\"epvc-count\"> 1.198<\/span><span class='epvc-label'> veces le\u00edda<\/span><\/div>\n<div class=\"jwsharethis\">\nShare this: \n<br \/>\n<a href=\"mailto:?subject=Fausto%2C%20Renata%20y%20Lucas%20presentes%20en%20San%20Luis%20%28Audio%29&amp;body=https%3A%2F%2Flabestiadeportiva.com%2Flbd%2Ffausto-renata-y-lucas-presentes-en-san-luis-audio%2F\">\n<img src=\"https:\/\/labestiadeportiva.com\/lbd\/wp-content\/plugins\/jw-share-this\/email.png\" alt=\"Share this page via Email\" \/>\n<\/a>\n<a target=\"_blank\" href=\"http:\/\/www.stumbleupon.com\/submit?url=https%3A%2F%2Flabestiadeportiva.com%2Flbd%2Ffausto-renata-y-lucas-presentes-en-san-luis-audio%2F&amp;title=Fausto%2C+Renata+y+Lucas+presentes+en+San+Luis+%28Audio%29\">\n<img src=\"https:\/\/labestiadeportiva.com\/lbd\/wp-content\/plugins\/jw-share-this\/su.png\" alt=\"Share this page via Stumble Upon\" \/>\n<\/a>\n<a target=\"_blank\" href=\"http:\/\/digg.com\/submit?url=https%3A%2F%2Flabestiadeportiva.com%2Flbd%2Ffausto-renata-y-lucas-presentes-en-san-luis-audio%2F&amp;title=Fausto%2C+Renata+y+Lucas+presentes+en+San+Luis+%28Audio%29\">\n<img src=\"https:\/\/labestiadeportiva.com\/lbd\/wp-content\/plugins\/jw-share-this\/digg.png\" alt=\"Share this page via Digg this\" \/>\n<\/a>\n<a target=\"_blank\" href=\"http:\/\/www.facebook.com\/sharer.php?u=https%3A%2F%2Flabestiadeportiva.com%2Flbd%2Ffausto-renata-y-lucas-presentes-en-san-luis-audio%2F&amp;t=Fausto%2C+Renata+y+Lucas+presentes+en+San+Luis+%28Audio%29\">\n<img src=\"https:\/\/labestiadeportiva.com\/lbd\/wp-content\/plugins\/jw-share-this\/fb.png\" alt=\"Share this page via Facebook\" \/>\n<\/a>\n<a target=\"_blank\" href=\"http:\/\/twitter.com\/intent\/tweet?text=I+like+https%3A%2F%2Flabestiadeportiva.com%2Flbd%2Ffausto-renata-y-lucas-presentes-en-san-luis-audio%2F&amp;title=Fausto%2C+Renata+y+Lucas+presentes+en+San+Luis+%28Audio%29\">\n<img src=\"https:\/\/labestiadeportiva.com\/lbd\/wp-content\/plugins\/jw-share-this\/twitter.png\" alt=\"Share this page via Twitter\" \/>\n<\/a>\n<\/div>\n","protected":false},"excerpt":{"rendered":"<p>Durante el fin de semana se realiz\u00f3 el Campeonato Nacional U20 de atletismo en tierra puntana. All\u00ed estuvieron los ushuaienses Fausto Peralta y la cumplea\u00f1era Renata Godoy, acompa\u00f1ados por el entrenador Lucas Doffo. De regreso a la provincia realizaron un peque\u00f1o an\u00e1lisis de lo sucedido en competencia. Una vez m\u00e1s \u00abReny\u00bb se subi\u00f3 a un &hellip; <a href=\"https:\/\/labestiadeportiva.com\/lbd\/fausto-renata-y-lucas-presentes-en-san-luis-audio\/\" class=\"more-link\">Seguir leyendo <span class=\"screen-reader-text\">Fausto, Renata y Lucas presentes en San Luis (Audio)<\/span> <span class=\"meta-nav\">&rarr;<\/span><\/a><\/p>\n","protected":false},"author":1,"featured_media":0,"comment_status":"open","ping_status":"open","sticky":false,"template":"","format":"standard","meta":[],"categories":[22,5,6,1],"tags":[4831,3660,1369,4765],"_links":{"self":[{"href":"https:\/\/labestiadeportiva.com\/lbd\/wp-json\/wp\/v2\/posts\/41643"}],"collection":[{"href":"https:\/\/labestiadeportiva.com\/lbd\/wp-json\/wp\/v2\/posts"}],"about":[{"href":"https:\/\/labestiadeportiva.com\/lbd\/wp-json\/wp\/v2\/types\/post"}],"author":[{"embeddable":true,"href":"https:\/\/labestiadeportiva.com\/lbd\/wp-json\/wp\/v2\/users\/1"}],"replies":[{"embeddable":true,"href":"https:\/\/labestiadeportiva.com\/lbd\/wp-json\/wp\/v2\/comments?post=41643"}],"version-history":[{"count":5,"href":"https:\/\/labestiadeportiva.com\/lbd\/wp-json\/wp\/v2\/posts\/41643\/revisions"}],"predecessor-version":[{"id":41649,"href":"https:\/\/labestiadeportiva.com\/lbd\/wp-json\/wp\/v2\/posts\/41643\/revisions\/41649"}],"wp:attachment":[{"href":"https:\/\/labestiadeportiva.com\/lbd\/wp-json\/wp\/v2\/media?parent=41643"}],"wp:term":[{"taxonomy":"category","embeddable":true,"href":"https:\/\/labestiadeportiva.com\/lbd\/wp-json\/wp\/v2\/categories?post=41643"},{"taxonomy":"post_tag","embeddable":true,"href":"https:\/\/labestiadeportiva.com\/lbd\/wp-json\/wp\/v2\/tags?post=41643"}],"curies":[{"name":"wp","href":"https:\/\/api.w.org\/{rel}","templated":true}]}}